{"id":102,"date":"2024-04-24T11:52:36","date_gmt":"2024-04-24T09:52:36","guid":{"rendered":"https:\/\/www.site.cdcl.xyz\/2024\/04\/24\/soliou-ligali-laureat-du-prix-picto-de-la-photographie-de-mode-2023\/"},"modified":"2024-04-24T11:52:36","modified_gmt":"2024-04-24T09:52:36","slug":"soliou-ligali-laureat-du-prix-picto-de-la-photographie-de-mode-2023","status":"publish","type":"post","link":"https:\/\/www.temples-de-nubie.fr\/blog\/soliou-ligali-laureat-du-prix-picto-de-la-photographie-de-mode-2023\/","title":{"rendered":"Soliou Ligali : Laur\u00e9at du Prix Picto de la Photographie de Mode 2023"},"content":{"rendered":"\n<\/p>\n<div>\n<p><span class=\"TextRun SCXW241379376 BCX0\" lang=\"FR-FR\" xml:lang=\"FR-FR\" data-contrast=\"none\"><span class=\"NormalTextRun SCXW241379376 BCX0\">Dans ma s\u00e9rie r\u00e9dig\u00e9e <\/span><\/span><span class=\"TextRun SCXW241379376 BCX0\" lang=\"FR-FR\" xml:lang=\"FR-FR\" data-contrast=\"none\"><span class=\"NormalTextRun SCXW241379376 BCX0\">Marronnage<\/span><\/span><span class=\"TextRun SCXW241379376 BCX0\" lang=\"FR-FR\" xml:lang=\"FR-FR\" data-contrast=\"none\"><span class=\"NormalTextRun SCXW241379376 BCX0\">, j&#039;ai cherch\u00e9 \u00e0 faire \u00e9cho aux rituels vaudous de mes souvenirs d&#039;enfance au B\u00e9nin, qui m&#039;ont durablement marqu\u00e9. Ces sorciers v\u00eatus d&#039;une accumulation de canap\u00e9s de v\u00eatements \u00e9taient tr\u00e8s impressionnants pour le jeune enfant que j&#039;\u00e9tais. Les travaux du photographe b\u00e9ninois <\/span><\/span><span class=\"TextRun SCXW241379376 BCX0\" lang=\"FR-FR\" xml:lang=\"FR-FR\" data-contrast=\"none\"><span class=\"NormalTextRun SpellingErrorV2Themed SCXW241379376 BCX0\">Boura\u00efma<\/span> <span class=\"NormalTextRun SpellingErrorV2Themed SCXW241379376 BCX0\">Akodji<\/span><\/span><span class=\"TextRun SCXW241379376 BCX0\" lang=\"FR-FR\" xml:lang=\"FR-FR\" data-contrast=\"none\"><span class=\"NormalTextRun SCXW241379376 BCX0\"> <\/span><span class=\"NormalTextRun SCXW241379376 BCX0\">m&#039;ont \u00e9galement inspir\u00e9. J&#039;ai par explor\u00e9 la notion du d\u00e9placement ailleurs d&#039;un territoire \u00e0 un autre, avec son h\u00e9ritage culturel, ses bagages\u2026 Cette s\u00e9rie est, en quelque sorte, l&#039;illustration de ma qu\u00eate identitaire.<\/span><\/span><span class=\"EOP SCXW241379376 BCX0\" data-ccp-props=\"{&quot;134233117&quot;:false,&quot;134233118&quot;:false,&quot;335551550&quot;:0,&quot;335551620&quot;:0,&quot;335557856&quot;:16777215,&quot;335559738&quot;:0,&quot;335559739&quot;:240}\"> <\/span><\/p>\n<h4><span style=\"color: #d72e89\"><b>Tu as obtenu le Deuxi\u00e8me Prix. Quel en fut le gain ?<\/b> <\/span><\/h4>\n<p><span data-contrast=\"none\">En remportant le Deuxi\u00e8me Prix, j&#039;ai tout d&#039;abord re\u00e7u une dotation de 500 euros. Ce prix \u00e9galement une opportunit\u00e9 exclusive de collaborer avec le 19M, un centre d&#039;excellence pour les m\u00e9tiers d&#039;art, et une journ\u00e9e de tournage offerte dans un studio renomm\u00e9 \u00e0 Paris.<\/span><\/p>\n<h4><span style=\"color: #d72e89\"><b>As-tu un nouveau projet en vue ?<\/b><\/span><\/h4>\n<p><span data-contrast=\"none\">Oui, j&#039;ai un projet passionnant en cours : il s&#039;agit d&#039;une s\u00e9rie photographique explorant les dynamiques de groupe. L&#039;id\u00e9e est de rassembler des individus qui ne se connaissent pas et, dans un environnement donn\u00e9, de capturer l&#039;essence de leurs interactions spontan\u00e9es, r\u00e9v\u00e9lant ainsi l&#039;\u00e9nergie unique qui \u00e9mane de ce rapport \u00e0 l&#039;autre.<\/span><\/p>\n<h4><span style=\"color: #d72e89\"><b>Un conseil pour les \u00e9tudiants qui aspirent \u00e0 faire de la photographie leur m\u00e9tier ?<\/b><\/span><\/h4>\n<p><span data-contrast=\"none\">Pour les \u00e9tudiants qui aspirent \u00e0 devenir photographes, je recommandeais de rester ouvert et curieux. Enrichissez-vous de la diversit\u00e9 des talents autour de vous, et continuez \u00e0 d\u00e9velopper votre culture visuelle. Vos exp\u00e9riences personnelles seront le terreau de votre cr\u00e9ativit\u00e9 et vous permettront de diversifier votre approche artistique.<\/span><span data-ccp-props=\"{&quot;134233117&quot;:false,&quot;134233118&quot;:false,&quot;335551550&quot;:0,&quot;335551620&quot;:0,&quot;335557856&quot;:16777215,&quot;335559738&quot;:0,&quot;335559739&quot;:240}\"> <\/span><\/p>\n<p><b>Merci \u00e0 Soliou pour ce pr\u00e9cieux t\u00e9moignage !<\/b><\/p>\n<\/div>\n<p> Ce paragraphe parlant du sujet \u00ab\u00a0Temples de Nubie.\u00a0\u00bb a \u00e9t\u00e9 tri\u00e9 sur le web par les r\u00e9dacteurs de temples-de-nubie.fr. temples-de-nubie.fr est blog d&rsquo;information qui conserve des nouvelles publi\u00e9es sur le net dont le sujet central est \u00ab\u00a0Temples de Nubie.\u00a0\u00bb. La chronique se veut produite du mieux possible. Dans la mesure o\u00f9 vous d\u00e9sirez pr\u00e9senter des informations suppl\u00e9mentaires \u00e0 cet article sur le sujet \u00ab\u00a0Temples de Nubie.\u00a0\u00bb vous pouvez utiliser les coordonn\u00e9es affich\u00e9es sur ce site web. Il y a de pr\u00e9vu divers travaux autour du sujet \u00ab\u00a0Temples de Nubie.\u00a0\u00bb dans les jours \u00e0 venir, on vous invite \u00e0 naviguer sur notre site web \u00e0 plusieurs reprises.<\/p>\n","protected":false},"excerpt":{"rendered":"<p>Dans ma s\u00e9rie r\u00e9dig\u00e9e Marronnage, j&#039;ai cherch\u00e9 \u00e0 faire \u00e9cho aux rituels vaudous de mes souvenirs d&#039;enfance au B\u00e9nin, qui m&#039;ont durablement marqu\u00e9. Ces sorciers v\u00eatus d&#039;une accumulation de canap\u00e9s de v\u00eatements \u00e9taient tr\u00e8s impressionnants pour le jeune enfant que j&#039;\u00e9tais. Les travaux du photographe b\u00e9ninois Boura\u00efma Akodji m&#039;ont \u00e9galement inspir\u00e9. J&#039;ai par explor\u00e9 la [&hellip;]<\/p>\n","protected":false},"author":3,"featured_media":0,"comment_status":"closed","ping_status":"closed","sticky":false,"template":"","format":"standard","meta":{"footnotes":""},"categories":[4],"tags":[],"class_list":["post-102","post","type-post","status-publish","format-standard","hentry","category-informations-theme-temples-de-nubie"],"yoast_head":"<!-- This site is optimized with the Yoast SEO plugin v27.5 - https:\/\/yoast.com\/product\/yoast-seo-wordpress\/ -->\n<title>Soliou Ligali : Laur\u00e9at du Prix Picto de la Photographie de Mode 2023 - TEMPLES-DE-NUBIE<\/title>\n<meta name=\"robots\" content=\"index, follow, max-snippet:-1, max-image-preview:large, max-video-preview:-1\" \/>\n<link rel=\"canonical\" href=\"https:\/\/www.temples-de-nubie.fr\/blog\/soliou-ligali-laureat-du-prix-picto-de-la-photographie-de-mode-2023\/\" \/>\n<meta property=\"og:locale\" content=\"fr_FR\" \/>\n<meta property=\"og:type\" content=\"article\" \/>\n<meta property=\"og:title\" content=\"Soliou Ligali : Laur\u00e9at du Prix Picto de la Photographie de Mode 2023 - TEMPLES-DE-NUBIE\" \/>\n<meta property=\"og:description\" content=\"Dans ma s\u00e9rie r\u00e9dig\u00e9e Marronnage, j&#039;ai cherch\u00e9 \u00e0 faire \u00e9cho aux rituels vaudous de mes souvenirs d&#039;enfance au B\u00e9nin, qui m&#039;ont durablement marqu\u00e9. Ces sorciers v\u00eatus d&#039;une accumulation de canap\u00e9s de v\u00eatements \u00e9taient tr\u00e8s impressionnants pour le jeune enfant que j&#039;\u00e9tais. Les travaux du photographe b\u00e9ninois Boura\u00efma Akodji m&#039;ont \u00e9galement inspir\u00e9. J&#039;ai par explor\u00e9 la [&hellip;]\" \/>\n<meta property=\"og:url\" content=\"https:\/\/www.temples-de-nubie.fr\/blog\/soliou-ligali-laureat-du-prix-picto-de-la-photographie-de-mode-2023\/\" \/>\n<meta property=\"og:site_name\" content=\"TEMPLES-DE-NUBIE\" \/>\n<meta property=\"article:published_time\" content=\"2024-04-24T09:52:36+00:00\" \/>\n<meta name=\"author\" content=\"Johana RIVET\" \/>\n<meta name=\"twitter:card\" content=\"summary_large_image\" \/>\n<meta name=\"twitter:label1\" content=\"\u00c9crit par\" \/>\n\t<meta name=\"twitter:data1\" content=\"Johana RIVET\" \/>\n\t<meta name=\"twitter:label2\" content=\"Dur\u00e9e de lecture estim\u00e9e\" \/>\n\t<meta name=\"twitter:data2\" content=\"2 minutes\" \/>\n<script type=\"application\/ld+json\" class=\"yoast-schema-graph\">{\"@context\":\"https:\\\/\\\/schema.org\",\"@graph\":[{\"@type\":\"Article\",\"@id\":\"https:\\\/\\\/www.temples-de-nubie.fr\\\/blog\\\/soliou-ligali-laureat-du-prix-picto-de-la-photographie-de-mode-2023\\\/#article\",\"isPartOf\":{\"@id\":\"https:\\\/\\\/www.temples-de-nubie.fr\\\/blog\\\/soliou-ligali-laureat-du-prix-picto-de-la-photographie-de-mode-2023\\\/\"},\"author\":{\"name\":\"Johana RIVET\",\"@id\":\"https:\\\/\\\/www.temples-de-nubie.fr\\\/blog\\\/#\\\/schema\\\/person\\\/dc169e68726228008f8559d372397a09\"},\"headline\":\"Soliou Ligali : Laur\u00e9at du Prix Picto de la Photographie de Mode 2023\",\"datePublished\":\"2024-04-24T09:52:36+00:00\",\"mainEntityOfPage\":{\"@id\":\"https:\\\/\\\/www.temples-de-nubie.fr\\\/blog\\\/soliou-ligali-laureat-du-prix-picto-de-la-photographie-de-mode-2023\\\/\"},\"wordCount\":428,\"publisher\":{\"@id\":\"https:\\\/\\\/www.temples-de-nubie.fr\\\/blog\\\/#organization\"},\"articleSection\":[\"Informations Th\u00e8me Temples De Nubie.:\"],\"inLanguage\":\"fr-FR\"},{\"@type\":\"WebPage\",\"@id\":\"https:\\\/\\\/www.temples-de-nubie.fr\\\/blog\\\/soliou-ligali-laureat-du-prix-picto-de-la-photographie-de-mode-2023\\\/\",\"url\":\"https:\\\/\\\/www.temples-de-nubie.fr\\\/blog\\\/soliou-ligali-laureat-du-prix-picto-de-la-photographie-de-mode-2023\\\/\",\"name\":\"Soliou Ligali : Laur\u00e9at du Prix Picto de la Photographie de Mode 2023 - TEMPLES-DE-NUBIE\",\"isPartOf\":{\"@id\":\"https:\\\/\\\/www.temples-de-nubie.fr\\\/blog\\\/#website\"},\"datePublished\":\"2024-04-24T09:52:36+00:00\",\"breadcrumb\":{\"@id\":\"https:\\\/\\\/www.temples-de-nubie.fr\\\/blog\\\/soliou-ligali-laureat-du-prix-picto-de-la-photographie-de-mode-2023\\\/#breadcrumb\"},\"inLanguage\":\"fr-FR\",\"potentialAction\":[{\"@type\":\"ReadAction\",\"target\":[\"https:\\\/\\\/www.temples-de-nubie.fr\\\/blog\\\/soliou-ligali-laureat-du-prix-picto-de-la-photographie-de-mode-2023\\\/\"]}]},{\"@type\":\"BreadcrumbList\",\"@id\":\"https:\\\/\\\/www.temples-de-nubie.fr\\\/blog\\\/soliou-ligali-laureat-du-prix-picto-de-la-photographie-de-mode-2023\\\/#breadcrumb\",\"itemListElement\":[{\"@type\":\"ListItem\",\"position\":1,\"name\":\"Accueil\",\"item\":\"https:\\\/\\\/www.temples-de-nubie.fr\\\/blog\\\/\"},{\"@type\":\"ListItem\",\"position\":2,\"name\":\"Soliou Ligali : Laur\u00e9at du Prix Picto de la Photographie de Mode 2023\"}]},{\"@type\":\"WebSite\",\"@id\":\"https:\\\/\\\/www.temples-de-nubie.fr\\\/blog\\\/#website\",\"url\":\"https:\\\/\\\/www.temples-de-nubie.fr\\\/blog\\\/\",\"name\":\"TEMPLES-DE-NUBIE\",\"description\":\"Temples de Nubie.; conservations ressources, \u00e0 savoir et retenir.\",\"publisher\":{\"@id\":\"https:\\\/\\\/www.temples-de-nubie.fr\\\/blog\\\/#organization\"},\"potentialAction\":[{\"@type\":\"SearchAction\",\"target\":{\"@type\":\"EntryPoint\",\"urlTemplate\":\"https:\\\/\\\/www.temples-de-nubie.fr\\\/blog\\\/?s={search_term_string}\"},\"query-input\":{\"@type\":\"PropertyValueSpecification\",\"valueRequired\":true,\"valueName\":\"search_term_string\"}}],\"inLanguage\":\"fr-FR\"},{\"@type\":\"Organization\",\"@id\":\"https:\\\/\\\/www.temples-de-nubie.fr\\\/blog\\\/#organization\",\"name\":\"temples-de-nubie\",\"url\":\"https:\\\/\\\/www.temples-de-nubie.fr\\\/blog\\\/\",\"logo\":{\"@type\":\"ImageObject\",\"inLanguage\":\"fr-FR\",\"@id\":\"https:\\\/\\\/www.temples-de-nubie.fr\\\/blog\\\/#\\\/schema\\\/logo\\\/image\\\/\",\"url\":\"https:\\\/\\\/www.temples-de-nubie.fr\\\/blog\\\/wp-content\\\/uploads\\\/2023\\\/09\\\/cropped-temple-2.jpg\",\"contentUrl\":\"https:\\\/\\\/www.temples-de-nubie.fr\\\/blog\\\/wp-content\\\/uploads\\\/2023\\\/09\\\/cropped-temple-2.jpg\",\"width\":971,\"height\":170,\"caption\":\"temples-de-nubie\"},\"image\":{\"@id\":\"https:\\\/\\\/www.temples-de-nubie.fr\\\/blog\\\/#\\\/schema\\\/logo\\\/image\\\/\"}},{\"@type\":\"Person\",\"@id\":\"https:\\\/\\\/www.temples-de-nubie.fr\\\/blog\\\/#\\\/schema\\\/person\\\/dc169e68726228008f8559d372397a09\",\"name\":\"Johana RIVET\",\"image\":{\"@type\":\"ImageObject\",\"inLanguage\":\"fr-FR\",\"@id\":\"https:\\\/\\\/secure.gravatar.com\\\/avatar\\\/4193b46a713fb7f0cc3d083cce5f3f81882137f825dedf603b244770965e799a?s=96&d=mm&r=g\",\"url\":\"https:\\\/\\\/secure.gravatar.com\\\/avatar\\\/4193b46a713fb7f0cc3d083cce5f3f81882137f825dedf603b244770965e799a?s=96&d=mm&r=g\",\"contentUrl\":\"https:\\\/\\\/secure.gravatar.com\\\/avatar\\\/4193b46a713fb7f0cc3d083cce5f3f81882137f825dedf603b244770965e799a?s=96&d=mm&r=g\",\"caption\":\"Johana RIVET\"},\"url\":\"https:\\\/\\\/www.temples-de-nubie.fr\\\/blog\\\/author\\\/biejohana\\\/\"}]}<\/script>\n<!-- \/ Yoast SEO plugin. -->","yoast_head_json":{"title":"Soliou Ligali : Laur\u00e9at du Prix Picto de la Photographie de Mode 2023 - TEMPLES-DE-NUBIE","robots":{"index":"index","follow":"follow","max-snippet":"max-snippet:-1","max-image-preview":"max-image-preview:large","max-video-preview":"max-video-preview:-1"},"canonical":"https:\/\/www.temples-de-nubie.fr\/blog\/soliou-ligali-laureat-du-prix-picto-de-la-photographie-de-mode-2023\/","og_locale":"fr_FR","og_type":"article","og_title":"Soliou Ligali : Laur\u00e9at du Prix Picto de la Photographie de Mode 2023 - TEMPLES-DE-NUBIE","og_description":"Dans ma s\u00e9rie r\u00e9dig\u00e9e Marronnage, j&#039;ai cherch\u00e9 \u00e0 faire \u00e9cho aux rituels vaudous de mes souvenirs d&#039;enfance au B\u00e9nin, qui m&#039;ont durablement marqu\u00e9. Ces sorciers v\u00eatus d&#039;une accumulation de canap\u00e9s de v\u00eatements \u00e9taient tr\u00e8s impressionnants pour le jeune enfant que j&#039;\u00e9tais. Les travaux du photographe b\u00e9ninois Boura\u00efma Akodji m&#039;ont \u00e9galement inspir\u00e9. J&#039;ai par explor\u00e9 la [&hellip;]","og_url":"https:\/\/www.temples-de-nubie.fr\/blog\/soliou-ligali-laureat-du-prix-picto-de-la-photographie-de-mode-2023\/","og_site_name":"TEMPLES-DE-NUBIE","article_published_time":"2024-04-24T09:52:36+00:00","author":"Johana RIVET","twitter_card":"summary_large_image","twitter_misc":{"\u00c9crit par":"Johana RIVET","Dur\u00e9e de lecture estim\u00e9e":"2 minutes"},"schema":{"@context":"https:\/\/schema.org","@graph":[{"@type":"Article","@id":"https:\/\/www.temples-de-nubie.fr\/blog\/soliou-ligali-laureat-du-prix-picto-de-la-photographie-de-mode-2023\/#article","isPartOf":{"@id":"https:\/\/www.temples-de-nubie.fr\/blog\/soliou-ligali-laureat-du-prix-picto-de-la-photographie-de-mode-2023\/"},"author":{"name":"Johana RIVET","@id":"https:\/\/www.temples-de-nubie.fr\/blog\/#\/schema\/person\/dc169e68726228008f8559d372397a09"},"headline":"Soliou Ligali : Laur\u00e9at du Prix Picto de la Photographie de Mode 2023","datePublished":"2024-04-24T09:52:36+00:00","mainEntityOfPage":{"@id":"https:\/\/www.temples-de-nubie.fr\/blog\/soliou-ligali-laureat-du-prix-picto-de-la-photographie-de-mode-2023\/"},"wordCount":428,"publisher":{"@id":"https:\/\/www.temples-de-nubie.fr\/blog\/#organization"},"articleSection":["Informations Th\u00e8me Temples De Nubie.:"],"inLanguage":"fr-FR"},{"@type":"WebPage","@id":"https:\/\/www.temples-de-nubie.fr\/blog\/soliou-ligali-laureat-du-prix-picto-de-la-photographie-de-mode-2023\/","url":"https:\/\/www.temples-de-nubie.fr\/blog\/soliou-ligali-laureat-du-prix-picto-de-la-photographie-de-mode-2023\/","name":"Soliou Ligali : Laur\u00e9at du Prix Picto de la Photographie de Mode 2023 - TEMPLES-DE-NUBIE","isPartOf":{"@id":"https:\/\/www.temples-de-nubie.fr\/blog\/#website"},"datePublished":"2024-04-24T09:52:36+00:00","breadcrumb":{"@id":"https:\/\/www.temples-de-nubie.fr\/blog\/soliou-ligali-laureat-du-prix-picto-de-la-photographie-de-mode-2023\/#breadcrumb"},"inLanguage":"fr-FR","potentialAction":[{"@type":"ReadAction","target":["https:\/\/www.temples-de-nubie.fr\/blog\/soliou-ligali-laureat-du-prix-picto-de-la-photographie-de-mode-2023\/"]}]},{"@type":"BreadcrumbList","@id":"https:\/\/www.temples-de-nubie.fr\/blog\/soliou-ligali-laureat-du-prix-picto-de-la-photographie-de-mode-2023\/#breadcrumb","itemListElement":[{"@type":"ListItem","position":1,"name":"Accueil","item":"https:\/\/www.temples-de-nubie.fr\/blog\/"},{"@type":"ListItem","position":2,"name":"Soliou Ligali : Laur\u00e9at du Prix Picto de la Photographie de Mode 2023"}]},{"@type":"WebSite","@id":"https:\/\/www.temples-de-nubie.fr\/blog\/#website","url":"https:\/\/www.temples-de-nubie.fr\/blog\/","name":"TEMPLES-DE-NUBIE","description":"Temples de Nubie.; conservations ressources, \u00e0 savoir et retenir.","publisher":{"@id":"https:\/\/www.temples-de-nubie.fr\/blog\/#organization"},"potentialAction":[{"@type":"SearchAction","target":{"@type":"EntryPoint","urlTemplate":"https:\/\/www.temples-de-nubie.fr\/blog\/?s={search_term_string}"},"query-input":{"@type":"PropertyValueSpecification","valueRequired":true,"valueName":"search_term_string"}}],"inLanguage":"fr-FR"},{"@type":"Organization","@id":"https:\/\/www.temples-de-nubie.fr\/blog\/#organization","name":"temples-de-nubie","url":"https:\/\/www.temples-de-nubie.fr\/blog\/","logo":{"@type":"ImageObject","inLanguage":"fr-FR","@id":"https:\/\/www.temples-de-nubie.fr\/blog\/#\/schema\/logo\/image\/","url":"https:\/\/www.temples-de-nubie.fr\/blog\/wp-content\/uploads\/2023\/09\/cropped-temple-2.jpg","contentUrl":"https:\/\/www.temples-de-nubie.fr\/blog\/wp-content\/uploads\/2023\/09\/cropped-temple-2.jpg","width":971,"height":170,"caption":"temples-de-nubie"},"image":{"@id":"https:\/\/www.temples-de-nubie.fr\/blog\/#\/schema\/logo\/image\/"}},{"@type":"Person","@id":"https:\/\/www.temples-de-nubie.fr\/blog\/#\/schema\/person\/dc169e68726228008f8559d372397a09","name":"Johana RIVET","image":{"@type":"ImageObject","inLanguage":"fr-FR","@id":"https:\/\/secure.gravatar.com\/avatar\/4193b46a713fb7f0cc3d083cce5f3f81882137f825dedf603b244770965e799a?s=96&d=mm&r=g","url":"https:\/\/secure.gravatar.com\/avatar\/4193b46a713fb7f0cc3d083cce5f3f81882137f825dedf603b244770965e799a?s=96&d=mm&r=g","contentUrl":"https:\/\/secure.gravatar.com\/avatar\/4193b46a713fb7f0cc3d083cce5f3f81882137f825dedf603b244770965e799a?s=96&d=mm&r=g","caption":"Johana RIVET"},"url":"https:\/\/www.temples-de-nubie.fr\/blog\/author\/biejohana\/"}]}},"_links":{"self":[{"href":"https:\/\/www.temples-de-nubie.fr\/blog\/wp-json\/wp\/v2\/posts\/102","targetHints":{"allow":["GET"]}}],"collection":[{"href":"https:\/\/www.temples-de-nubie.fr\/blog\/wp-json\/wp\/v2\/posts"}],"about":[{"href":"https:\/\/www.temples-de-nubie.fr\/blog\/wp-json\/wp\/v2\/types\/post"}],"author":[{"embeddable":true,"href":"https:\/\/www.temples-de-nubie.fr\/blog\/wp-json\/wp\/v2\/users\/3"}],"replies":[{"embeddable":true,"href":"https:\/\/www.temples-de-nubie.fr\/blog\/wp-json\/wp\/v2\/comments?post=102"}],"version-history":[{"count":0,"href":"https:\/\/www.temples-de-nubie.fr\/blog\/wp-json\/wp\/v2\/posts\/102\/revisions"}],"wp:attachment":[{"href":"https:\/\/www.temples-de-nubie.fr\/blog\/wp-json\/wp\/v2\/media?parent=102"}],"wp:term":[{"taxonomy":"category","embeddable":true,"href":"https:\/\/www.temples-de-nubie.fr\/blog\/wp-json\/wp\/v2\/categories?post=102"},{"taxonomy":"post_tag","embeddable":true,"href":"https:\/\/www.temples-de-nubie.fr\/blog\/wp-json\/wp\/v2\/tags?post=102"}],"curies":[{"name":"wp","href":"https:\/\/api.w.org\/{rel}","templated":true}]}}