{"id":110,"date":"2024-09-03T03:32:00","date_gmt":"2024-09-03T01:32:00","guid":{"rendered":"https:\/\/www.site.cdcl.xyz\/2024\/09\/03\/le-pretre-assure-que-le-plus-important-a-ete-sauve\/"},"modified":"2024-09-03T03:32:00","modified_gmt":"2024-09-03T01:32:00","slug":"le-pretre-assure-que-le-plus-important-a-ete-sauve","status":"publish","type":"post","link":"https:\/\/www.temples-de-nubie.fr\/blog\/le-pretre-assure-que-le-plus-important-a-ete-sauve\/","title":{"rendered":"le pr\u00eatre assure que \u00ab\u00a0le plus important\u00a0\u00bb a \u00e9t\u00e9 sauv\u00e9"},"content":{"rendered":"\n<div>\n<p>Des \u0153uvres et objets de l&rsquo;\u00e9glise ont commenc\u00e9 \u00e0 \u00eatre \u00e9vacu\u00e9s. Les pompiers restent mobilis\u00e9s sur place ce mardi 3 septembre en raison de poutres qui continuent de se consumer dans l&rsquo;\u00e9glise.<\/p>\n<p>Au lendemain du violent incendie qui a touch\u00e9 l&rsquo;\u00e9glise de l&rsquo;Immacul\u00e9e-Conception \u00e0 Saint-Omer ce lundi 2 septembre, l&rsquo;heure est \u00e0 un premier bilan des d\u00e9g\u00e2ts. La toiture de l&rsquo;\u00e9glise a \u00e9t\u00e9 enti\u00e8rement ravag\u00e9e lors de l&rsquo;incendie. La vo\u00fbte et le clocher se sont \u00e9galement effondr\u00e9s. Mais \u00ab&nbsp;on a pu sauver le plus important, le tabernacle, les saintes hosties&nbsp;\u00bb, pr\u00e9cise le p\u00e8re S\u00e9bastien Roussel au micro de BFMTV.<\/p>\n<p>\u00ab&nbsp;Et on a commenc\u00e9 \u00e0 \u00e9vacuer quelques \u0153uvres, des statues, la sainte statue de la Vierge qui est au centre, sur laquelle on prie tr\u00e8s r\u00e9guli\u00e8rement. Et puis les statues les plus proches, notamment un reliquaire de Saint Corneille. Dans une deuxi\u00e8me vague , on \u00e9vacuera le reste, notamment tout le chemin de croix, qui a \u00e9t\u00e9 restaur\u00e9 pour 2018.&nbsp;\u00bb<\/p>\n<h2 class=\"subheading\" id=\"2u9kv\">Un suspect en garde \u00e0 vue<\/h2>\n<p>Une enqu\u00eate a \u00e9t\u00e9 ouverte pour d\u00e9terminer la cause exacte de l&rsquo;incendie, alors m\u00eame que l&rsquo;\u00e9difice avait notamment d&rsquo;une restauration comprenant ses installations \u00e9lectriques en 2018.<\/p>\n<p>Pour le pr\u00eatre de la paroisse, aucun appareil \u00e9lectrique de l&rsquo;\u00e9glise n&rsquo;a pu \u00eatre \u00e0 l&rsquo;origine de l&rsquo;incendie. \u00ab&nbsp;Pas de cafeti\u00e8re, pas de frigo, pas de bougie allum\u00e9e. On m&rsquo;a m\u00eame pos\u00e9 la question si j&rsquo;avais laiss\u00e9 de l&rsquo;encens, puisqu&rsquo;on avait c\u00e9l\u00e9br\u00e9 la messe dimanche&nbsp;\u00bb, explique le p\u00e8re S\u00e9bastien Roussel au micro de BFMTV, ajoutant que les seuls \u00e9l\u00e9ments qui pourraient faire l&rsquo;objet d&rsquo;un int\u00e9r\u00eat particulier sont \u00ab&nbsp;les interrupteurs ou les panneaux de lancement des cloches&nbsp;\u00bb.<\/p>\n<p>Ce mardi 3 septembre, le parquet de Saint-Omer indique \u00e0 l&rsquo;AFP qu&rsquo;une personne a \u00e9t\u00e9 plac\u00e9e en garde \u00e0 vue la veille dans le cadre de l&rsquo;enqu\u00eate. L&rsquo;homme, n\u00e9 en 1985, est connu pour des \u00ab&nbsp;ant\u00e9c\u00e9dents nombreux&nbsp;\u00bb, notamment \u00ab&nbsp;des faits similaires de destruction par incendie&nbsp;\u00bb.<\/p>\n<p>\u00c0 ce stade, l\u2019enqu\u00eate a toutefois uniquement pu d\u00e9terminer le point de d\u00e9part du feu au sein de l\u2019\u00e9glise. \u00ab&nbsp;Le feu \u00e0 pris dans la sacristie, tout au fond de l&rsquo;\u00e9glise, \u00e0 la droite du ch\u0153ur. Le premier point de d\u00e9part \u00e9tait l\u00e0&nbsp;\u00bb, d\u00e9taille le pr\u00eatre.<\/p>\n<h2 class=\"subheading\" id=\"dq0b9\">Une messe c\u00e9l\u00e9br\u00e9e mercredi<\/h2>\n<p>L&rsquo;\u00e9motion a \u00e9t\u00e9 vive dans la commune du Pas-de-Calais apr\u00e8s l&rsquo;incendie. De nombreux habitants ont un attachement particulier \u00e0 l&rsquo;\u00e9difice et y gardent des souvenirs importants, \u00ab&nbsp;pour un mariage, un bapt\u00eame, un enterrement&nbsp;\u00bb, a d\u00e9clar\u00e9 le pr\u00eatre lundi.<\/p>\n<p>Ce mardi, les pompiers restent mobilis\u00e9s sur place et pompent de l&rsquo;eau du canal car des poutres continuent de se consumer au sein de l&rsquo;\u00e9glise, notamment au-dessus des vitraux \u00e0 l&rsquo;arri\u00e8re de l&rsquo;\u00e9difice.<\/p>\n<p>L&rsquo;\u00e9v\u00eaque de Saint-Omer avait quant \u00e0 lui exprim\u00e9 son soutien aux habitants et aux paroissiens apr\u00e8s l&rsquo;incendie de l&rsquo;\u00e9glise. Une messe doit \u00e9galement \u00eatre c\u00e9l\u00e9br\u00e9e \u00e0 9h15 ce mercredi dans la basilique Notre-Dame-des-Miracles de Saint-Omer.<\/p>\n<div class=\"block_signature_parent\" id=\"block_signature_parent\">\n<div class=\"block_signature signature_marque\">\n<p><span class=\"author_name\">C\u00e9dric Faiche avec Laur\u00e8ne Rocheteau<\/span><\/p>\n<\/div>\n<\/div>\n<\/div>\n<p> Ce paragraphe parlant du sujet \u00ab\u00a0Temples de Nubie.\u00a0\u00bb a \u00e9t\u00e9 tri\u00e9 sur le web par les r\u00e9dacteurs de temples-de-nubie.fr. temples-de-nubie.fr est blog d&rsquo;information qui conserve des nouvelles publi\u00e9es sur le net dont le sujet central est \u00ab\u00a0Temples de Nubie.\u00a0\u00bb. La chronique se veut produite du mieux possible. Dans la mesure o\u00f9 vous d\u00e9sirez pr\u00e9senter des informations suppl\u00e9mentaires \u00e0 cet article sur le sujet \u00ab\u00a0Temples de Nubie.\u00a0\u00bb vous pouvez utiliser les coordonn\u00e9es affich\u00e9es sur ce site web. Il y a de pr\u00e9vu divers travaux autour du sujet \u00ab\u00a0Temples de Nubie.\u00a0\u00bb dans les jours \u00e0 venir, on vous invite \u00e0 naviguer sur notre site web \u00e0 plusieurs reprises.<\/p>\n","protected":false},"excerpt":{"rendered":"<p>Des \u0153uvres et objets de l&rsquo;\u00e9glise ont commenc\u00e9 \u00e0 \u00eatre \u00e9vacu\u00e9s. Les pompiers restent mobilis\u00e9s sur place ce mardi 3 septembre en raison de poutres qui continuent de se consumer dans l&rsquo;\u00e9glise. Au lendemain du violent incendie qui a touch\u00e9 l&rsquo;\u00e9glise de l&rsquo;Immacul\u00e9e-Conception \u00e0 Saint-Omer ce lundi 2 septembre, l&rsquo;heure est \u00e0 un premier bilan [&hellip;]<\/p>\n","protected":false},"author":3,"featured_media":0,"comment_status":"closed","ping_status":"closed","sticky":false,"template":"","format":"standard","meta":{"footnotes":""},"categories":[4],"tags":[],"class_list":["post-110","post","type-post","status-publish","format-standard","hentry","category-informations-theme-temples-de-nubie"],"yoast_head":"<!-- This site is optimized with the Yoast SEO plugin v27.5 - https:\/\/yoast.com\/product\/yoast-seo-wordpress\/ -->\n<title>le pr\u00eatre assure que \u00ab\u00a0le plus important\u00a0\u00bb a \u00e9t\u00e9 sauv\u00e9 - TEMPLES-DE-NUBIE<\/title>\n<meta name=\"robots\" content=\"index, follow, max-snippet:-1, max-image-preview:large, max-video-preview:-1\" \/>\n<link rel=\"canonical\" href=\"https:\/\/www.temples-de-nubie.fr\/blog\/le-pretre-assure-que-le-plus-important-a-ete-sauve\/\" \/>\n<meta property=\"og:locale\" content=\"fr_FR\" \/>\n<meta property=\"og:type\" content=\"article\" \/>\n<meta property=\"og:title\" content=\"le pr\u00eatre assure que \u00ab\u00a0le plus important\u00a0\u00bb a \u00e9t\u00e9 sauv\u00e9 - TEMPLES-DE-NUBIE\" \/>\n<meta property=\"og:description\" content=\"Des \u0153uvres et objets de l&rsquo;\u00e9glise ont commenc\u00e9 \u00e0 \u00eatre \u00e9vacu\u00e9s. Les pompiers restent mobilis\u00e9s sur place ce mardi 3 septembre en raison de poutres qui continuent de se consumer dans l&rsquo;\u00e9glise. Au lendemain du violent incendie qui a touch\u00e9 l&rsquo;\u00e9glise de l&rsquo;Immacul\u00e9e-Conception \u00e0 Saint-Omer ce lundi 2 septembre, l&rsquo;heure est \u00e0 un premier bilan [&hellip;]\" \/>\n<meta property=\"og:url\" content=\"https:\/\/www.temples-de-nubie.fr\/blog\/le-pretre-assure-que-le-plus-important-a-ete-sauve\/\" \/>\n<meta property=\"og:site_name\" content=\"TEMPLES-DE-NUBIE\" \/>\n<meta property=\"article:published_time\" content=\"2024-09-03T01:32:00+00:00\" \/>\n<meta name=\"author\" content=\"Johana RIVET\" \/>\n<meta name=\"twitter:card\" content=\"summary_large_image\" \/>\n<meta name=\"twitter:label1\" content=\"\u00c9crit par\" \/>\n\t<meta name=\"twitter:data1\" content=\"Johana RIVET\" \/>\n\t<meta name=\"twitter:label2\" content=\"Dur\u00e9e de lecture estim\u00e9e\" \/>\n\t<meta name=\"twitter:data2\" content=\"3 minutes\" \/>\n<script type=\"application\/ld+json\" class=\"yoast-schema-graph\">{\"@context\":\"https:\\\/\\\/schema.org\",\"@graph\":[{\"@type\":\"Article\",\"@id\":\"https:\\\/\\\/www.temples-de-nubie.fr\\\/blog\\\/le-pretre-assure-que-le-plus-important-a-ete-sauve\\\/#article\",\"isPartOf\":{\"@id\":\"https:\\\/\\\/www.temples-de-nubie.fr\\\/blog\\\/le-pretre-assure-que-le-plus-important-a-ete-sauve\\\/\"},\"author\":{\"name\":\"Johana RIVET\",\"@id\":\"https:\\\/\\\/www.temples-de-nubie.fr\\\/blog\\\/#\\\/schema\\\/person\\\/dc169e68726228008f8559d372397a09\"},\"headline\":\"le pr\u00eatre assure que \u00ab\u00a0le plus important\u00a0\u00bb a \u00e9t\u00e9 sauv\u00e9\",\"datePublished\":\"2024-09-03T01:32:00+00:00\",\"mainEntityOfPage\":{\"@id\":\"https:\\\/\\\/www.temples-de-nubie.fr\\\/blog\\\/le-pretre-assure-que-le-plus-important-a-ete-sauve\\\/\"},\"wordCount\":685,\"publisher\":{\"@id\":\"https:\\\/\\\/www.temples-de-nubie.fr\\\/blog\\\/#organization\"},\"articleSection\":[\"Informations Th\u00e8me Temples De Nubie.:\"],\"inLanguage\":\"fr-FR\"},{\"@type\":\"WebPage\",\"@id\":\"https:\\\/\\\/www.temples-de-nubie.fr\\\/blog\\\/le-pretre-assure-que-le-plus-important-a-ete-sauve\\\/\",\"url\":\"https:\\\/\\\/www.temples-de-nubie.fr\\\/blog\\\/le-pretre-assure-que-le-plus-important-a-ete-sauve\\\/\",\"name\":\"le pr\u00eatre assure que \u00ab\u00a0le plus important\u00a0\u00bb a \u00e9t\u00e9 sauv\u00e9 - TEMPLES-DE-NUBIE\",\"isPartOf\":{\"@id\":\"https:\\\/\\\/www.temples-de-nubie.fr\\\/blog\\\/#website\"},\"datePublished\":\"2024-09-03T01:32:00+00:00\",\"breadcrumb\":{\"@id\":\"https:\\\/\\\/www.temples-de-nubie.fr\\\/blog\\\/le-pretre-assure-que-le-plus-important-a-ete-sauve\\\/#breadcrumb\"},\"inLanguage\":\"fr-FR\",\"potentialAction\":[{\"@type\":\"ReadAction\",\"target\":[\"https:\\\/\\\/www.temples-de-nubie.fr\\\/blog\\\/le-pretre-assure-que-le-plus-important-a-ete-sauve\\\/\"]}]},{\"@type\":\"BreadcrumbList\",\"@id\":\"https:\\\/\\\/www.temples-de-nubie.fr\\\/blog\\\/le-pretre-assure-que-le-plus-important-a-ete-sauve\\\/#breadcrumb\",\"itemListElement\":[{\"@type\":\"ListItem\",\"position\":1,\"name\":\"Accueil\",\"item\":\"https:\\\/\\\/www.temples-de-nubie.fr\\\/blog\\\/\"},{\"@type\":\"ListItem\",\"position\":2,\"name\":\"le pr\u00eatre assure que \u00ab\u00a0le plus important\u00a0\u00bb a \u00e9t\u00e9 sauv\u00e9\"}]},{\"@type\":\"WebSite\",\"@id\":\"https:\\\/\\\/www.temples-de-nubie.fr\\\/blog\\\/#website\",\"url\":\"https:\\\/\\\/www.temples-de-nubie.fr\\\/blog\\\/\",\"name\":\"TEMPLES-DE-NUBIE\",\"description\":\"Temples de Nubie.; conservations ressources, \u00e0 savoir et retenir.\",\"publisher\":{\"@id\":\"https:\\\/\\\/www.temples-de-nubie.fr\\\/blog\\\/#organization\"},\"potentialAction\":[{\"@type\":\"SearchAction\",\"target\":{\"@type\":\"EntryPoint\",\"urlTemplate\":\"https:\\\/\\\/www.temples-de-nubie.fr\\\/blog\\\/?s={search_term_string}\"},\"query-input\":{\"@type\":\"PropertyValueSpecification\",\"valueRequired\":true,\"valueName\":\"search_term_string\"}}],\"inLanguage\":\"fr-FR\"},{\"@type\":\"Organization\",\"@id\":\"https:\\\/\\\/www.temples-de-nubie.fr\\\/blog\\\/#organization\",\"name\":\"temples-de-nubie\",\"url\":\"https:\\\/\\\/www.temples-de-nubie.fr\\\/blog\\\/\",\"logo\":{\"@type\":\"ImageObject\",\"inLanguage\":\"fr-FR\",\"@id\":\"https:\\\/\\\/www.temples-de-nubie.fr\\\/blog\\\/#\\\/schema\\\/logo\\\/image\\\/\",\"url\":\"https:\\\/\\\/www.temples-de-nubie.fr\\\/blog\\\/wp-content\\\/uploads\\\/2023\\\/09\\\/cropped-temple-2.jpg\",\"contentUrl\":\"https:\\\/\\\/www.temples-de-nubie.fr\\\/blog\\\/wp-content\\\/uploads\\\/2023\\\/09\\\/cropped-temple-2.jpg\",\"width\":971,\"height\":170,\"caption\":\"temples-de-nubie\"},\"image\":{\"@id\":\"https:\\\/\\\/www.temples-de-nubie.fr\\\/blog\\\/#\\\/schema\\\/logo\\\/image\\\/\"}},{\"@type\":\"Person\",\"@id\":\"https:\\\/\\\/www.temples-de-nubie.fr\\\/blog\\\/#\\\/schema\\\/person\\\/dc169e68726228008f8559d372397a09\",\"name\":\"Johana RIVET\",\"image\":{\"@type\":\"ImageObject\",\"inLanguage\":\"fr-FR\",\"@id\":\"https:\\\/\\\/secure.gravatar.com\\\/avatar\\\/4193b46a713fb7f0cc3d083cce5f3f81882137f825dedf603b244770965e799a?s=96&d=mm&r=g\",\"url\":\"https:\\\/\\\/secure.gravatar.com\\\/avatar\\\/4193b46a713fb7f0cc3d083cce5f3f81882137f825dedf603b244770965e799a?s=96&d=mm&r=g\",\"contentUrl\":\"https:\\\/\\\/secure.gravatar.com\\\/avatar\\\/4193b46a713fb7f0cc3d083cce5f3f81882137f825dedf603b244770965e799a?s=96&d=mm&r=g\",\"caption\":\"Johana RIVET\"},\"url\":\"https:\\\/\\\/www.temples-de-nubie.fr\\\/blog\\\/author\\\/biejohana\\\/\"}]}<\/script>\n<!-- \/ Yoast SEO plugin. -->","yoast_head_json":{"title":"le pr\u00eatre assure que \u00ab\u00a0le plus important\u00a0\u00bb a \u00e9t\u00e9 sauv\u00e9 - TEMPLES-DE-NUBIE","robots":{"index":"index","follow":"follow","max-snippet":"max-snippet:-1","max-image-preview":"max-image-preview:large","max-video-preview":"max-video-preview:-1"},"canonical":"https:\/\/www.temples-de-nubie.fr\/blog\/le-pretre-assure-que-le-plus-important-a-ete-sauve\/","og_locale":"fr_FR","og_type":"article","og_title":"le pr\u00eatre assure que \u00ab\u00a0le plus important\u00a0\u00bb a \u00e9t\u00e9 sauv\u00e9 - TEMPLES-DE-NUBIE","og_description":"Des \u0153uvres et objets de l&rsquo;\u00e9glise ont commenc\u00e9 \u00e0 \u00eatre \u00e9vacu\u00e9s. Les pompiers restent mobilis\u00e9s sur place ce mardi 3 septembre en raison de poutres qui continuent de se consumer dans l&rsquo;\u00e9glise. Au lendemain du violent incendie qui a touch\u00e9 l&rsquo;\u00e9glise de l&rsquo;Immacul\u00e9e-Conception \u00e0 Saint-Omer ce lundi 2 septembre, l&rsquo;heure est \u00e0 un premier bilan [&hellip;]","og_url":"https:\/\/www.temples-de-nubie.fr\/blog\/le-pretre-assure-que-le-plus-important-a-ete-sauve\/","og_site_name":"TEMPLES-DE-NUBIE","article_published_time":"2024-09-03T01:32:00+00:00","author":"Johana RIVET","twitter_card":"summary_large_image","twitter_misc":{"\u00c9crit par":"Johana RIVET","Dur\u00e9e de lecture estim\u00e9e":"3 minutes"},"schema":{"@context":"https:\/\/schema.org","@graph":[{"@type":"Article","@id":"https:\/\/www.temples-de-nubie.fr\/blog\/le-pretre-assure-que-le-plus-important-a-ete-sauve\/#article","isPartOf":{"@id":"https:\/\/www.temples-de-nubie.fr\/blog\/le-pretre-assure-que-le-plus-important-a-ete-sauve\/"},"author":{"name":"Johana RIVET","@id":"https:\/\/www.temples-de-nubie.fr\/blog\/#\/schema\/person\/dc169e68726228008f8559d372397a09"},"headline":"le pr\u00eatre assure que \u00ab\u00a0le plus important\u00a0\u00bb a \u00e9t\u00e9 sauv\u00e9","datePublished":"2024-09-03T01:32:00+00:00","mainEntityOfPage":{"@id":"https:\/\/www.temples-de-nubie.fr\/blog\/le-pretre-assure-que-le-plus-important-a-ete-sauve\/"},"wordCount":685,"publisher":{"@id":"https:\/\/www.temples-de-nubie.fr\/blog\/#organization"},"articleSection":["Informations Th\u00e8me Temples De Nubie.:"],"inLanguage":"fr-FR"},{"@type":"WebPage","@id":"https:\/\/www.temples-de-nubie.fr\/blog\/le-pretre-assure-que-le-plus-important-a-ete-sauve\/","url":"https:\/\/www.temples-de-nubie.fr\/blog\/le-pretre-assure-que-le-plus-important-a-ete-sauve\/","name":"le pr\u00eatre assure que \u00ab\u00a0le plus important\u00a0\u00bb a \u00e9t\u00e9 sauv\u00e9 - TEMPLES-DE-NUBIE","isPartOf":{"@id":"https:\/\/www.temples-de-nubie.fr\/blog\/#website"},"datePublished":"2024-09-03T01:32:00+00:00","breadcrumb":{"@id":"https:\/\/www.temples-de-nubie.fr\/blog\/le-pretre-assure-que-le-plus-important-a-ete-sauve\/#breadcrumb"},"inLanguage":"fr-FR","potentialAction":[{"@type":"ReadAction","target":["https:\/\/www.temples-de-nubie.fr\/blog\/le-pretre-assure-que-le-plus-important-a-ete-sauve\/"]}]},{"@type":"BreadcrumbList","@id":"https:\/\/www.temples-de-nubie.fr\/blog\/le-pretre-assure-que-le-plus-important-a-ete-sauve\/#breadcrumb","itemListElement":[{"@type":"ListItem","position":1,"name":"Accueil","item":"https:\/\/www.temples-de-nubie.fr\/blog\/"},{"@type":"ListItem","position":2,"name":"le pr\u00eatre assure que \u00ab\u00a0le plus important\u00a0\u00bb a \u00e9t\u00e9 sauv\u00e9"}]},{"@type":"WebSite","@id":"https:\/\/www.temples-de-nubie.fr\/blog\/#website","url":"https:\/\/www.temples-de-nubie.fr\/blog\/","name":"TEMPLES-DE-NUBIE","description":"Temples de Nubie.; conservations ressources, \u00e0 savoir et retenir.","publisher":{"@id":"https:\/\/www.temples-de-nubie.fr\/blog\/#organization"},"potentialAction":[{"@type":"SearchAction","target":{"@type":"EntryPoint","urlTemplate":"https:\/\/www.temples-de-nubie.fr\/blog\/?s={search_term_string}"},"query-input":{"@type":"PropertyValueSpecification","valueRequired":true,"valueName":"search_term_string"}}],"inLanguage":"fr-FR"},{"@type":"Organization","@id":"https:\/\/www.temples-de-nubie.fr\/blog\/#organization","name":"temples-de-nubie","url":"https:\/\/www.temples-de-nubie.fr\/blog\/","logo":{"@type":"ImageObject","inLanguage":"fr-FR","@id":"https:\/\/www.temples-de-nubie.fr\/blog\/#\/schema\/logo\/image\/","url":"https:\/\/www.temples-de-nubie.fr\/blog\/wp-content\/uploads\/2023\/09\/cropped-temple-2.jpg","contentUrl":"https:\/\/www.temples-de-nubie.fr\/blog\/wp-content\/uploads\/2023\/09\/cropped-temple-2.jpg","width":971,"height":170,"caption":"temples-de-nubie"},"image":{"@id":"https:\/\/www.temples-de-nubie.fr\/blog\/#\/schema\/logo\/image\/"}},{"@type":"Person","@id":"https:\/\/www.temples-de-nubie.fr\/blog\/#\/schema\/person\/dc169e68726228008f8559d372397a09","name":"Johana RIVET","image":{"@type":"ImageObject","inLanguage":"fr-FR","@id":"https:\/\/secure.gravatar.com\/avatar\/4193b46a713fb7f0cc3d083cce5f3f81882137f825dedf603b244770965e799a?s=96&d=mm&r=g","url":"https:\/\/secure.gravatar.com\/avatar\/4193b46a713fb7f0cc3d083cce5f3f81882137f825dedf603b244770965e799a?s=96&d=mm&r=g","contentUrl":"https:\/\/secure.gravatar.com\/avatar\/4193b46a713fb7f0cc3d083cce5f3f81882137f825dedf603b244770965e799a?s=96&d=mm&r=g","caption":"Johana RIVET"},"url":"https:\/\/www.temples-de-nubie.fr\/blog\/author\/biejohana\/"}]}},"_links":{"self":[{"href":"https:\/\/www.temples-de-nubie.fr\/blog\/wp-json\/wp\/v2\/posts\/110","targetHints":{"allow":["GET"]}}],"collection":[{"href":"https:\/\/www.temples-de-nubie.fr\/blog\/wp-json\/wp\/v2\/posts"}],"about":[{"href":"https:\/\/www.temples-de-nubie.fr\/blog\/wp-json\/wp\/v2\/types\/post"}],"author":[{"embeddable":true,"href":"https:\/\/www.temples-de-nubie.fr\/blog\/wp-json\/wp\/v2\/users\/3"}],"replies":[{"embeddable":true,"href":"https:\/\/www.temples-de-nubie.fr\/blog\/wp-json\/wp\/v2\/comments?post=110"}],"version-history":[{"count":0,"href":"https:\/\/www.temples-de-nubie.fr\/blog\/wp-json\/wp\/v2\/posts\/110\/revisions"}],"wp:attachment":[{"href":"https:\/\/www.temples-de-nubie.fr\/blog\/wp-json\/wp\/v2\/media?parent=110"}],"wp:term":[{"taxonomy":"category","embeddable":true,"href":"https:\/\/www.temples-de-nubie.fr\/blog\/wp-json\/wp\/v2\/categories?post=110"},{"taxonomy":"post_tag","embeddable":true,"href":"https:\/\/www.temples-de-nubie.fr\/blog\/wp-json\/wp\/v2\/tags?post=110"}],"curies":[{"name":"wp","href":"https:\/\/api.w.org\/{rel}","templated":true}]}}