{"id":124,"date":"2024-10-21T00:38:00","date_gmt":"2024-10-20T22:38:00","guid":{"rendered":"https:\/\/www.site.cdcl.xyz\/2024\/10\/20\/apres-un-siecle-sans-dome-la-renaissance-de-leglise-saint-georges-en-turquie\/"},"modified":"2024-10-21T00:38:00","modified_gmt":"2024-10-20T22:38:00","slug":"apres-un-siecle-sans-dome-la-renaissance-de-leglise-saint-georges-en-turquie","status":"publish","type":"post","link":"https:\/\/www.temples-de-nubie.fr\/blog\/apres-un-siecle-sans-dome-la-renaissance-de-leglise-saint-georges-en-turquie\/","title":{"rendered":"Apr\u00e8s un si\u00e8cle sans d\u00f4me, la renaissance de l&rsquo;\u00e9glise Saint-Georges en Turquie"},"content":{"rendered":"\n<div data-poool=\"80\" data-poool-mode=\"hide\">\n<p><em>La pr\u00e9servation du patrimoine architectural est un enjeu crucial, particuli\u00e8rement dans les r\u00e9gions touch\u00e9es par des catastrophes naturelles. L&rsquo;\u00e9glise Saint-Georges, situ\u00e9e \u00e0 Diyarbak\u0131r, illustre parfaitement ce d\u00e9fi. Vieille de 1 600 ans, cette \u00e9glise a travers\u00e9 les \u00e9poques, subissant des transformations et des r\u00e9utilisations vari\u00e9es, notamment sous l&rsquo;Empire romain et ottoman. Les s\u00e9ismes de Kahramanmara\u015f en 2023 ont gravement endommag\u00e9 le b\u00e2timent, soulignant la n\u00e9cessit\u00e9 d&rsquo;une intervention urgente. <\/em><\/p>\n<p><em>Le minist\u00e8re turc de la Culture et du Tourisme, en collaboration avec la Direction g\u00e9n\u00e9rale du patrimoine culturel, a lanc\u00e9 un vaste projet de restauration, incluant la r\u00e9installation de son d\u00f4me, disparu depuis pr\u00e8s d&rsquo;un si\u00e8cle. Ce chantier a mis en lumi\u00e8re l&rsquo;importance de prot\u00e9ger les \u00e9difices historiques tout en int\u00e9grant des techniques modernes pour garantir leur conservation \u00e0 long terme.<\/em><\/p>\n<h2>Saint-Georges, une \u00e9glise au c\u0153ur de l&rsquo;histoire<\/h2>\n<p>L&rsquo;\u00e9glise Saint-Georges, \u00e9rig\u00e9e au IIIe si\u00e8cle sous l&rsquo;Empire romain, a d&rsquo;abord servi de lieu de culte administratif, refl\u00e9tant l&rsquo;importance religieuse et politique de l&rsquo;\u00e9poque. En tant que structure imposante au c\u0153ur de la r\u00e9gion d&rsquo;\u0130\u00e7kale \u00e0 Diyarbak\u0131r, elle a travers\u00e9 de nombreuses p\u00e9riodes historiques. Elle peut t\u00e9moigner des changements successifs de pouvoir.<\/p>\n<p>Les Artuqides, dynastie turque m\u00e9di\u00e9vale, ont transform\u00e9 une partie de l&rsquo;\u00e9glise Saint-Georges en bain public, refl\u00e9tant ainsi les pratiques sociales et culturelles de l&rsquo;\u00e9poque. Les hammams, essentiels dans la vie quotidienne m\u00e9di\u00e9vale, servaient \u00e0 la fois pour l&rsquo;hygi\u00e8ne et comme lieux de rencontre. Cette adaptation montre comment les autorit\u00e9s ont utilis\u00e9 les \u00e9difices religieux \u00e0 des fins pratiques. Plus tard, les Ottomans ont converti l&rsquo;\u00e9glise en d\u00e9p\u00f4t militaire, renfor\u00e7ant son r\u00f4le strat\u00e9gique. En la r\u00e9affectant ainsi, ils ont soulign\u00e9 l&rsquo;importance fonctionnelle de l&rsquo;\u00e9difice, r\u00e9pondant aux besoins logistiques de l&rsquo;\u00e9poque tout en pr\u00e9servant sa valeur structurelle pour des fins d\u00e9fensives.<\/p>\n<p>Ces adaptations, bien que cruciales pour la pr\u00e9servation de l&rsquo;\u00e9difice, ont \u00e9galement contribu\u00e9 \u00e0 son usure. Une intervention de restauration devrait \u00eatre n\u00e9cessaire.<\/p>\n<p>L&rsquo;aspect le plus significatif de ce projet de restauration reste la r\u00e9installation du d\u00f4me, efffondr\u00e9 au d\u00e9but du XXe si\u00e8cle. Historiquement, l&rsquo;\u00e9glise se trouvait couronn\u00e9e d&rsquo;un d\u00f4me, visible jusqu&rsquo;en 1900. Cependant, apr\u00e8s sa d\u00e9molition, on installa un toit octogonal en bois, en remplacement temporaire. Mais ce toit n&rsquo;a pas r\u00e9sist\u00e9 aux conditions m\u00e9t\u00e9orologiques. Il se d\u00e9t\u00e9riora gravement au cours des d\u00e9cennies suivantes, jusqu&rsquo;\u00e0 laisser l&rsquo;\u00e9glise compl\u00e8tement expos\u00e9e aux \u00e9l\u00e9ments naturels. Cette situation a aggrav\u00e9 la d\u00e9gradation du b\u00e2timent, justifiant d&rsquo;importants travaux pour restaurer l&rsquo;\u00e9glise \u00e0 son \u00e9tat d&rsquo;origine.<\/p>\n<h2>Un d\u00e9fi architectural et technique<\/h2>\n<p>Cemil Ko\u00e7, directeur du D\u00e9partement des monuments et de la surveillance de Diyarbak\u0131r, a soulign\u00e9 les d\u00e9fis techniques rencontr\u00e9s lors de la reconstruction du d\u00f4me de l&rsquo;\u00e9glise Saint-Georges. \u00ab <em>Nous avons con\u00e7u une structure en bois, recouverte d&rsquo;un mat\u00e9riau en polycarbonate transparent, d&rsquo;un p\u00e9rim\u00e8tre de 40 m\u00e8tres et d&rsquo;un diam\u00e8tre de 14 m\u00e8tres. <\/em>\u00bb, at-il expliqu\u00e9 dans un article <em>Actualit\u00e9s quotidiennes Hurriyet<\/em>.<\/p>\n<p>Ce choix de mat\u00e9riaux se voyait dict\u00e9 par le besoin de concilier pr\u00e9servation historique et innovation moderne. En effet, le polycarbonate transparent permet de prot\u00e9ger l&rsquo;int\u00e9rieur du b\u00e2timent contre les intemp\u00e9ries, notamment la pluie et la neige. Mais il permet de conserver une vue d\u00e9gag\u00e9e vers le ciel. Un \u00e9l\u00e9ment important de l&rsquo;esth\u00e9tique originelle de l&rsquo;\u00e9glise. Ko\u00e7 a pr\u00e9cis\u00e9 que l&rsquo;objectif principal restait de \u00ab <em>pr\u00e9server la connexion visuelle avec le ciel<\/em> \u00bb. Il offre ainsi une exp\u00e9rience visuelle fid\u00e8le \u00e0 l&rsquo;histoire du lieu, tout en assurant une protection durable.<\/p>\n<div id=\"attachment_181642\" class=\"wp-caption alignnone\">\n<div class=\"wrap-img\" id=\"wrap-img-181642\"><img decoding=\"async\" aria-describedby=\"caption-attachment-181642\" class=\"wp-image-181642 img-responsive size-full\" src=\"https:\/\/www.temples-de-nubie.fr\/blog\/wp-content\/uploads\/2024\/10\/apres-un-siecle-sans-dome-la-renaissance-de-leglise-saint-georges-en-turquie.jpg\" alt=\"Apres-un-siecle-sans-dome-la-renaissance-de-l39eglise-Saint-Georges\" width=\"440\" height=\"587\"><\/div>\n<p id=\"caption-attachment-181642\" class=\"wp-caption-text\">Vue de la chambre ouest du b\u00e2timent en 2021. \u00a9 CC BY-SA 4.0<\/p>\n<\/div>\n<p>La r\u00e9installation du d\u00f4me a marqu\u00e9 un tournant d\u00e9cisif dans le projet de restauration. Selon Ko\u00e7, ce nouvel \u00e9l\u00e9ment a, d&rsquo;une partie, r\u00e9tablit l&rsquo;apparence historique du b\u00e2timent. D&rsquo;autre part, il a \u00e9galement facilit\u00e9 les travaux de r\u00e9habilitation en cours. \u00ab <em>Le d\u00f4me est con\u00e7u pour maintenir la chaleur \u00e0 l&rsquo;int\u00e9rieur du b\u00e2timent, ce qui facilite la progression des autres op\u00e9rations de restauration<\/em> \u00bb, a-t-il indiqu\u00e9.<\/p>\n<p>En effet, gr\u00e2ce \u00e0 cette couverture, les travaux sur les menuiseries en bois, ainsi que les am\u00e9liorations du syst\u00e8me de chauffage et d&rsquo;\u00e9clairage, ont pu se d\u00e9rouler plus efficacement. Ce progr\u00e8s a acc\u00e9l\u00e9r\u00e9 le calendrier des restaurations. Il a permis une meilleure protection au b\u00e2timent contre les d\u00e9gradations futures li\u00e9es aux conditions climatiques.<\/p>\n<h2 class=\"marfeel_last_h2\">L&rsquo;impact des s\u00e9ismes de Kahramanmara\u015f<\/h2>\n<p>En f\u00e9vrier 2023, une s\u00e9rie de s\u00e9ismes d\u00e9vastateurs a frapp\u00e9 l&rsquo;est de la Turquie, cons\u00e9quence du d\u00e9placement de la faille Est-Anatolienne. Il s&rsquo;agit d&rsquo;une zone sismique majeure o\u00f9 se rencontrent les plaques tectoniques anatolienne, arabe et eurasienne. Cette r\u00e9gion, r\u00e9guli\u00e8rement secou\u00e9e par des tremblements de terre, reste particuli\u00e8rement vuln\u00e9rable en raison des tensions accumul\u00e9es entre ces plaques. Les secousses, d&rsquo;une magnitude de 7,7 et 7,6, ont provoqu\u00e9 des milliers de victimes et d&rsquo;importants d\u00e9g\u00e2ts mat\u00e9riels, touchant notamment des villes comme Kahramanmara\u015f et Diyarbak\u0131r. Cet \u00e9v\u00e9nement rappelle la forte activit\u00e9 sismique qui menace cette r\u00e9gion depuis des si\u00e8cles.<\/p>\n<div id=\"attachment_181643\" class=\"wp-caption alignnone\">\n<div class=\"wrap-img\" id=\"wrap-img-181643\"><img decoding=\"async\" aria-describedby=\"caption-attachment-181643\" loading=\"lazy\" class=\"wp-image-181643 img-responsive \" src=\"https:\/\/www.temples-de-nubie.fr\/blog\/wp-content\/uploads\/2024\/10\/apres-un-siecle-sans-dome-la-renaissance-de-leglise-saint-georges-en-turquie-1.jpg\" alt width=\"500\" height=\"233\"><\/div>\n<p id=\"caption-attachment-181643\" class=\"wp-caption-text\">Le nouveau d\u00f4me. \u00a9 DHA<\/p>\n<\/div>\n<p>Parmi les structures touch\u00e9es, l&rsquo;\u00e9glise Saint-Georges a subi des dommages consid\u00e9rables, malgr\u00e9 une premi\u00e8re phase de restauration achev\u00e9e en 2021. Ces secousses ont mis en lumi\u00e8re la vuln\u00e9rabilit\u00e9 des b\u00e2timents historiques face aux catastrophes naturelles. En particulier dans une r\u00e9gion d\u00e9j\u00e0 marqu\u00e9e par un patrimoine architectural fragile. L&rsquo;effondrement partiel de l&rsquo;\u00e9glise a endommag\u00e9 sa structure et a \u00e9galement accentu\u00e9 l&rsquo;urgence de la protection contre de futures d\u00e9gradations. Les s\u00e9ismes ont rappel\u00e9 l&rsquo;importance d&rsquo;une approche proactive dans la conservation de ces monuments.<\/p>\n<p>Face \u00e0 ces d\u00e9fis, le minist\u00e8re de la Culture et du Tourisme, en collaboration avec la Direction g\u00e9n\u00e9rale du patrimoine culturel et des mus\u00e9es, a r\u00e9\u00e9valu\u00e9 le plan de restauration initial. Une nouvelle phase a alors d\u00e9but\u00e9 en juillet 2023, un objectif clair : prot\u00e9ger durablement l&rsquo;\u00e9difice. La r\u00e9installation du d\u00f4me reste au centre de ce projet. Le programme, qui devrait s&rsquo;achever d&rsquo;ici la fin de l&rsquo;ann\u00e9e 2024, s&rsquo;inscrit dans une strat\u00e9gie plus large de revitalisation du patrimoine r\u00e9gional. En rouvrant ses portes en tant que galerie d&rsquo;art, l&rsquo;\u00e9glise Saint-Georges contribue \u00e0 la vie culturelle de Diyarbak\u0131r.<\/p>\n<\/div>\n<p> Ce paragraphe parlant du sujet \u00ab\u00a0Temples de Nubie.\u00a0\u00bb a \u00e9t\u00e9 tri\u00e9 sur le web par les r\u00e9dacteurs de temples-de-nubie.fr. temples-de-nubie.fr est blog d&rsquo;information qui conserve des nouvelles publi\u00e9es sur le net dont le sujet central est \u00ab\u00a0Temples de Nubie.\u00a0\u00bb. La chronique se veut produite du mieux possible. Dans la mesure o\u00f9 vous d\u00e9sirez pr\u00e9senter des informations suppl\u00e9mentaires \u00e0 cet article sur le sujet \u00ab\u00a0Temples de Nubie.\u00a0\u00bb vous pouvez utiliser les coordonn\u00e9es affich\u00e9es sur ce site web. Il y a de pr\u00e9vu divers travaux autour du sujet \u00ab\u00a0Temples de Nubie.\u00a0\u00bb dans les jours \u00e0 venir, on vous invite \u00e0 naviguer sur notre site web \u00e0 plusieurs reprises.<\/p>\n","protected":false},"excerpt":{"rendered":"<p>La pr\u00e9servation du patrimoine architectural est un enjeu crucial, particuli\u00e8rement dans les r\u00e9gions touch\u00e9es par des catastrophes naturelles. L&rsquo;\u00e9glise Saint-Georges, situ\u00e9e \u00e0 Diyarbak\u0131r, illustre parfaitement ce d\u00e9fi. Vieille de 1 600 ans, cette \u00e9glise a travers\u00e9 les \u00e9poques, subissant des transformations et des r\u00e9utilisations vari\u00e9es, notamment sous l&rsquo;Empire romain et ottoman. Les s\u00e9ismes de Kahramanmara\u015f [&hellip;]<\/p>\n","protected":false},"author":3,"featured_media":125,"comment_status":"closed","ping_status":"closed","sticky":false,"template":"","format":"standard","meta":{"footnotes":""},"categories":[4],"tags":[],"class_list":["post-124","post","type-post","status-publish","format-standard","has-post-thumbnail","hentry","category-informations-theme-temples-de-nubie"],"yoast_head":"<!-- This site is optimized with the Yoast SEO plugin v27.5 - https:\/\/yoast.com\/product\/yoast-seo-wordpress\/ -->\n<title>Apr\u00e8s un si\u00e8cle sans d\u00f4me, la renaissance de l&#039;\u00e9glise Saint-Georges en Turquie - TEMPLES-DE-NUBIE<\/title>\n<meta name=\"robots\" content=\"index, follow, max-snippet:-1, max-image-preview:large, max-video-preview:-1\" \/>\n<link rel=\"canonical\" href=\"https:\/\/www.temples-de-nubie.fr\/blog\/apres-un-siecle-sans-dome-la-renaissance-de-leglise-saint-georges-en-turquie\/\" \/>\n<meta property=\"og:locale\" content=\"fr_FR\" \/>\n<meta property=\"og:type\" content=\"article\" \/>\n<meta property=\"og:title\" content=\"Apr\u00e8s un si\u00e8cle sans d\u00f4me, la renaissance de l&#039;\u00e9glise Saint-Georges en Turquie - TEMPLES-DE-NUBIE\" \/>\n<meta property=\"og:description\" content=\"La pr\u00e9servation du patrimoine architectural est un enjeu crucial, particuli\u00e8rement dans les r\u00e9gions touch\u00e9es par des catastrophes naturelles. L&rsquo;\u00e9glise Saint-Georges, situ\u00e9e \u00e0 Diyarbak\u0131r, illustre parfaitement ce d\u00e9fi. Vieille de 1 600 ans, cette \u00e9glise a travers\u00e9 les \u00e9poques, subissant des transformations et des r\u00e9utilisations vari\u00e9es, notamment sous l&rsquo;Empire romain et ottoman. Les s\u00e9ismes de Kahramanmara\u015f [&hellip;]\" \/>\n<meta property=\"og:url\" content=\"https:\/\/www.temples-de-nubie.fr\/blog\/apres-un-siecle-sans-dome-la-renaissance-de-leglise-saint-georges-en-turquie\/\" \/>\n<meta property=\"og:site_name\" content=\"TEMPLES-DE-NUBIE\" \/>\n<meta property=\"article:published_time\" content=\"2024-10-20T22:38:00+00:00\" \/>\n<meta name=\"author\" content=\"Johana RIVET\" \/>\n<meta name=\"twitter:card\" content=\"summary_large_image\" \/>\n<meta name=\"twitter:label1\" content=\"\u00c9crit par\" \/>\n\t<meta name=\"twitter:data1\" content=\"Johana RIVET\" \/>\n\t<meta name=\"twitter:label2\" content=\"Dur\u00e9e de lecture estim\u00e9e\" \/>\n\t<meta name=\"twitter:data2\" content=\"6 minutes\" \/>\n<script type=\"application\/ld+json\" class=\"yoast-schema-graph\">{\"@context\":\"https:\\\/\\\/schema.org\",\"@graph\":[{\"@type\":\"Article\",\"@id\":\"https:\\\/\\\/www.temples-de-nubie.fr\\\/blog\\\/apres-un-siecle-sans-dome-la-renaissance-de-leglise-saint-georges-en-turquie\\\/#article\",\"isPartOf\":{\"@id\":\"https:\\\/\\\/www.temples-de-nubie.fr\\\/blog\\\/apres-un-siecle-sans-dome-la-renaissance-de-leglise-saint-georges-en-turquie\\\/\"},\"author\":{\"name\":\"Johana RIVET\",\"@id\":\"https:\\\/\\\/www.temples-de-nubie.fr\\\/blog\\\/#\\\/schema\\\/person\\\/dc169e68726228008f8559d372397a09\"},\"headline\":\"Apr\u00e8s un si\u00e8cle sans d\u00f4me, la renaissance de l&rsquo;\u00e9glise Saint-Georges en Turquie\",\"datePublished\":\"2024-10-20T22:38:00+00:00\",\"mainEntityOfPage\":{\"@id\":\"https:\\\/\\\/www.temples-de-nubie.fr\\\/blog\\\/apres-un-siecle-sans-dome-la-renaissance-de-leglise-saint-georges-en-turquie\\\/\"},\"wordCount\":1294,\"publisher\":{\"@id\":\"https:\\\/\\\/www.temples-de-nubie.fr\\\/blog\\\/#organization\"},\"image\":{\"@id\":\"https:\\\/\\\/www.temples-de-nubie.fr\\\/blog\\\/apres-un-siecle-sans-dome-la-renaissance-de-leglise-saint-georges-en-turquie\\\/#primaryimage\"},\"thumbnailUrl\":\"https:\\\/\\\/www.temples-de-nubie.fr\\\/blog\\\/wp-content\\\/uploads\\\/2024\\\/10\\\/apres-un-siecle-sans-dome-la-renaissance-de-leglise-saint-georges-en-turquie.jpg\",\"articleSection\":[\"Informations Th\u00e8me Temples De Nubie.:\"],\"inLanguage\":\"fr-FR\"},{\"@type\":\"WebPage\",\"@id\":\"https:\\\/\\\/www.temples-de-nubie.fr\\\/blog\\\/apres-un-siecle-sans-dome-la-renaissance-de-leglise-saint-georges-en-turquie\\\/\",\"url\":\"https:\\\/\\\/www.temples-de-nubie.fr\\\/blog\\\/apres-un-siecle-sans-dome-la-renaissance-de-leglise-saint-georges-en-turquie\\\/\",\"name\":\"Apr\u00e8s un si\u00e8cle sans d\u00f4me, la renaissance de l'\u00e9glise Saint-Georges en Turquie - TEMPLES-DE-NUBIE\",\"isPartOf\":{\"@id\":\"https:\\\/\\\/www.temples-de-nubie.fr\\\/blog\\\/#website\"},\"primaryImageOfPage\":{\"@id\":\"https:\\\/\\\/www.temples-de-nubie.fr\\\/blog\\\/apres-un-siecle-sans-dome-la-renaissance-de-leglise-saint-georges-en-turquie\\\/#primaryimage\"},\"image\":{\"@id\":\"https:\\\/\\\/www.temples-de-nubie.fr\\\/blog\\\/apres-un-siecle-sans-dome-la-renaissance-de-leglise-saint-georges-en-turquie\\\/#primaryimage\"},\"thumbnailUrl\":\"https:\\\/\\\/www.temples-de-nubie.fr\\\/blog\\\/wp-content\\\/uploads\\\/2024\\\/10\\\/apres-un-siecle-sans-dome-la-renaissance-de-leglise-saint-georges-en-turquie.jpg\",\"datePublished\":\"2024-10-20T22:38:00+00:00\",\"breadcrumb\":{\"@id\":\"https:\\\/\\\/www.temples-de-nubie.fr\\\/blog\\\/apres-un-siecle-sans-dome-la-renaissance-de-leglise-saint-georges-en-turquie\\\/#breadcrumb\"},\"inLanguage\":\"fr-FR\",\"potentialAction\":[{\"@type\":\"ReadAction\",\"target\":[\"https:\\\/\\\/www.temples-de-nubie.fr\\\/blog\\\/apres-un-siecle-sans-dome-la-renaissance-de-leglise-saint-georges-en-turquie\\\/\"]}]},{\"@type\":\"ImageObject\",\"inLanguage\":\"fr-FR\",\"@id\":\"https:\\\/\\\/www.temples-de-nubie.fr\\\/blog\\\/apres-un-siecle-sans-dome-la-renaissance-de-leglise-saint-georges-en-turquie\\\/#primaryimage\",\"url\":\"https:\\\/\\\/www.temples-de-nubie.fr\\\/blog\\\/wp-content\\\/uploads\\\/2024\\\/10\\\/apres-un-siecle-sans-dome-la-renaissance-de-leglise-saint-georges-en-turquie.jpg\",\"contentUrl\":\"https:\\\/\\\/www.temples-de-nubie.fr\\\/blog\\\/wp-content\\\/uploads\\\/2024\\\/10\\\/apres-un-siecle-sans-dome-la-renaissance-de-leglise-saint-georges-en-turquie.jpg\",\"width\":440,\"height\":587},{\"@type\":\"BreadcrumbList\",\"@id\":\"https:\\\/\\\/www.temples-de-nubie.fr\\\/blog\\\/apres-un-siecle-sans-dome-la-renaissance-de-leglise-saint-georges-en-turquie\\\/#breadcrumb\",\"itemListElement\":[{\"@type\":\"ListItem\",\"position\":1,\"name\":\"Accueil\",\"item\":\"https:\\\/\\\/www.temples-de-nubie.fr\\\/blog\\\/\"},{\"@type\":\"ListItem\",\"position\":2,\"name\":\"Apr\u00e8s un si\u00e8cle sans d\u00f4me, la renaissance de l&rsquo;\u00e9glise Saint-Georges en Turquie\"}]},{\"@type\":\"WebSite\",\"@id\":\"https:\\\/\\\/www.temples-de-nubie.fr\\\/blog\\\/#website\",\"url\":\"https:\\\/\\\/www.temples-de-nubie.fr\\\/blog\\\/\",\"name\":\"TEMPLES-DE-NUBIE\",\"description\":\"Temples de Nubie.; conservations ressources, \u00e0 savoir et retenir.\",\"publisher\":{\"@id\":\"https:\\\/\\\/www.temples-de-nubie.fr\\\/blog\\\/#organization\"},\"potentialAction\":[{\"@type\":\"SearchAction\",\"target\":{\"@type\":\"EntryPoint\",\"urlTemplate\":\"https:\\\/\\\/www.temples-de-nubie.fr\\\/blog\\\/?s={search_term_string}\"},\"query-input\":{\"@type\":\"PropertyValueSpecification\",\"valueRequired\":true,\"valueName\":\"search_term_string\"}}],\"inLanguage\":\"fr-FR\"},{\"@type\":\"Organization\",\"@id\":\"https:\\\/\\\/www.temples-de-nubie.fr\\\/blog\\\/#organization\",\"name\":\"temples-de-nubie\",\"url\":\"https:\\\/\\\/www.temples-de-nubie.fr\\\/blog\\\/\",\"logo\":{\"@type\":\"ImageObject\",\"inLanguage\":\"fr-FR\",\"@id\":\"https:\\\/\\\/www.temples-de-nubie.fr\\\/blog\\\/#\\\/schema\\\/logo\\\/image\\\/\",\"url\":\"https:\\\/\\\/www.temples-de-nubie.fr\\\/blog\\\/wp-content\\\/uploads\\\/2023\\\/09\\\/cropped-temple-2.jpg\",\"contentUrl\":\"https:\\\/\\\/www.temples-de-nubie.fr\\\/blog\\\/wp-content\\\/uploads\\\/2023\\\/09\\\/cropped-temple-2.jpg\",\"width\":971,\"height\":170,\"caption\":\"temples-de-nubie\"},\"image\":{\"@id\":\"https:\\\/\\\/www.temples-de-nubie.fr\\\/blog\\\/#\\\/schema\\\/logo\\\/image\\\/\"}},{\"@type\":\"Person\",\"@id\":\"https:\\\/\\\/www.temples-de-nubie.fr\\\/blog\\\/#\\\/schema\\\/person\\\/dc169e68726228008f8559d372397a09\",\"name\":\"Johana RIVET\",\"image\":{\"@type\":\"ImageObject\",\"inLanguage\":\"fr-FR\",\"@id\":\"https:\\\/\\\/secure.gravatar.com\\\/avatar\\\/4193b46a713fb7f0cc3d083cce5f3f81882137f825dedf603b244770965e799a?s=96&d=mm&r=g\",\"url\":\"https:\\\/\\\/secure.gravatar.com\\\/avatar\\\/4193b46a713fb7f0cc3d083cce5f3f81882137f825dedf603b244770965e799a?s=96&d=mm&r=g\",\"contentUrl\":\"https:\\\/\\\/secure.gravatar.com\\\/avatar\\\/4193b46a713fb7f0cc3d083cce5f3f81882137f825dedf603b244770965e799a?s=96&d=mm&r=g\",\"caption\":\"Johana RIVET\"},\"url\":\"https:\\\/\\\/www.temples-de-nubie.fr\\\/blog\\\/author\\\/biejohana\\\/\"}]}<\/script>\n<!-- \/ Yoast SEO plugin. -->","yoast_head_json":{"title":"Apr\u00e8s un si\u00e8cle sans d\u00f4me, la renaissance de l'\u00e9glise Saint-Georges en Turquie - TEMPLES-DE-NUBIE","robots":{"index":"index","follow":"follow","max-snippet":"max-snippet:-1","max-image-preview":"max-image-preview:large","max-video-preview":"max-video-preview:-1"},"canonical":"https:\/\/www.temples-de-nubie.fr\/blog\/apres-un-siecle-sans-dome-la-renaissance-de-leglise-saint-georges-en-turquie\/","og_locale":"fr_FR","og_type":"article","og_title":"Apr\u00e8s un si\u00e8cle sans d\u00f4me, la renaissance de l'\u00e9glise Saint-Georges en Turquie - TEMPLES-DE-NUBIE","og_description":"La pr\u00e9servation du patrimoine architectural est un enjeu crucial, particuli\u00e8rement dans les r\u00e9gions touch\u00e9es par des catastrophes naturelles. L&rsquo;\u00e9glise Saint-Georges, situ\u00e9e \u00e0 Diyarbak\u0131r, illustre parfaitement ce d\u00e9fi. Vieille de 1 600 ans, cette \u00e9glise a travers\u00e9 les \u00e9poques, subissant des transformations et des r\u00e9utilisations vari\u00e9es, notamment sous l&rsquo;Empire romain et ottoman. Les s\u00e9ismes de Kahramanmara\u015f [&hellip;]","og_url":"https:\/\/www.temples-de-nubie.fr\/blog\/apres-un-siecle-sans-dome-la-renaissance-de-leglise-saint-georges-en-turquie\/","og_site_name":"TEMPLES-DE-NUBIE","article_published_time":"2024-10-20T22:38:00+00:00","author":"Johana RIVET","twitter_card":"summary_large_image","twitter_misc":{"\u00c9crit par":"Johana RIVET","Dur\u00e9e de lecture estim\u00e9e":"6 minutes"},"schema":{"@context":"https:\/\/schema.org","@graph":[{"@type":"Article","@id":"https:\/\/www.temples-de-nubie.fr\/blog\/apres-un-siecle-sans-dome-la-renaissance-de-leglise-saint-georges-en-turquie\/#article","isPartOf":{"@id":"https:\/\/www.temples-de-nubie.fr\/blog\/apres-un-siecle-sans-dome-la-renaissance-de-leglise-saint-georges-en-turquie\/"},"author":{"name":"Johana RIVET","@id":"https:\/\/www.temples-de-nubie.fr\/blog\/#\/schema\/person\/dc169e68726228008f8559d372397a09"},"headline":"Apr\u00e8s un si\u00e8cle sans d\u00f4me, la renaissance de l&rsquo;\u00e9glise Saint-Georges en Turquie","datePublished":"2024-10-20T22:38:00+00:00","mainEntityOfPage":{"@id":"https:\/\/www.temples-de-nubie.fr\/blog\/apres-un-siecle-sans-dome-la-renaissance-de-leglise-saint-georges-en-turquie\/"},"wordCount":1294,"publisher":{"@id":"https:\/\/www.temples-de-nubie.fr\/blog\/#organization"},"image":{"@id":"https:\/\/www.temples-de-nubie.fr\/blog\/apres-un-siecle-sans-dome-la-renaissance-de-leglise-saint-georges-en-turquie\/#primaryimage"},"thumbnailUrl":"https:\/\/www.temples-de-nubie.fr\/blog\/wp-content\/uploads\/2024\/10\/apres-un-siecle-sans-dome-la-renaissance-de-leglise-saint-georges-en-turquie.jpg","articleSection":["Informations Th\u00e8me Temples De Nubie.:"],"inLanguage":"fr-FR"},{"@type":"WebPage","@id":"https:\/\/www.temples-de-nubie.fr\/blog\/apres-un-siecle-sans-dome-la-renaissance-de-leglise-saint-georges-en-turquie\/","url":"https:\/\/www.temples-de-nubie.fr\/blog\/apres-un-siecle-sans-dome-la-renaissance-de-leglise-saint-georges-en-turquie\/","name":"Apr\u00e8s un si\u00e8cle sans d\u00f4me, la renaissance de l'\u00e9glise Saint-Georges en Turquie - TEMPLES-DE-NUBIE","isPartOf":{"@id":"https:\/\/www.temples-de-nubie.fr\/blog\/#website"},"primaryImageOfPage":{"@id":"https:\/\/www.temples-de-nubie.fr\/blog\/apres-un-siecle-sans-dome-la-renaissance-de-leglise-saint-georges-en-turquie\/#primaryimage"},"image":{"@id":"https:\/\/www.temples-de-nubie.fr\/blog\/apres-un-siecle-sans-dome-la-renaissance-de-leglise-saint-georges-en-turquie\/#primaryimage"},"thumbnailUrl":"https:\/\/www.temples-de-nubie.fr\/blog\/wp-content\/uploads\/2024\/10\/apres-un-siecle-sans-dome-la-renaissance-de-leglise-saint-georges-en-turquie.jpg","datePublished":"2024-10-20T22:38:00+00:00","breadcrumb":{"@id":"https:\/\/www.temples-de-nubie.fr\/blog\/apres-un-siecle-sans-dome-la-renaissance-de-leglise-saint-georges-en-turquie\/#breadcrumb"},"inLanguage":"fr-FR","potentialAction":[{"@type":"ReadAction","target":["https:\/\/www.temples-de-nubie.fr\/blog\/apres-un-siecle-sans-dome-la-renaissance-de-leglise-saint-georges-en-turquie\/"]}]},{"@type":"ImageObject","inLanguage":"fr-FR","@id":"https:\/\/www.temples-de-nubie.fr\/blog\/apres-un-siecle-sans-dome-la-renaissance-de-leglise-saint-georges-en-turquie\/#primaryimage","url":"https:\/\/www.temples-de-nubie.fr\/blog\/wp-content\/uploads\/2024\/10\/apres-un-siecle-sans-dome-la-renaissance-de-leglise-saint-georges-en-turquie.jpg","contentUrl":"https:\/\/www.temples-de-nubie.fr\/blog\/wp-content\/uploads\/2024\/10\/apres-un-siecle-sans-dome-la-renaissance-de-leglise-saint-georges-en-turquie.jpg","width":440,"height":587},{"@type":"BreadcrumbList","@id":"https:\/\/www.temples-de-nubie.fr\/blog\/apres-un-siecle-sans-dome-la-renaissance-de-leglise-saint-georges-en-turquie\/#breadcrumb","itemListElement":[{"@type":"ListItem","position":1,"name":"Accueil","item":"https:\/\/www.temples-de-nubie.fr\/blog\/"},{"@type":"ListItem","position":2,"name":"Apr\u00e8s un si\u00e8cle sans d\u00f4me, la renaissance de l&rsquo;\u00e9glise Saint-Georges en Turquie"}]},{"@type":"WebSite","@id":"https:\/\/www.temples-de-nubie.fr\/blog\/#website","url":"https:\/\/www.temples-de-nubie.fr\/blog\/","name":"TEMPLES-DE-NUBIE","description":"Temples de Nubie.; conservations ressources, \u00e0 savoir et retenir.","publisher":{"@id":"https:\/\/www.temples-de-nubie.fr\/blog\/#organization"},"potentialAction":[{"@type":"SearchAction","target":{"@type":"EntryPoint","urlTemplate":"https:\/\/www.temples-de-nubie.fr\/blog\/?s={search_term_string}"},"query-input":{"@type":"PropertyValueSpecification","valueRequired":true,"valueName":"search_term_string"}}],"inLanguage":"fr-FR"},{"@type":"Organization","@id":"https:\/\/www.temples-de-nubie.fr\/blog\/#organization","name":"temples-de-nubie","url":"https:\/\/www.temples-de-nubie.fr\/blog\/","logo":{"@type":"ImageObject","inLanguage":"fr-FR","@id":"https:\/\/www.temples-de-nubie.fr\/blog\/#\/schema\/logo\/image\/","url":"https:\/\/www.temples-de-nubie.fr\/blog\/wp-content\/uploads\/2023\/09\/cropped-temple-2.jpg","contentUrl":"https:\/\/www.temples-de-nubie.fr\/blog\/wp-content\/uploads\/2023\/09\/cropped-temple-2.jpg","width":971,"height":170,"caption":"temples-de-nubie"},"image":{"@id":"https:\/\/www.temples-de-nubie.fr\/blog\/#\/schema\/logo\/image\/"}},{"@type":"Person","@id":"https:\/\/www.temples-de-nubie.fr\/blog\/#\/schema\/person\/dc169e68726228008f8559d372397a09","name":"Johana RIVET","image":{"@type":"ImageObject","inLanguage":"fr-FR","@id":"https:\/\/secure.gravatar.com\/avatar\/4193b46a713fb7f0cc3d083cce5f3f81882137f825dedf603b244770965e799a?s=96&d=mm&r=g","url":"https:\/\/secure.gravatar.com\/avatar\/4193b46a713fb7f0cc3d083cce5f3f81882137f825dedf603b244770965e799a?s=96&d=mm&r=g","contentUrl":"https:\/\/secure.gravatar.com\/avatar\/4193b46a713fb7f0cc3d083cce5f3f81882137f825dedf603b244770965e799a?s=96&d=mm&r=g","caption":"Johana RIVET"},"url":"https:\/\/www.temples-de-nubie.fr\/blog\/author\/biejohana\/"}]}},"_links":{"self":[{"href":"https:\/\/www.temples-de-nubie.fr\/blog\/wp-json\/wp\/v2\/posts\/124","targetHints":{"allow":["GET"]}}],"collection":[{"href":"https:\/\/www.temples-de-nubie.fr\/blog\/wp-json\/wp\/v2\/posts"}],"about":[{"href":"https:\/\/www.temples-de-nubie.fr\/blog\/wp-json\/wp\/v2\/types\/post"}],"author":[{"embeddable":true,"href":"https:\/\/www.temples-de-nubie.fr\/blog\/wp-json\/wp\/v2\/users\/3"}],"replies":[{"embeddable":true,"href":"https:\/\/www.temples-de-nubie.fr\/blog\/wp-json\/wp\/v2\/comments?post=124"}],"version-history":[{"count":0,"href":"https:\/\/www.temples-de-nubie.fr\/blog\/wp-json\/wp\/v2\/posts\/124\/revisions"}],"wp:featuredmedia":[{"embeddable":true,"href":"https:\/\/www.temples-de-nubie.fr\/blog\/wp-json\/wp\/v2\/media\/125"}],"wp:attachment":[{"href":"https:\/\/www.temples-de-nubie.fr\/blog\/wp-json\/wp\/v2\/media?parent=124"}],"wp:term":[{"taxonomy":"category","embeddable":true,"href":"https:\/\/www.temples-de-nubie.fr\/blog\/wp-json\/wp\/v2\/categories?post=124"},{"taxonomy":"post_tag","embeddable":true,"href":"https:\/\/www.temples-de-nubie.fr\/blog\/wp-json\/wp\/v2\/tags?post=124"}],"curies":[{"name":"wp","href":"https:\/\/api.w.org\/{rel}","templated":true}]}}