{"id":128,"date":"2024-12-01T17:41:32","date_gmt":"2024-12-01T16:41:32","guid":{"rendered":"https:\/\/www.site.cdcl.xyz\/2024\/12\/01\/que-nous-apprend-le-mandat-de-jack-lew-sur-le-poste-dambassadeur-en-temps-de-guerre\/"},"modified":"2024-12-01T17:41:32","modified_gmt":"2024-12-01T16:41:32","slug":"que-nous-apprend-le-mandat-de-jack-lew-sur-le-poste-dambassadeur-en-temps-de-guerre","status":"publish","type":"post","link":"https:\/\/www.temples-de-nubie.fr\/blog\/que-nous-apprend-le-mandat-de-jack-lew-sur-le-poste-dambassadeur-en-temps-de-guerre\/","title":{"rendered":"Que nous apprend le mandat de Jack Lew sur le poste d&rsquo;ambassadeur en temps de guerre ?"},"content":{"rendered":"\n<p><img decoding=\"async\" src=\"https:\/\/www.temples-de-nubie.fr\/blog\/wp-content\/uploads\/2024\/12\/que-nous-apprend-le-mandat-de-jack-lew-sur-le-poste-dambassadeur-en-temps-de-guerre.jpg\"><\/p>\n<div>\n<p class=\"mdl-section-article-content__subheader\">\u00c9quilibrant les crises et les tensions politiques, l&rsquo;envoy\u00e9 am\u00e9ricain sortant a fait preuve d&rsquo;un style diplomatique r\u00e9serv\u00e9 pendant l&rsquo;une des p\u00e9riodes les plus sombres d&rsquo;Isra\u00ebl<\/p>\n<p>\u00c0 moins de deux mois de l\u2019entr\u00e9e en fonction du pr\u00e9sident \u00e9lu Donald Trump et du nouvel ambassadeur des \u00c9tats-Unis en Isra\u00ebl, Mike Huckabee, qui prendra probablement ses fonctions, l\u2019actuel ambassadeur, Jack Lew, se pr\u00e9pare \u00e0 quitter son poste.<\/p>\n<p>Lew a r\u00e9cemment fait une rare apparition publique \u00e0 la Biblioth\u00e8que nationale d\u2019Isra\u00ebl, participant \u00e0 une s\u00e9ance de questions-r\u00e9ponses sur le regrett\u00e9 rabbin Jonathan Sacks. L&rsquo;\u00e9v\u00e9nement s&rsquo;\u00e9cartait de son approche discr\u00e8te habituelle et, m\u00eame s&rsquo;il n&rsquo;\u00e9tait pas centr\u00e9 sur la guerre ou la crise des otages en cours, Lew a commenc\u00e9 son discours en reconnaissant la gravit\u00e9 de l&rsquo;ann\u00e9e \u00e9coul\u00e9e.<\/p>\n<blockquote>\n<p>Ce fut l\u2019ann\u00e9e la plus sombre dont je me souvienne de ma vie.<\/p>\n<\/blockquote>\n<p>\u00ab&nbsp;Cela a \u00e9t\u00e9 l&rsquo;ann\u00e9e la plus sombre dont je me souvienne de ma vie&nbsp;\u00bb, a d\u00e9clar\u00e9 Lew. \u00ab Une ann\u00e9e tr\u00e8s difficile au cours de laquelle nous avons d\u00fb supporter beaucoup de pertes, beaucoup de douleurs ; dans lequel nos proches ont servi \u2014 et je suis s\u00fbr que beaucoup d&rsquo;entre vous l&rsquo;ont fait aussi \u2014 pendant trop de jours ; dans lequel 101 otages se trouvent toujours \u00e0 Gaza. Et je pense que je ne parle pas seulement pour moi lorsque je dis que nous avons d\u00fb faire appel \u00e0 toutes les r\u00e9serves de r\u00e9silience et d&rsquo;espoir de nos c\u0153urs et de nos \u00e2mes pour traverser chaque journ\u00e9e. C&rsquo;est dans des moments comme celui-ci, des moments d&rsquo;obscurit\u00e9, que le rabbin Sacks me manque le plus \u2013 sa fa\u00e7on unique de regarder le monde, de voir les difficult\u00e9s et de dire : \u00ab Oui, mais \u00bb nous aide \u00e0 voir l&rsquo;histoire plus grande, le voyage plus profond. cela peut nous donner la force de pers\u00e9v\u00e9rer.<\/p>\n<p>Si l&rsquo;\u00e9v\u00e9nement a fourni un rare aper\u00e7u du point de vue de Lew, il a \u00e9galement soulev\u00e9 une question plus large : o\u00f9 \u00e9tait-il durant son mandat ? Contrairement \u00e0 son pr\u00e9d\u00e9cesseur, Thomas Nides \u2013 d\u00e9crit par beaucoup comme \u00e9tant \u00ab partout \u00bb lorsqu\u2019il \u00e9tait ambassadeur des \u00c9tats-Unis en Isra\u00ebl \u2013 Lew a adopt\u00e9 une approche plus mod\u00e9r\u00e9e. \u00ab&nbsp;Il est l&rsquo;exemple m\u00eame de &lsquo;marcher doucement et porter un gros b\u00e2ton&rsquo;&nbsp;\u00bb, a d\u00e9clar\u00e9 un observateur \u00e0 The Media Line.<\/p>\n<p>Cette diff\u00e9rence, cependant, peut avoir plus \u00e0 voir avec le timing qu\u2019avec la personnalit\u00e9. Nides a quitt\u00e9 son poste peu apr\u00e8s le Jour de l\u2019Ind\u00e9pendance am\u00e9ricaine en 2023, alors que l\u2019activit\u00e9 diplomatique \u00e9tait relativement calme. Lew, en revanche, est arriv\u00e9 en Isra\u00ebl moins d\u2019un mois apr\u00e8s le massacre du 7 octobre, assumant ainsi son r\u00f4le alors que la diplomatie de haut niveau s\u2019intensifiait.<\/p>\n<p>\u00ab Je pense que c&rsquo;est une \u00e9poque diff\u00e9rente \u00bb, a d\u00e9clar\u00e9 \u00e0 The Media Line William Daroff, PDG de la Conf\u00e9rence des pr\u00e9sidents des principales organisations juives am\u00e9ricaines. \u00ab Aller dans une usine SodaStream pour couper un ruban n&rsquo;est pas le genre de chose qu&rsquo;on fait en temps de guerre. Ce que Jack Lew a fait, c&rsquo;est d&rsquo;assister \u00e0 d&rsquo;innombrables fun\u00e9railles et shivas.<\/p>\n<p>Alors que le mandat de Nides a \u00e9t\u00e9 marqu\u00e9 par des initiatives telles que le programme d&rsquo;exemption de visa et la r\u00e9solution des probl\u00e8mes d&rsquo;acc\u00e8s des Palestiniens, Lew s&rsquo;est concentr\u00e9 sur la navigation dans une p\u00e9riode de crise, offrant un contraste saisissant dans le r\u00f4le d&rsquo;ambassadeur dans des circonstances radicalement diff\u00e9rentes.<\/p>\n<p>\u00ab Il avait un profil tr\u00e8s bas en Isra\u00ebl, et il pourrait y avoir plusieurs raisons \u00e0 cela \u00bb, a d\u00e9clar\u00e9 \u00e0 The Media Line Eytan Gilboa, professeur de communication internationale \u00e0 l\u2019universit\u00e9 Bar-Ilan. Le principal d&rsquo;entre eux, dit-il, est que Lew n&rsquo;a pas eu suffisamment de temps pour s&rsquo;\u00e9tablir.<\/p>\n<p>\u00ab Cela prend du temps. Il faut du temps pour devenir ambassadeur dans n\u2019importe quel pays, surtout en Isra\u00ebl \u00bb, a expliqu\u00e9 Gilboa. \u00ab Il faut du temps pour \u00e9tablir une pr\u00e9sence, conna\u00eetre les gens, leur parler, les persuader \u2013 et il n&rsquo;en a tout simplement pas eu le temps en moins d&rsquo;un an. Un an ne suffit pas pour faire du bon travail.<\/p>\n<p class=\"tml-content-in-context\">Cette ann\u00e9e, une grande partie de la diplomatie am\u00e9ricano-isra\u00e9lienne a \u00e9t\u00e9 g\u00e9r\u00e9e \u00e0 des niveaux plus \u00e9lev\u00e9s, le secr\u00e9taire d\u2019\u00c9tat Antony Blinken, le conseiller \u00e0 la s\u00e9curit\u00e9 nationale Jake Sullivan et le secr\u00e9taire \u00e0 la D\u00e9fense Lloyd Austin se rendant fr\u00e9quemment en Isra\u00ebl. En cons\u00e9quence, Gilboa a soutenu : \u00ab Vous n\u2019avez pas besoin de l\u2019ambassadeur ici pour servir de m\u00e9diateur entre les responsables isra\u00e9liens et les politiciens aux \u00c9tats-Unis. \u00bb<\/p>\n<p>Cette dynamique, a-t-il ajout\u00e9, s&rsquo;applique \u00e9galement \u00e0 l&rsquo;ambassadeur d&rsquo;Isra\u00ebl \u00e0 Washington, Michael Herzog, dont le profil a \u00e9t\u00e9 tout aussi mod\u00e9r\u00e9 au cours de l&rsquo;ann\u00e9e \u00e9coul\u00e9e.<\/p>\n<p>\u00ab&nbsp;Ils sont simplement devenus beaucoup moins pertinents&nbsp;\u00bb, a not\u00e9 Gilboa.<\/p>\n<p>Faisant \u00e9cho \u00e0 ce sentiment, Daroff a d\u00e9clar\u00e9 : \u00ab De toute \u00e9vidence, l\u2019ambassadeur a un profil un peu plus discret lorsque ses patrons sont l\u00e0. Je ne pense pas que cela soit le reflet de son travail ou de ce qui se passe en coulisses pour l&rsquo;ambassadeur.\u00bb<\/p>\n<p>Gilboa a sugg\u00e9r\u00e9 que le profil bas de Lew pourrait \u00e9galement \u00eatre d\u00fb \u00e0 un manque d&rsquo;alignement avec le gouvernement conservateur actuel d&rsquo;Isra\u00ebl. Avant de devenir ambassadeur, Lew a jou\u00e9 un r\u00f4le cl\u00e9 dans plusieurs initiatives de la Maison Blanche sous l&rsquo;administration Obama qui s&rsquo;opposaient directement \u00e0 la politique isra\u00e9lienne. Par exemple, Lew \u00e9tait un fervent partisan de l\u2019accord sur le nucl\u00e9aire iranien, auquel le Premier ministre isra\u00e9lien Benjamin Netanyahu s\u2019opposait fermement. De plus, en tant que secr\u00e9taire au Tr\u00e9sor, Lew a supervis\u00e9 l\u2019administration de l\u2019all\u00e8gement des sanctions contre l\u2019Iran dans le cadre de cet accord.<\/p>\n<p>Avant la confirmation de Lew, de nombreux dirigeants r\u00e9publicains ont remis en question la d\u00e9cision du pr\u00e9sident Biden, soulignant que Lew avait fait des commentaires controvers\u00e9s qui pourraient compliquer son r\u00f4le \u00e0 J\u00e9rusalem, m\u00eame dans des circonstances plus favorables. Cela incluait ses critiques \u00e0 l\u2019\u00e9gard de Netanyahu lors d\u2019un discours \u00e0 l\u2019Universit\u00e9 de Columbia en 2017.<\/p>\n<p>\u00ab Il y a eu des tensions \u00e9videntes avec Washington \u00bb au cours de l\u2019ann\u00e9e \u00e9coul\u00e9e, a not\u00e9 Gilboa. Il a ajout\u00e9 qu&rsquo;avec une administration lib\u00e9rale de gauche \u00e0 la Maison Blanche et peut-\u00eatre le gouvernement le plus conservateur d&rsquo;Isra\u00ebl, cela \u00ab cr\u00e9e des tensions \u00bb et \u00ab une sorte d&rsquo;ali\u00e9nation entre l&rsquo;ambassadeur et le gouvernement ici \u00bb, quel que soit celui qui occupe le poste d&rsquo;ambassadeur. .<\/p>\n<p>Il est \u00e9galement possible que beaucoup aient ressenti l&rsquo;absence de Lew en raison du contraste frappant entre lui et son pr\u00e9d\u00e9cesseur, Thomas Nides.<\/p>\n<blockquote>\n<p>Lew est invisible. Tom \u00e9tait partout.<\/p>\n<\/blockquote>\n<p>Il n&rsquo;y a pas deux oppos\u00e9s de plus que Lew et Nides, ont d\u00e9clar\u00e9 plusieurs sources \u00e0 The Media Line, m\u00eame si beaucoup ont refus\u00e9 de le dire officiellement pour \u00e9viter de d\u00e9nigrer l&rsquo;ambassadeur actuel. Un diplomate l\u2019a dit sans ambages : \u00ab Lew est invisible. Tom \u00e9tait partout.<\/p>\n<p>Ceux qui connaissent Lew le d\u00e9crivent comme un \u00ab bureaucrate timide et r\u00e9serv\u00e9 \u00bb, tandis que Nides \u00e9tait \u00ab la vie du parti \u00bb. Nides \u00e9tait \u00e0 l&rsquo;aise d&rsquo;\u00eatre photographi\u00e9 et interview\u00e9 dans presque toutes les situations, tandis que Lew a rarement \u00e9t\u00e9 vu sur des photos et a donn\u00e9 tr\u00e8s peu d&rsquo;interviews. Notamment, son bureau a refus\u00e9 de commenter cet article.<\/p>\n<p>\u00ab Chaque ambassadeur apporte sa personnalit\u00e9 \u00e0 ce r\u00f4le, et Jack Lew est une personne brillante et r\u00e9serv\u00e9e \u00bb, a d\u00e9clar\u00e9 Fleur Hassan-Nahoum, envoy\u00e9e sp\u00e9ciale d&rsquo;Isra\u00ebl pour le commerce et l&rsquo;innovation.<\/p>\n<p>\u00ab&nbsp;Jack Lew est un acteur de pouvoir accompli \u00e0 Washington&nbsp;\u00bb, a ajout\u00e9 Daroff. \u00ab Il apporte ses connaissances, son expertise et ses relations acquises lors de son mandat de chef de cabinet de la Maison Blanche, de secr\u00e9taire au Tr\u00e9sor et d\u2019innombrables autres fonctions \u00e0 Washington, au profit des relations bilat\u00e9rales entre les \u00c9tats-Unis et Isra\u00ebl. \u00bb<\/p>\n<p>Daroff a not\u00e9 que dans les coulisses, Lew a tenu des dizaines de r\u00e9unions avec des familles d\u2019otages am\u00e9ricaines et a servi de \u00ab canal vital pour garantir que les int\u00e9r\u00eats am\u00e9ricains \u00e9taient prot\u00e9g\u00e9s et promus en Isra\u00ebl \u00bb.<\/p>\n<p class=\"tml-content-in-context\">Lew est le sixi\u00e8me ambassadeur juif des \u00c9tats-Unis en Isra\u00ebl, une tradition qui a commenc\u00e9 avec la nomination de feu Martin Indyk en 1995. Cette lign\u00e9e comprend Daniel Kurtzer, Daniel Shapiro, David Friedman et Tom Nides. Lew, Friedman et Kurtzer sont des juifs orthodoxes, ce qui ajoute une dimension unique \u00e0 leur r\u00f4le.<\/p>\n<p>Huckabee, le nouvel ambassadeur, sera le premier chr\u00e9tien \u00e9vang\u00e9lique \u00e0 occuper ce poste de m\u00e9moire r\u00e9cente. Sa nomination a suscit\u00e9 de grandes attentes, en particulier au sein du mouvement d&rsquo;implantation de centre droit isra\u00e9lien.<\/p>\n<blockquote>\n<p>Tout ambassadeur doit se pr\u00e9parer \u00e0 l&rsquo;impr\u00e9visible, mais Jack Lew a d\u00fb faire face \u00e0 l&rsquo;inimaginable<\/p>\n<\/blockquote>\n<p>\u00ab Tout ambassadeur doit se pr\u00e9parer \u00e0 l\u2019impr\u00e9visible, mais Jack Lew a d\u00fb faire face \u00e0 l\u2019inimaginable : une attaque de grande ampleur contre l\u2019\u00c9tat d\u2019Isra\u00ebl quelques semaines seulement apr\u00e8s sa nomination \u00bb, a d\u00e9clar\u00e9 Heather Stone, vice-pr\u00e9sidente ex\u00e9cutive des D\u00e9mocrates am\u00e9ricains en 2017. Isra\u00ebl.<\/p>\n<p>Fait rare, Lew a commenc\u00e9 son mandat en rencontrant Blinken et le cabinet de guerre isra\u00e9lien avant m\u00eame de pr\u00e9senter ses lettres de cr\u00e9ance au pr\u00e9sident isra\u00e9lien Isaac Herzog. L&rsquo;audition de confirmation de Lew au S\u00e9nat a soulign\u00e9 le besoin crucial d&rsquo;un alli\u00e9 fid\u00e8le \u00e0 la suite de l&rsquo;attaque du Hamas du 7 octobre. Depuis lors, Stone a d\u00e9clar\u00e9 \u00e0 The Media Line que Lew avait toujours d\u00e9fendu le soutien ind\u00e9fectible du pr\u00e9sident am\u00e9ricain Joe Biden \u00e0 Isra\u00ebl tout en plaidant pour la lib\u00e9ration des otages d\u00e9tenus \u00e0 Gaza.<\/p>\n<p>Malgr\u00e9 les pressions politiques exerc\u00e9es par des \u00e9l\u00e9ments marginaux des deux partis am\u00e9ricains et le chaos d&rsquo;une \u00e9lection pr\u00e9sidentielle controvers\u00e9e, Lew a assur\u00e9 au D\u00e9partement d&rsquo;\u00c9tat que les actions d&rsquo;Isra\u00ebl \u00e0 Gaza \u00e9taient conformes aux lois am\u00e9ricaines et internationales, a-t-elle d\u00e9clar\u00e9. Il a maintenu son engagement \u00e0 soutenir Isra\u00ebl pendant l\u2019une de ses p\u00e9riodes les plus sombres.<\/p>\n<p>\u00ab Nous esp\u00e9rons que Jack Lew continuera de d\u00e9noncer l\u2019antisionisme et l\u2019antis\u00e9mitisme en tant que simple citoyen \u00e0 son retour aux \u00c9tats-Unis \u00bb, a conclu Stone.<\/p>\n<\/div>\n<p>A lire:<\/p>\n<p>{{Link.,<a href=\"https:\/\/www.site.cdcl.xyz\/2024\/12\/01\/que-nous-apprend-le-mandat-de-jack-lew-sur-le-poste-dambassadeur-en-temps-de-guerre\/URL\" target=\"_blank\" rel=\"noopener noreferrer nofollow\">Cliquer ICI.<\/a><span><\/span>. Suite sur le prochain article.}<br \/>|{B\u00e2timent restaur\u00e9 par Eug\u00e8ne Viollet-le-Duc.,<a href=\"https:\/\/www.site.cdcl.xyz\/wiki\/Cat%C3%A9gorie:B%C3%A2timent_restaur%C3%A9_par_Eug%C3%A8ne_Viollet-le-Duc\" target=\"_blank\" rel=\"noopener noreferrer nofollow\">Cliquer ICI.<\/a><span><\/span>}<br \/>|{B\u00e2timent restaur\u00e9 par F\u00e9lix Duban.,<a href=\"https:\/\/www.site.cdcl.xyz\/wiki\/Cat%C3%A9gorie:B%C3%A2timent_restaur%C3%A9_par_F%C3%A9lix_Duban\" target=\"_blank\" rel=\"noopener noreferrer nofollow\">Cliquer ICI.<\/a><span><\/span>. Suite sur le prochain article.}<br \/>|{B\u00e2timent restaur\u00e9 par Jean-Baptiste Lassus.,<a href=\"https:\/\/www.site.cdcl.xyz\/wiki\/Cat%C3%A9gorie:B%C3%A2timent_restaur%C3%A9_par_Jean-Baptiste_Lassus\" target=\"_blank\" rel=\"noopener noreferrer nofollow\">L\u2019article de presse.<\/a><span><\/span>}<br \/>|{Bien culturel folklorique important de la Cor\u00e9e du Sud.,<a href=\"https:\/\/www.site.cdcl.xyz\/wiki\/Cat%C3%A9gorie:Bien_culturel_folklorique_important_de_la_Cor%C3%A9e_du_Sud\" target=\"_blank\" rel=\"noopener noreferrer nofollow\">L\u2019article ICI.<\/a><span><\/span>. Suite sur le prochain article.}<br \/>|{Organisme \u00e0 d\u00e9couvrir GCI.,<a href=\"http:\/\/aata.getty.edu\/Home\" target=\"_blank\" rel=\"noopener noreferrer nofollow\">Article complet.<\/a><span><\/span>}<br \/>|{Du CICRP \u2013 Centre interr\u00e9gional de conservation et restauration du patrimoine.,<a href=\"http:\/\/cicrp.info\/fiches-pratiques\/\" target=\"_blank\" rel=\"noopener noreferrer nofollow\">Le post d\u2019actualit\u00e9.<\/a><span><\/span>}<br \/>|{Organisme \u00e0 d\u00e9couvrir COol .,<a href=\"http:\/\/cool.conservation-us.org\/\" target=\"_blank\" rel=\"noopener noreferrer nofollow\">L\u2019article ICI.<\/a><span><\/span>}<br \/>|{Le Corpus Vitrearum International .,<a href=\"http:\/\/cvi.cvma-freiburg.de\" target=\"_blank\" rel=\"noopener noreferrer nofollow\">Le post d\u2019actualit\u00e9.<\/a><span><\/span>. Suite sur le prochain article.}<br \/>|{E-conservation Journal .,<a href=\"http:\/\/e-conservation.org\/\" target=\"_blank\" rel=\"noopener noreferrer nofollow\">Cliquer ICI.<\/a><span><\/span>}<br \/>|{Organisme \u00e0 d\u00e9couvrir ICOM .,<a href=\"http:\/\/icom.museum\/que-faisons-nous\/ressources\/bibliographies\/L\/2.html\" target=\"_blank\" rel=\"noopener noreferrer nofollow\">Le post d\u2019actualit\u00e9.<\/a><span><\/span>}<br \/>|{In Situ. Revue des patrimoines.,<a href=\"http:\/\/insitu.revues.org\" target=\"_blank\" rel=\"noopener noreferrer nofollow\">Le post d\u2019actualit\u00e9.<\/a><span><\/span>}<br \/>|{Organisme \u00e0 d\u00e9couvrir INP.,<a href=\"http:\/\/mediatheque-numerique.inp.fr\/\" target=\"_blank\" rel=\"noopener noreferrer nofollow\">Cliquer ICI.<\/a><span><\/span>. Suite sur le prochain article.}<br \/>|{De la Biblioth\u00e8que nationale de France.,<a href=\"http:\/\/www.bnf.fr\/fr\/professionnels\/conservation_fiches_pratiques\/s.conservation_fiches_prevention.html\" target=\"_blank\" rel=\"noopener noreferrer nofollow\">A lire ici.<\/a><span><\/span>. Suite sur le prochain article.}<br \/>|{CeROArt&nbsp;.,<a href=\"http:\/\/www.ceroart.org\/\" target=\"_blank\" rel=\"noopener noreferrer nofollow\">Article complet.<\/a><span><\/span>}<br \/>|{Le Journal of Film Preservation.,<a href=\"http:\/\/www.fiafnet.org\/fr\/publications\/fep_journal.html\" target=\"_blank\" rel=\"noopener noreferrer nofollow\">Le post d\u2019actualit\u00e9.<\/a><span><\/span>. Suite sur le prochain article.}<br \/>|{Getty conservation Institute.,<a href=\"http:\/\/www.getty.edu\/search\/publications\" target=\"_blank\" rel=\"noopener noreferrer nofollow\">Article complet.<\/a><span><\/span>. Suite sur le prochain article.}<br \/>|{Organisme \u00e0 d\u00e9couvrir ICOMOS.,<a href=\"http:\/\/www.international.icomos.org\/fr\/centre-de-documentation\" target=\"_blank\" rel=\"noopener noreferrer nofollow\">A lire ici.<\/a><span><\/span>. Suite sur le prochain article.}<br \/>|{Organisme \u00e0 d\u00e9couvrir &nbsp;OCIM.,<a href=\"http:\/\/www.ocim.fr\/bibliographie\/\" target=\"_blank\" rel=\"noopener noreferrer nofollow\">A lire ici.<\/a><span><\/span>. Suite sur le prochain article.}<br \/>|{Les Insectes mus\u00e9ophages del\u2019OCIM \u2013 Office de coop\u00e9ration et d\u2019information mus\u00e9ales.,<a href=\"http:\/\/www.ocim.fr\/repertoires\/insectes\/\" target=\"_blank\" rel=\"noopener noreferrer nofollow\">Le dossier.<\/a><span><\/span>}<br \/>|{Du C2RMF \u2013 Centre de recherche et de restauration des mus\u00e9es de France.,<a href=\"https:\/\/c2rmf.fr\/fiches-techniques-0\" target=\"_blank\" rel=\"noopener noreferrer nofollow\">Le texte de l\u2019article.<\/a><span><\/span>. Suite sur le prochain article.}<br \/>|{Guide pratique pour le marquage d\u2019identification des biens culturels \u2013 C2RMF.,<a href=\"https:\/\/c2rmf.fr\/sites\/c2rmf\/files\/guide_pratique_pour_le_marquage_2015.pdf\" target=\"_blank\" rel=\"noopener noreferrer nofollow\">Le dossier.<\/a><span><\/span>}<br \/>|{Vade-mecum de la conservation pr\u00e9ventive \u2013 C2RMF.,<a href=\"https:\/\/c2rmf.fr\/sites\/c2rmf\/files\/vademecum_cc.pdf\" target=\"_blank\" rel=\"noopener noreferrer nofollow\">A lire ici.<\/a><span><\/span>}<br \/>|{La conservation des objets mobiliers dans les \u00e9glises : outil d\u2019auto-\u00e9valuation.,<a href=\"https:\/\/culture.gouv.fr\/Media\/Thematiques\/Circulation-des-biens-culturels\/Files\/Ressources-doc-Guides-et-procedures\/Guide-La-conservation-des-objets-mobiliers-dans-les-eglises-2004\" target=\"_blank\" rel=\"noopener noreferrer nofollow\">Le post d\u2019actualit\u00e9.<\/a><span><\/span>}<br \/>|{M\u00e9tiers de la restauration du patrimoine, statuts, conditions d\u2019exercice et fiscalit\u00e9, fiche pratique MC, 2018.,<a href=\"https:\/\/culture.gouv.fr\/Media\/Thematiques\/Conservation-restauration\/Fichiers\/Fiches-pratiques-manuels-et-revues\/Fiche-metiers-de-la-restauration-2019\" target=\"_blank\" rel=\"noopener noreferrer nofollow\">Le texte de l\u2019article.<\/a><span><\/span>. Suite sur le prochain article.}<br \/>|{S\u00e9curit\u00e9 des biens culturels, de la pr\u00e9vention du vol \u00e0 la restitution de l\u2019objet vol\u00e9.,<a href=\"https:\/\/culture.gouv.fr\/Media\/Thematiques\/Conservation-restauration\/Fichiers\/Fiches-pratiques-manuels-et-revues\/Securite-des-biens-culturels-de-la-prevention-du-vol-a-la-restitution-de-l-objet-vole\" target=\"_blank\" rel=\"noopener noreferrer nofollow\">A lire ici.<\/a><span><\/span>}<br \/>|{Petit Guide \u00e0 l\u2019usage des personnes souhaitant entretenir une s\u00e9pulture.,<a href=\"https:\/\/culture.gouv.fr\/Media\/Thematiques\/Conservation-restauration\/Fichiers\/Ressources-documentaires\/entretenir-une-sepulture\" target=\"_blank\" rel=\"noopener noreferrer nofollow\">Le texte de l\u2019article.<\/a><span><\/span>}<br \/>|{Rescuing the Hidden European Wooden Churches Heritage : an international methodology for implementing a database for restoration projects.,<a href=\"https:\/\/culture.gouv.fr\/Media\/Thematiques\/Conservation-restauration\/Fichiers\/Ressources-documentaires\/hiddenchurches\" target=\"_blank\" rel=\"noopener noreferrer nofollow\">L\u2019article ICI.<\/a><span><\/span>}<br \/>|{Guides de ma\u00eetrise d\u2019ouvrage et de ma\u00eetrise d\u2019\u0153uvre \u2013 Monuments historiques.,<a href=\"https:\/\/culture.gouv.fr\/Region\/Drac-Auvergne-Rhone-Alpes\/Demarches-aides\/Demarches-et-conseils-patrimoine-urbanisme-qualite-architecturale\/Guides-pratiques-travaux-sur-monuments-historiques\" target=\"_blank\" rel=\"noopener noreferrer nofollow\">Le post d\u2019actualit\u00e9.<\/a><span><\/span>}<br \/>|{Charte de Venise.,<a href=\"https:\/\/fr.wikipedia.org\/wiki\/Charte_de_Venise\" target=\"_blank\" rel=\"noopener noreferrer nofollow\">Le dossier.<\/a><span><\/span>. Suite sur le prochain article.}<br \/>|{Charte de Washington.,<a href=\"https:\/\/fr.wikipedia.org\/wiki\/Charte_de_Washington\" target=\"_blank\" rel=\"noopener noreferrer nofollow\">Article complet.<\/a><span><\/span>}<br \/>|{CIDOC Conceptual Reference Model.,<a href=\"https:\/\/fr.wikipedia.org\/wiki\/CIDOC_Conceptual_Reference_Model\" target=\"_blank\" rel=\"noopener noreferrer nofollow\">Le texte de l\u2019article.<\/a><span><\/span>}<br \/>|{Club pour le vieux Prague.,<a href=\"https:\/\/fr.wikipedia.org\/wiki\/Club_pour_le_vieux_Prague\" target=\"_blank\" rel=\"noopener noreferrer nofollow\">Article complet.<\/a><span><\/span>}<br \/>|{Code du patrimoine.,<a href=\"https:\/\/fr.wikipedia.org\/wiki\/Code_du_patrimoine\" target=\"_blank\" rel=\"noopener noreferrer nofollow\">Le post d\u2019actualit\u00e9.<\/a><span><\/span>}<br \/>|{Collection Patrimoine culturel des pays francophones.,<a href=\"https:\/\/fr.wikipedia.org\/wiki\/Collection_Patrimoine_culturel_des_pays_francophones\" target=\"_blank\" rel=\"noopener noreferrer nofollow\">L\u2019article ICI.<\/a><span><\/span>. Suite sur le prochain article.}<br \/>|{Conservation architecturale.,<a href=\"https:\/\/fr.wikipedia.org\/wiki\/Conservation_architecturale\" target=\"_blank\" rel=\"noopener noreferrer nofollow\">Cliquer ICI.<\/a><span><\/span>. Suite sur le prochain article.}<br \/>|{Conservation pr\u00e9ventive.,<a href=\"https:\/\/fr.wikipedia.org\/wiki\/Conservation_pr%C3%A9ventive\" target=\"_blank\" rel=\"noopener noreferrer nofollow\">Le post d\u2019actualit\u00e9.<\/a><span><\/span>}<br \/>|{Convention sur la protection du patrimoine culturel subaquatique.,<a href=\"https:\/\/fr.wikipedia.org\/wiki\/Convention_sur_la_protection_du_patrimoine_culturel_subaquatique\" target=\"_blank\" rel=\"noopener noreferrer nofollow\">Le dossier.<\/a><span><\/span>. Suite sur le prochain article.}<br \/>|{Din l-Art \u0126elwa.,<a href=\"https:\/\/fr.wikipedia.org\/wiki\/Din_l-Art_%C4%A6elwa\" target=\"_blank\" rel=\"noopener noreferrer nofollow\">A lire ici.<\/a><span><\/span>. Suite sur le prochain article.}<br \/>|{Docomomo International.,<a href=\"https:\/\/fr.wikipedia.org\/wiki\/Docomomo_International\" target=\"_blank\" rel=\"noopener noreferrer nofollow\">Article complet.<\/a><span><\/span>}<br \/>|{Doctrines et techniques de conservation \u2013 restauration.,<a href=\"https:\/\/fr.wikipedia.org\/wiki\/Doctrines_et_techniques_de_conservation_-_restauration\" target=\"_blank\" rel=\"noopener noreferrer nofollow\">L\u2019article de presse.<\/a><span><\/span>}<br \/>|{Document de Nara sur l\u2019authenticit\u00e9.,<a href=\"https:\/\/fr.wikipedia.org\/wiki\/Document_de_Nara_sur_l%27authenticit%C3%A9\" target=\"_blank\" rel=\"noopener noreferrer nofollow\">A lire ici.<\/a><span><\/span>. Suite sur le prochain article.}<br \/>|{Fa\u00e7adisme.,<a href=\"https:\/\/fr.wikipedia.org\/wiki\/Fa%C3%A7adisme\" target=\"_blank\" rel=\"noopener noreferrer nofollow\">L\u2019article ICI.<\/a><span><\/span>}<br \/>|{Fondation du patrimoine.,<a href=\"https:\/\/fr.wikipedia.org\/wiki\/Fondation_du_patrimoine\" target=\"_blank\" rel=\"noopener noreferrer nofollow\">Le post d\u2019actualit\u00e9.<\/a><span><\/span>}<br \/>|{Fondation Mansart.,<a href=\"https:\/\/fr.wikipedia.org\/wiki\/Fondation_Mansart\" target=\"_blank\" rel=\"noopener noreferrer nofollow\">Ici.<\/a><span><\/span>. Suite sur le prochain article.}<br \/>|{Ieni-Kale.,<a href=\"https:\/\/fr.wikipedia.org\/wiki\/Ieni-Kale\" target=\"_blank\" rel=\"noopener noreferrer nofollow\">Le texte de l\u2019article.<\/a><span><\/span>}<br \/>|{In situ (conservation du patrimoine).,<a href=\"https:\/\/fr.wikipedia.org\/wiki\/In_situ_(conservation_du_patrimoine)\" target=\"_blank\" rel=\"noopener noreferrer nofollow\">Cliquer ICI.<\/a><span><\/span>}<br \/>|{Injection de coulis de liant dans les ma\u00e7onneries.,<a href=\"https:\/\/fr.wikipedia.org\/wiki\/Injection_de_coulis_de_liant_dans_les_ma%C3%A7onneries\" target=\"_blank\" rel=\"noopener noreferrer nofollow\">A lire ici.<\/a><span><\/span>}<br \/>|{Jacques Harmand.,<a href=\"https:\/\/fr.wikipedia.org\/wiki\/Jacques_Harmand\" target=\"_blank\" rel=\"noopener noreferrer nofollow\">L\u2019article de presse.<\/a><span><\/span>}<br \/>|{La Tribune de l\u2019art.,<a href=\"https:\/\/fr.wikipedia.org\/wiki\/La_Tribune_de_l%27art\" target=\"_blank\" rel=\"noopener noreferrer nofollow\">Le texte de l\u2019article.<\/a><span><\/span>}<br \/>|{Nisso Pelossof.,<a href=\"https:\/\/fr.wikipedia.org\/wiki\/Nisso_Pelossof\" target=\"_blank\" rel=\"noopener noreferrer nofollow\">Cliquer ICI.<\/a><span><\/span>}<br \/>|{Palais Daming.,<a href=\"https:\/\/fr.wikipedia.org\/wiki\/Palais_Daming\" target=\"_blank\" rel=\"noopener noreferrer nofollow\">Cliquer ICI.<\/a><span><\/span>. Suite sur le prochain article.}<br \/>|{Paris historique.,<a href=\"https:\/\/fr.wikipedia.org\/wiki\/Paris_historique\" target=\"_blank\" rel=\"noopener noreferrer nofollow\">L\u2019article de presse.<\/a><span><\/span>}<br \/>|{Patrimoine d\u2019int\u00e9r\u00eat r\u00e9gional.,<a href=\"https:\/\/fr.wikipedia.org\/wiki\/Patrimoine_d%27int%C3%A9r%C3%AAt_r%C3%A9gional\" target=\"_blank\" rel=\"noopener noreferrer nofollow\">L\u2019article de presse.<\/a><span><\/span>. Suite sur le prochain article.}<br \/>|{Patrimoine sans fronti\u00e8res.,<a href=\"https:\/\/fr.wikipedia.org\/wiki\/Patrimoine_sans_fronti%C3%A8res\" target=\"_blank\" rel=\"noopener noreferrer nofollow\">L\u2019article de presse.<\/a><span><\/span>. Suite sur le prochain article.}<br \/>|{Patrimoine syrien pendant la guerre civile.,<a href=\"https:\/\/fr.wikipedia.org\/wiki\/Patrimoine_syrien_pendant_la_guerre_civile\" target=\"_blank\" rel=\"noopener noreferrer nofollow\">L\u2019article ICI.<\/a><span><\/span>}<br \/>|{Patrimoine syrien pendant la guerre civile.,<a href=\"https:\/\/fr.wikipedia.org\/wiki\/Patrimoine_syrien_pendant_la_guerre_civile\" target=\"_blank\" rel=\"noopener noreferrer nofollow\">L\u2019article de presse.<\/a><span><\/span>. Suite sur le prochain article.}<br \/>|{Patrimonialisation.,<a href=\"https:\/\/fr.wikipedia.org\/wiki\/Patrimonialisation\" target=\"_blank\" rel=\"noopener noreferrer nofollow\">Le dossier.<\/a><span><\/span>. Suite sur le prochain article.}<br \/>|{Patrimonialisation (homonymie).,<a href=\"https:\/\/fr.wikipedia.org\/wiki\/Patrimonialisation_(homonymie)\" target=\"_blank\" rel=\"noopener noreferrer nofollow\">Cliquer ICI.<\/a><span><\/span>}<br \/>|{Pont de Gorica.,<a href=\"https:\/\/fr.wikipedia.org\/wiki\/Pont_de_Gorica\" target=\"_blank\" rel=\"noopener noreferrer nofollow\">Cliquer ICI.<\/a><span><\/span>}<br \/>|{Port d\u2019int\u00e9r\u00eat patrimonial.,<a href=\"https:\/\/fr.wikipedia.org\/wiki\/Port_d%27int%C3%A9r%C3%AAt_patrimonial\" target=\"_blank\" rel=\"noopener noreferrer nofollow\">A lire ici.<\/a><span><\/span>}<br \/>|{Prix du patrimoine culturel de l\u2019UE\/Concours Europa Nostra.,<a href=\"https:\/\/fr.wikipedia.org\/wiki\/Prix_du_patrimoine_culturel_de_l%E2%80%99UE\/Concours_Europa_Nostra\" target=\"_blank\" rel=\"noopener noreferrer nofollow\">L\u2019article ICI.<\/a><span><\/span>. Suite sur le prochain article.}<br \/>|{R\u00e9seau culturel Terre catalane.,<a href=\"https:\/\/fr.wikipedia.org\/wiki\/R%C3%A9seau_culturel_Terre_catalane\" target=\"_blank\" rel=\"noopener noreferrer nofollow\">Cliquer ICI.<\/a><span><\/span>}<br \/>|{Red Tail Project.,<a href=\"https:\/\/fr.wikipedia.org\/wiki\/Red_Tail_Project\" target=\"_blank\" rel=\"noopener noreferrer nofollow\">Ici.<\/a><span><\/span>. Suite sur le prochain article.}<br \/>|{Registre patrimonial du Queensland.,<a href=\"https:\/\/fr.wikipedia.org\/wiki\/Registre_patrimonial_du_Queensland\" target=\"_blank\" rel=\"noopener noreferrer nofollow\">Cliquer ICI.<\/a><span><\/span>}<br \/>|{Ren\u00e9 Dinkel.,<a href=\"https:\/\/fr.wikipedia.org\/wiki\/Ren%C3%A9_Dinkel\" target=\"_blank\" rel=\"noopener noreferrer nofollow\">A lire ici.<\/a><span><\/span>}<br \/>|{Renaissance du Lille Ancien.,<a href=\"https:\/\/fr.wikipedia.org\/wiki\/Renaissance_du_Lille_Ancien\" target=\"_blank\" rel=\"noopener noreferrer nofollow\">L\u2019article de presse.<\/a><span><\/span>}<br \/>|{Restauration de la composition murale de la Maison de la Radio \u00e0 Strasbourg.,<a href=\"https:\/\/fr.wikipedia.org\/wiki\/Restauration_de_la_composition_murale_de_la_Maison_de_la_Radio_%C3%A0_Strasbourg\" target=\"_blank\" rel=\"noopener noreferrer nofollow\">Article complet.<\/a><span><\/span>}<br \/>|{Ruine.,<a href=\"https:\/\/fr.wikipedia.org\/wiki\/Ruine\" target=\"_blank\" rel=\"noopener noreferrer nofollow\">L\u2019article ICI.<\/a><span><\/span>. Suite sur le prochain article.}<br \/>|{Secteur sauvegard\u00e9 de Lille.,<a href=\"https:\/\/fr.wikipedia.org\/wiki\/Secteur_sauvegard%C3%A9_de_Lille\" target=\"_blank\" rel=\"noopener noreferrer nofollow\">L\u2019article de presse.<\/a><span><\/span>}<br \/>|{Secteur sauvegard\u00e9 de Lille.,<a href=\"https:\/\/fr.wikipedia.org\/wiki\/Secteur_sauvegard%C3%A9_de_Lille\" target=\"_blank\" rel=\"noopener noreferrer nofollow\">Le post d\u2019actualit\u00e9.<\/a><span><\/span>}<br \/>|{Secteur sauvegard\u00e9 de Sedan.,<a href=\"https:\/\/fr.wikipedia.org\/wiki\/Secteur_sauvegard%C3%A9_de_Sedan\" target=\"_blank\" rel=\"noopener noreferrer nofollow\">Le dossier.<\/a><span><\/span>}<br \/>|{Secteur sauvegard\u00e9 de Sedan.,<a href=\"https:\/\/fr.wikipedia.org\/wiki\/Secteur_sauvegard%C3%A9_de_Sedan\" target=\"_blank\" rel=\"noopener noreferrer nofollow\">Article complet.<\/a><span><\/span>. Suite sur le prochain article.}<br \/>|{Sites culturels construits d\u2019int\u00e9r\u00eat national en Finlande.,<a href=\"https:\/\/fr.wikipedia.org\/wiki\/Sites_culturels_construits_d%27int%C3%A9r%C3%AAt_national_en_Finlande\" target=\"_blank\" rel=\"noopener noreferrer nofollow\">Cliquer ICI.<\/a><span><\/span>}<br \/>|{Sites culturels construits d\u2019int\u00e9r\u00eat national en Finlande.,<a href=\"https:\/\/fr.wikipedia.org\/wiki\/Sites_culturels_construits_d%27int%C3%A9r%C3%AAt_national_en_Finlande\" target=\"_blank\" rel=\"noopener noreferrer nofollow\">Ici.<\/a><span><\/span>. Suite sur le prochain article.}<br \/>|{Sites historiques et culturels majeurs prot\u00e9g\u00e9s au niveau national.,<a href=\"https:\/\/fr.wikipedia.org\/wiki\/Sites_historiques_et_culturels_majeurs_prot%C3%A9g%C3%A9s_au_niveau_national\" target=\"_blank\" rel=\"noopener noreferrer nofollow\">Le texte de l\u2019article.<\/a><span><\/span>. Suite sur le prochain article.}<br \/>|{Sites historiques et culturels majeurs prot\u00e9g\u00e9s au niveau national.,<a href=\"https:\/\/fr.wikipedia.org\/wiki\/Sites_historiques_et_culturels_majeurs_prot%C3%A9g%C3%A9s_au_niveau_national\" target=\"_blank\" rel=\"noopener noreferrer nofollow\">Ici.<\/a><span><\/span>}<br \/>|{Sites historiques et culturels majeurs prot\u00e9g\u00e9s au niveau national (Gansu).,<a href=\"https:\/\/fr.wikipedia.org\/wiki\/Sites_historiques_et_culturels_majeurs_prot%C3%A9g%C3%A9s_au_niveau_national_(Gansu)\" target=\"_blank\" rel=\"noopener noreferrer nofollow\">Le dossier.<\/a><span><\/span>}<br \/>|{Sites historiques et culturels majeurs prot\u00e9g\u00e9s au niveau national (Gansu).,<a href=\"https:\/\/fr.wikipedia.org\/wiki\/Sites_historiques_et_culturels_majeurs_prot%C3%A9g%C3%A9s_au_niveau_national_(Gansu)\" target=\"_blank\" rel=\"noopener noreferrer nofollow\">L\u2019article ICI.<\/a><span><\/span>}<br \/>|{Sites historiques et culturels majeurs prot\u00e9g\u00e9s au niveau national (Hebei).,<a href=\"https:\/\/fr.wikipedia.org\/wiki\/Sites_historiques_et_culturels_majeurs_prot%C3%A9g%C3%A9s_au_niveau_national_(Hebei)\" target=\"_blank\" rel=\"noopener noreferrer nofollow\">A lire ici.<\/a><span><\/span>. Suite sur le prochain article.}<br \/>|{Sites historiques et culturels majeurs prot\u00e9g\u00e9s au niveau national (Hebei).,<a href=\"https:\/\/fr.wikipedia.org\/wiki\/Sites_historiques_et_culturels_majeurs_prot%C3%A9g%C3%A9s_au_niveau_national_(Hebei)\" target=\"_blank\" rel=\"noopener noreferrer nofollow\">Ici.<\/a><span><\/span>}<br \/>|{Sites historiques et culturels majeurs prot\u00e9g\u00e9s au niveau national (Heilongjiang).,<a href=\"https:\/\/fr.wikipedia.org\/wiki\/Sites_historiques_et_culturels_majeurs_prot%C3%A9g%C3%A9s_au_niveau_national_(Heilongjiang)\" target=\"_blank\" rel=\"noopener noreferrer nofollow\">Le post d\u2019actualit\u00e9.<\/a><span><\/span>}<br \/>|{Sites historiques et culturels majeurs prot\u00e9g\u00e9s au niveau national (Heilongjiang).,<a href=\"https:\/\/fr.wikipedia.org\/wiki\/Sites_historiques_et_culturels_majeurs_prot%C3%A9g%C3%A9s_au_niveau_national_(Heilongjiang)\" target=\"_blank\" rel=\"noopener noreferrer nofollow\">Article complet.<\/a><span><\/span>. Suite sur le prochain article.}<br \/>|{Sites historiques et culturels majeurs prot\u00e9g\u00e9s au niveau national (Jiangxi).,<a href=\"https:\/\/fr.wikipedia.org\/wiki\/Sites_historiques_et_culturels_majeurs_prot%C3%A9g%C3%A9s_au_niveau_national_(Jiangxi)\" target=\"_blank\" rel=\"noopener noreferrer nofollow\">L\u2019article de presse.<\/a><span><\/span>}<br \/>|{Sites historiques et culturels majeurs prot\u00e9g\u00e9s au niveau national (Jiangxi).,<a href=\"https:\/\/fr.wikipedia.org\/wiki\/Sites_historiques_et_culturels_majeurs_prot%C3%A9g%C3%A9s_au_niveau_national_(Jiangxi)\" target=\"_blank\" rel=\"noopener noreferrer nofollow\">Cliquer ICI.<\/a><span><\/span>}<br \/>|{Sites historiques et culturels majeurs prot\u00e9g\u00e9s au niveau national (Liaoning).,<a href=\"https:\/\/fr.wikipedia.org\/wiki\/Sites_historiques_et_culturels_majeurs_prot%C3%A9g%C3%A9s_au_niveau_national_(Liaoning)\" target=\"_blank\" rel=\"noopener noreferrer nofollow\">L\u2019article de presse.<\/a><span><\/span>}<br \/>|{Sites historiques et culturels majeurs prot\u00e9g\u00e9s au niveau national (Liaoning).,<a href=\"https:\/\/fr.wikipedia.org\/wiki\/Sites_historiques_et_culturels_majeurs_prot%C3%A9g%C3%A9s_au_niveau_national_(Liaoning)\" target=\"_blank\" rel=\"noopener noreferrer nofollow\">Ici.<\/a><span><\/span>. Suite sur le prochain article.}<br \/>|{Sites historiques et culturels majeurs prot\u00e9g\u00e9s au niveau national (Mongolie int\u00e9rieure).,<a href=\"https:\/\/fr.wikipedia.org\/wiki\/Sites_historiques_et_culturels_majeurs_prot%C3%A9g%C3%A9s_au_niveau_national_(Mongolie_int%C3%A9rieure)\" target=\"_blank\" rel=\"noopener noreferrer nofollow\">Ici.<\/a><span><\/span>. Suite sur le prochain article.}<br \/>|{Sites historiques et culturels majeurs prot\u00e9g\u00e9s au niveau national (Mongolie int\u00e9rieure).,<a href=\"https:\/\/fr.wikipedia.org\/wiki\/Sites_historiques_et_culturels_majeurs_prot%C3%A9g%C3%A9s_au_niveau_national_(Mongolie_int%C3%A9rieure)\" target=\"_blank\" rel=\"noopener noreferrer nofollow\">Cliquer ICI.<\/a><span><\/span>}<br \/>|{Sites historiques et culturels majeurs prot\u00e9g\u00e9s au niveau national (Ningxia).,<a href=\"https:\/\/fr.wikipedia.org\/wiki\/Sites_historiques_et_culturels_majeurs_prot%C3%A9g%C3%A9s_au_niveau_national_(Ningxia)\" target=\"_blank\" rel=\"noopener noreferrer nofollow\">Cliquer ICI.<\/a><span><\/span>}<br \/>|{Sites historiques et culturels majeurs prot\u00e9g\u00e9s au niveau national (Ningxia).,<a href=\"https:\/\/fr.wikipedia.org\/wiki\/Sites_historiques_et_culturels_majeurs_prot%C3%A9g%C3%A9s_au_niveau_national_(Ningxia)\" target=\"_blank\" rel=\"noopener noreferrer nofollow\">Le dossier.<\/a><span><\/span>}<br \/>|{Sites historiques et culturels majeurs prot\u00e9g\u00e9s au niveau national (Shaanxi).,<a href=\"https:\/\/fr.wikipedia.org\/wiki\/Sites_historiques_et_culturels_majeurs_prot%C3%A9g%C3%A9s_au_niveau_national_(Shaanxi)\" target=\"_blank\" rel=\"noopener noreferrer nofollow\">A lire ici.<\/a><span><\/span>}<br \/>|{Sites historiques et culturels majeurs prot\u00e9g\u00e9s au niveau national (Shaanxi).,<a href=\"https:\/\/fr.wikipedia.org\/wiki\/Sites_historiques_et_culturels_majeurs_prot%C3%A9g%C3%A9s_au_niveau_national_(Shaanxi)\" target=\"_blank\" rel=\"noopener noreferrer nofollow\">L\u2019article de presse.<\/a><span><\/span>. Suite sur le prochain article.}<br \/>|{Sites historiques et culturels majeurs prot\u00e9g\u00e9s au niveau national (Sichuan).,<a href=\"https:\/\/fr.wikipedia.org\/wiki\/Sites_historiques_et_culturels_majeurs_prot%C3%A9g%C3%A9s_au_niveau_national_(Sichuan)\" target=\"_blank\" rel=\"noopener noreferrer nofollow\">Cliquer ICI.<\/a><span><\/span>}<br \/>|{Sites historiques et culturels majeurs prot\u00e9g\u00e9s au niveau national (Sichuan).,<a href=\"https:\/\/fr.wikipedia.org\/wiki\/Sites_historiques_et_culturels_majeurs_prot%C3%A9g%C3%A9s_au_niveau_national_(Sichuan)\" target=\"_blank\" rel=\"noopener noreferrer nofollow\">L\u2019article ICI.<\/a><span><\/span>}<br \/>|{Sites historiques et culturels majeurs prot\u00e9g\u00e9s au niveau national (Xinjiang).,<a href=\"https:\/\/fr.wikipedia.org\/wiki\/Sites_historiques_et_culturels_majeurs_prot%C3%A9g%C3%A9s_au_niveau_national_(Xinjiang)\" target=\"_blank\" rel=\"noopener noreferrer nofollow\">A lire ici.<\/a><span><\/span>}<br \/>|{Sites historiques et culturels majeurs prot\u00e9g\u00e9s au niveau national (Xinjiang).,<a href=\"https:\/\/fr.wikipedia.org\/wiki\/Sites_historiques_et_culturels_majeurs_prot%C3%A9g%C3%A9s_au_niveau_national_(Xinjiang)\" target=\"_blank\" rel=\"noopener noreferrer nofollow\">L\u2019article ICI.<\/a><span><\/span>}<br \/>|{Sites historiques et culturels majeurs prot\u00e9g\u00e9s de la r\u00e9gion autonome du Tibet.,<a href=\"https:\/\/fr.wikipedia.org\/wiki\/Sites_historiques_et_culturels_majeurs_prot%C3%A9g%C3%A9s_de_la_r%C3%A9gion_autonome_du_Tibet\" target=\"_blank\" rel=\"noopener noreferrer nofollow\">Ici.<\/a><span><\/span>}<br \/>|{Sites historiques et culturels majeurs prot\u00e9g\u00e9s de la r\u00e9gion autonome du Tibet.,<a href=\"https:\/\/fr.wikipedia.org\/wiki\/Sites_historiques_et_culturels_majeurs_prot%C3%A9g%C3%A9s_de_la_r%C3%A9gion_autonome_du_Tibet\" target=\"_blank\" rel=\"noopener noreferrer nofollow\">A lire ici.<\/a><span><\/span>}<br \/>|{Soci\u00e9t\u00e9 Jersiaise.,<a href=\"https:\/\/fr.wikipedia.org\/wiki\/Soci%C3%A9t%C3%A9_Jersiaise\" target=\"_blank\" rel=\"noopener noreferrer nofollow\">Le dossier.<\/a><span><\/span>}<br \/>|{Soci\u00e9t\u00e9 Jersiaise.,<a href=\"https:\/\/fr.wikipedia.org\/wiki\/Soci%C3%A9t%C3%A9_Jersiaise\" target=\"_blank\" rel=\"noopener noreferrer nofollow\">Le texte de l\u2019article.<\/a><span><\/span>}<br \/>|{Th\u00e9orie de la restauration.,<a href=\"https:\/\/fr.wikipedia.org\/wiki\/Th%C3%A9orie_de_la_restauration\" target=\"_blank\" rel=\"noopener noreferrer nofollow\">L\u2019article ICI.<\/a><span><\/span>}<br \/>|{Tr\u00e9sor national (Japon).,<a href=\"https:\/\/fr.wikipedia.org\/wiki\/Tr%C3%A9sor_national_(Japon)\" target=\"_blank\" rel=\"noopener noreferrer nofollow\">Le dossier.<\/a><span><\/span>}<br \/>|{Web Journal on Cultural Patrimony.,<a href=\"https:\/\/fr.wikipedia.org\/wiki\/Web_Journal_on_Cultural_Patrimony\" target=\"_blank\" rel=\"noopener noreferrer nofollow\">Article complet.<\/a><span><\/span>}<br \/>|{Whanganui.,<a href=\"https:\/\/fr.wikipedia.org\/wiki\/Whanganui\" target=\"_blank\" rel=\"noopener noreferrer nofollow\">Le post d\u2019actualit\u00e9.<\/a><span><\/span>. Suite sur le prochain article.}<br \/>|{Wiki Loves Earth.,<a href=\"https:\/\/fr.wikipedia.org\/wiki\/Wiki_Loves_Earth\" target=\"_blank\" rel=\"noopener noreferrer nofollow\">Ici.<\/a><span><\/span>}<br \/>|{Wiki Loves Monuments.,<a href=\"https:\/\/fr.wikipedia.org\/wiki\/Wiki_Loves_Monuments\" target=\"_blank\" rel=\"noopener noreferrer nofollow\">Le dossier.<\/a><span><\/span>. Suite sur le prochain article.}<br \/>|{vitrail.,<a href=\"https:\/\/fr.wikipedia.orghttps:\/\/fr.wikipedia.org\/wiki\/Vitrail\" target=\"_blank\" rel=\"noopener noreferrer nofollow\">L\u2019article ICI.<\/a><span><\/span>}<br \/>|{Les ICC Notes de l\u2019Institut canadien pour la conservation.,<a href=\"https:\/\/www.canada.ca\/fr\/institut-conservation\/services\/publications-conservation-preservation\/notes-institut-canadien-conservation.html\" target=\"_blank\" rel=\"noopener noreferrer nofollow\">Le texte de l\u2019article.<\/a><span><\/span>}<br \/>|{Centre de conservation du Qu\u00e9bec .,<a href=\"https:\/\/www.ccq.gouv.qc.ca\/index-id%3d84.html\" target=\"_blank\" rel=\"noopener noreferrer nofollow\">Le texte de l\u2019article.<\/a><span><\/span>}<br \/>|{Monumental n\u00b022 Conservation, restauration, restauration, doctrines.,<a href=\"https:\/\/www.editions-du-patrimoine.fr\/Librairie\/Monumental\/Monumental-N-22-Conservation.-restauration-doctrines?pRelatedEditions=3\" target=\"_blank\" rel=\"noopener noreferrer nofollow\">L\u2019article de presse.<\/a><span><\/span>. Suite sur le prochain article.}<br \/>|{Ge-conservacion.,<a href=\"https:\/\/www.ge-iic.com\/ojs\/index.php\/revista\/issue\/archive\" target=\"_blank\" rel=\"noopener noreferrer nofollow\">Le texte de l\u2019article.<\/a><span><\/span>}<br \/>|{en ligne ici.,<a href=\"https:\/\/www.ifla.org\/resources\/?_sfm_resource_topic=1200820&amp;_sfm_resource_type=All\" target=\"_blank\" rel=\"noopener noreferrer nofollow\">Ici.<\/a><span><\/span>}<br \/>|{News in Conservation.,<a href=\"https:\/\/www.iiconservation.org\/publications\/nic\" target=\"_blank\" rel=\"noopener noreferrer nofollow\">Le post d\u2019actualit\u00e9.<\/a><span><\/span>. Suite sur le prochain article.}<br \/>|{Image permanence Institute.,<a href=\"https:\/\/www.imagepermanenceinstitute.org\/education\/publications.html\" target=\"_blank\" rel=\"noopener noreferrer nofollow\">Le texte de l\u2019article.<\/a><span><\/span>}<br \/>|{Les Preservation leaflets du NEDCC \u2013 Northeast document center.,<a href=\"https:\/\/www.nedcc.org\/free-resources\/preservation-leaflets\/overview\" target=\"_blank\" rel=\"noopener noreferrer nofollow\">Ici.<\/a><span><\/span>. Suite sur le prochain article.}<br \/>|{Conserve O Gram du National Park Service.,<a href=\"https:\/\/www.nps.gov\/museum\/publications\/conserveogram\/cons_toc.html\" target=\"_blank\" rel=\"noopener noreferrer nofollow\">Le post d\u2019actualit\u00e9.<\/a><span><\/span>. Suite sur le prochain article.}<br \/>|{Petite histoire de la restauration des monuments historiques.,<a href=\"https:\/\/www.tourisme93.com\/petite-histoire-de-la-restauration-des-monuments-historiques.html\" target=\"_blank\" rel=\"noopener noreferrer nofollow\">A lire ici.<\/a><span><\/span>. Suite sur le prochain article.}<br \/>}<br \/>{{Link.,<a href=\"https:\/\/www.site.cdcl.xyz\/2024\/12\/01\/que-nous-apprend-le-mandat-de-jack-lew-sur-le-poste-dambassadeur-en-temps-de-guerre\/URL\" target=\"_blank\" rel=\"noopener noreferrer nofollow\">Le texte de l\u2019article.<\/a><span><\/span>. Suite sur le prochain article.}<br \/>|{B\u00e2timent restaur\u00e9 par Eug\u00e8ne Viollet-le-Duc.,<a href=\"https:\/\/www.site.cdcl.xyz\/wiki\/Cat%C3%A9gorie:B%C3%A2timent_restaur%C3%A9_par_Eug%C3%A8ne_Viollet-le-Duc\" target=\"_blank\" rel=\"noopener noreferrer nofollow\">A lire ici.<\/a><span><\/span>. Suite sur le prochain article.}<br \/>|{B\u00e2timent restaur\u00e9 par F\u00e9lix Duban.,<a href=\"https:\/\/www.site.cdcl.xyz\/wiki\/Cat%C3%A9gorie:B%C3%A2timent_restaur%C3%A9_par_F%C3%A9lix_Duban\" target=\"_blank\" rel=\"noopener noreferrer nofollow\">A lire ici.<\/a><span><\/span>}<br \/>|{B\u00e2timent restaur\u00e9 par Jean-Baptiste Lassus.,<a href=\"https:\/\/www.site.cdcl.xyz\/wiki\/Cat%C3%A9gorie:B%C3%A2timent_restaur%C3%A9_par_Jean-Baptiste_Lassus\" target=\"_blank\" rel=\"noopener noreferrer nofollow\">L\u2019article ICI.<\/a><span><\/span>. Suite sur le prochain article.}<br \/>|{Bien culturel folklorique important de la Cor\u00e9e du Sud.,<a href=\"https:\/\/www.site.cdcl.xyz\/wiki\/Cat%C3%A9gorie:Bien_culturel_folklorique_important_de_la_Cor%C3%A9e_du_Sud\" target=\"_blank\" rel=\"noopener noreferrer nofollow\">Le post d\u2019actualit\u00e9.<\/a><span><\/span>}<br \/>|{Organisme \u00e0 d\u00e9couvrir GCI.,<a href=\"http:\/\/aata.getty.edu\/Home\" target=\"_blank\" rel=\"noopener noreferrer nofollow\">Cliquer ICI.<\/a><span><\/span>. Suite sur le prochain article.}<br \/>|{Du CICRP \u2013 Centre interr\u00e9gional de conservation et restauration du patrimoine.,<a href=\"http:\/\/cicrp.info\/fiches-pratiques\/\" target=\"_blank\" rel=\"noopener noreferrer nofollow\">Article complet.<\/a><span><\/span>}<br \/>|{Organisme \u00e0 d\u00e9couvrir COol .,<a href=\"http:\/\/cool.conservation-us.org\/\" target=\"_blank\" rel=\"noopener noreferrer nofollow\">Le dossier.<\/a><span><\/span>}<br \/>|{Le Corpus Vitrearum International .,<a href=\"http:\/\/cvi.cvma-freiburg.de\" target=\"_blank\" rel=\"noopener noreferrer nofollow\">Cliquer ICI.<\/a><span><\/span>}<br \/>|{E-conservation Journal .,<a href=\"http:\/\/e-conservation.org\/\" target=\"_blank\" rel=\"noopener noreferrer nofollow\">L\u2019article ICI.<\/a><span><\/span>}<br \/>|{Organisme \u00e0 d\u00e9couvrir ICOM .,<a href=\"http:\/\/icom.museum\/que-faisons-nous\/ressources\/bibliographies\/L\/2.html\" target=\"_blank\" rel=\"noopener noreferrer nofollow\">L\u2019article de presse.<\/a><span><\/span>}<br \/>|{In Situ. Revue des patrimoines.,<a href=\"http:\/\/insitu.revues.org\" target=\"_blank\" rel=\"noopener noreferrer nofollow\">A lire ici.<\/a><span><\/span>}<br \/>|{Organisme \u00e0 d\u00e9couvrir INP.,<a href=\"http:\/\/mediatheque-numerique.inp.fr\/\" target=\"_blank\" rel=\"noopener noreferrer nofollow\">Article complet.<\/a><span><\/span>}<br \/>|{De la Biblioth\u00e8que nationale de France.,<a href=\"http:\/\/www.bnf.fr\/fr\/professionnels\/conservation_fiches_pratiques\/s.conservation_fiches_prevention.html\" target=\"_blank\" rel=\"noopener noreferrer nofollow\">Le dossier.<\/a><span><\/span>. Suite sur le prochain article.}<br \/>|{CeROArt&nbsp;.,<a href=\"http:\/\/www.ceroart.org\/\" target=\"_blank\" rel=\"noopener noreferrer nofollow\">Ici.<\/a><span><\/span>. Suite sur le prochain article.}<br \/>|{Le Journal of Film Preservation.,<a href=\"http:\/\/www.fiafnet.org\/fr\/publications\/fep_journal.html\" target=\"_blank\" rel=\"noopener noreferrer nofollow\">L\u2019article de presse.<\/a><span><\/span>}<br \/>|{Getty conservation Institute.,<a href=\"http:\/\/www.getty.edu\/search\/publications\" target=\"_blank\" rel=\"noopener noreferrer nofollow\">Ici.<\/a><span><\/span>}<br \/>|{Organisme \u00e0 d\u00e9couvrir ICOMOS.,<a href=\"http:\/\/www.international.icomos.org\/fr\/centre-de-documentation\" target=\"_blank\" rel=\"noopener noreferrer nofollow\">A lire ici.<\/a><span><\/span>. Suite sur le prochain article.}<br \/>|{Organisme \u00e0 d\u00e9couvrir &nbsp;OCIM.,<a href=\"http:\/\/www.ocim.fr\/bibliographie\/\" target=\"_blank\" rel=\"noopener noreferrer nofollow\">Article complet.<\/a><span><\/span>}<br \/>|{Les Insectes mus\u00e9ophages del\u2019OCIM \u2013 Office de coop\u00e9ration et d\u2019information mus\u00e9ales.,<a href=\"http:\/\/www.ocim.fr\/repertoires\/insectes\/\" target=\"_blank\" rel=\"noopener noreferrer nofollow\">Ici.<\/a><span><\/span>. Suite sur le prochain article.}<br \/>|{Du C2RMF \u2013 Centre de recherche et de restauration des mus\u00e9es de France.,<a href=\"https:\/\/c2rmf.fr\/fiches-techniques-0\" target=\"_blank\" rel=\"noopener noreferrer nofollow\">Ici.<\/a><span><\/span>}<br \/>|{Guide pratique pour le marquage d\u2019identification des biens culturels \u2013 C2RMF.,<a href=\"https:\/\/c2rmf.fr\/sites\/c2rmf\/files\/guide_pratique_pour_le_marquage_2015.pdf\" target=\"_blank\" rel=\"noopener noreferrer nofollow\">Le dossier.<\/a><span><\/span>}<br \/>|{Vade-mecum de la conservation pr\u00e9ventive \u2013 C2RMF.,<a href=\"https:\/\/c2rmf.fr\/sites\/c2rmf\/files\/vademecum_cc.pdf\" target=\"_blank\" rel=\"noopener noreferrer nofollow\">Le texte de l\u2019article.<\/a><span><\/span>}<br \/>|{La conservation des objets mobiliers dans les \u00e9glises : outil d\u2019auto-\u00e9valuation.,<a href=\"https:\/\/culture.gouv.fr\/Media\/Thematiques\/Circulation-des-biens-culturels\/Files\/Ressources-doc-Guides-et-procedures\/Guide-La-conservation-des-objets-mobiliers-dans-les-eglises-2004\" target=\"_blank\" rel=\"noopener noreferrer nofollow\">A lire ici.<\/a><span><\/span>. Suite sur le prochain article.}<br \/>|{M\u00e9tiers de la restauration du patrimoine, statuts, conditions d\u2019exercice et fiscalit\u00e9, fiche pratique MC, 2018.,<a href=\"https:\/\/culture.gouv.fr\/Media\/Thematiques\/Conservation-restauration\/Fichiers\/Fiches-pratiques-manuels-et-revues\/Fiche-metiers-de-la-restauration-2019\" target=\"_blank\" rel=\"noopener noreferrer nofollow\">Ici.<\/a><span><\/span>. Suite sur le prochain article.}<br \/>|{S\u00e9curit\u00e9 des biens culturels, de la pr\u00e9vention du vol \u00e0 la restitution de l\u2019objet vol\u00e9.,<a href=\"https:\/\/culture.gouv.fr\/Media\/Thematiques\/Conservation-restauration\/Fichiers\/Fiches-pratiques-manuels-et-revues\/Securite-des-biens-culturels-de-la-prevention-du-vol-a-la-restitution-de-l-objet-vole\" target=\"_blank\" rel=\"noopener noreferrer nofollow\">Cliquer ICI.<\/a><span><\/span>}<br \/>|{Petit Guide \u00e0 l\u2019usage des personnes souhaitant entretenir une s\u00e9pulture.,<a href=\"https:\/\/culture.gouv.fr\/Media\/Thematiques\/Conservation-restauration\/Fichiers\/Ressources-documentaires\/entretenir-une-sepulture\" target=\"_blank\" rel=\"noopener noreferrer nofollow\">Le dossier.<\/a><span><\/span>}<br \/>|{Rescuing the Hidden European Wooden Churches Heritage : an international methodology for implementing a database for restoration projects.,<a href=\"https:\/\/culture.gouv.fr\/Media\/Thematiques\/Conservation-restauration\/Fichiers\/Ressources-documentaires\/hiddenchurches\" target=\"_blank\" rel=\"noopener noreferrer nofollow\">Le dossier.<\/a><span><\/span>}<br \/>|{Guides de ma\u00eetrise d\u2019ouvrage et de ma\u00eetrise d\u2019\u0153uvre \u2013 Monuments historiques.,<a href=\"https:\/\/culture.gouv.fr\/Region\/Drac-Auvergne-Rhone-Alpes\/Demarches-aides\/Demarches-et-conseils-patrimoine-urbanisme-qualite-architecturale\/Guides-pratiques-travaux-sur-monuments-historiques\" target=\"_blank\" rel=\"noopener noreferrer nofollow\">Article complet.<\/a><span><\/span>}<br \/>|{Charte de Venise.,<a href=\"https:\/\/fr.wikipedia.org\/wiki\/Charte_de_Venise\" target=\"_blank\" rel=\"noopener noreferrer nofollow\">L\u2019article ICI.<\/a><span><\/span>}<br \/>|{Charte de Washington.,<a href=\"https:\/\/fr.wikipedia.org\/wiki\/Charte_de_Washington\" target=\"_blank\" rel=\"noopener noreferrer nofollow\">Ici.<\/a><span><\/span>. Suite sur le prochain article.}<br \/>|{CIDOC Conceptual Reference Model.,<a href=\"https:\/\/fr.wikipedia.org\/wiki\/CIDOC_Conceptual_Reference_Model\" target=\"_blank\" rel=\"noopener noreferrer nofollow\">Cliquer ICI.<\/a><span><\/span>}<br \/>|{Club pour le vieux Prague.,<a href=\"https:\/\/fr.wikipedia.org\/wiki\/Club_pour_le_vieux_Prague\" target=\"_blank\" rel=\"noopener noreferrer nofollow\">Le post d\u2019actualit\u00e9.<\/a><span><\/span>. Suite sur le prochain article.}<br \/>|{Code du patrimoine.,<a href=\"https:\/\/fr.wikipedia.org\/wiki\/Code_du_patrimoine\" target=\"_blank\" rel=\"noopener noreferrer nofollow\">Le dossier.<\/a><span><\/span>}<br \/>|{Collection Patrimoine culturel des pays francophones.,<a href=\"https:\/\/fr.wikipedia.org\/wiki\/Collection_Patrimoine_culturel_des_pays_francophones\" target=\"_blank\" rel=\"noopener noreferrer nofollow\">Ici.<\/a><span><\/span>. Suite sur le prochain article.}<br \/>|{Conservation architecturale.,<a href=\"https:\/\/fr.wikipedia.org\/wiki\/Conservation_architecturale\" target=\"_blank\" rel=\"noopener noreferrer nofollow\">Ici.<\/a><span><\/span>}<br \/>|{Conservation pr\u00e9ventive.,<a href=\"https:\/\/fr.wikipedia.org\/wiki\/Conservation_pr%C3%A9ventive\" target=\"_blank\" rel=\"noopener noreferrer nofollow\">Le texte de l\u2019article.<\/a><span><\/span>. Suite sur le prochain article.}<br \/>|{Convention sur la protection du patrimoine culturel subaquatique.,<a href=\"https:\/\/fr.wikipedia.org\/wiki\/Convention_sur_la_protection_du_patrimoine_culturel_subaquatique\" target=\"_blank\" rel=\"noopener noreferrer nofollow\">L\u2019article ICI.<\/a><span><\/span>}<br \/>|{Din l-Art \u0126elwa.,<a href=\"https:\/\/fr.wikipedia.org\/wiki\/Din_l-Art_%C4%A6elwa\" target=\"_blank\" rel=\"noopener noreferrer nofollow\">L\u2019article ICI.<\/a><span><\/span>}<br \/>|{Docomomo International.,<a href=\"https:\/\/fr.wikipedia.org\/wiki\/Docomomo_International\" target=\"_blank\" rel=\"noopener noreferrer nofollow\">L\u2019article ICI.<\/a><span><\/span>}<br \/>|{Doctrines et techniques de conservation \u2013 restauration.,<a href=\"https:\/\/fr.wikipedia.org\/wiki\/Doctrines_et_techniques_de_conservation_-_restauration\" target=\"_blank\" rel=\"noopener noreferrer nofollow\">Cliquer ICI.<\/a><span><\/span>}<br \/>|{Document de Nara sur l\u2019authenticit\u00e9.,<a href=\"https:\/\/fr.wikipedia.org\/wiki\/Document_de_Nara_sur_l%27authenticit%C3%A9\" target=\"_blank\" rel=\"noopener noreferrer nofollow\">Ici.<\/a><span><\/span>}<br \/>|{Fa\u00e7adisme.,<a href=\"https:\/\/fr.wikipedia.org\/wiki\/Fa%C3%A7adisme\" target=\"_blank\" rel=\"noopener noreferrer nofollow\">Le post d\u2019actualit\u00e9.<\/a><span><\/span>. Suite sur le prochain article.}<br \/>|{Fondation du patrimoine.,<a href=\"https:\/\/fr.wikipedia.org\/wiki\/Fondation_du_patrimoine\" target=\"_blank\" rel=\"noopener noreferrer nofollow\">L\u2019article ICI.<\/a><span><\/span>. Suite sur le prochain article.}<br \/>|{Fondation Mansart.,<a href=\"https:\/\/fr.wikipedia.org\/wiki\/Fondation_Mansart\" target=\"_blank\" rel=\"noopener noreferrer nofollow\">Le dossier.<\/a><span><\/span>}<br \/>|{Ieni-Kale.,<a href=\"https:\/\/fr.wikipedia.org\/wiki\/Ieni-Kale\" target=\"_blank\" rel=\"noopener noreferrer nofollow\">Ici.<\/a><span><\/span>}<br \/>|{In situ (conservation du patrimoine).,<a href=\"https:\/\/fr.wikipedia.org\/wiki\/In_situ_(conservation_du_patrimoine)\" target=\"_blank\" rel=\"noopener noreferrer nofollow\">A lire ici.<\/a><span><\/span>}<br \/>|{Injection de coulis de liant dans les ma\u00e7onneries.,<a href=\"https:\/\/fr.wikipedia.org\/wiki\/Injection_de_coulis_de_liant_dans_les_ma%C3%A7onneries\" target=\"_blank\" rel=\"noopener noreferrer nofollow\">A lire ici.<\/a><span><\/span>}<br \/>|{Jacques Harmand.,<a href=\"https:\/\/fr.wikipedia.org\/wiki\/Jacques_Harmand\" target=\"_blank\" rel=\"noopener noreferrer nofollow\">Ici.<\/a><span><\/span>}<br \/>|{La Tribune de l\u2019art.,<a href=\"https:\/\/fr.wikipedia.org\/wiki\/La_Tribune_de_l%27art\" target=\"_blank\" rel=\"noopener noreferrer nofollow\">Cliquer ICI.<\/a><span><\/span>}<br \/>|{Nisso Pelossof.,<a href=\"https:\/\/fr.wikipedia.org\/wiki\/Nisso_Pelossof\" target=\"_blank\" rel=\"noopener noreferrer nofollow\">Cliquer ICI.<\/a><span><\/span>}<br \/>|{Palais Daming.,<a href=\"https:\/\/fr.wikipedia.org\/wiki\/Palais_Daming\" target=\"_blank\" rel=\"noopener noreferrer nofollow\">Le dossier.<\/a><span><\/span>}<br \/>|{Paris historique.,<a href=\"https:\/\/fr.wikipedia.org\/wiki\/Paris_historique\" target=\"_blank\" rel=\"noopener noreferrer nofollow\">Ici.<\/a><span><\/span>. Suite sur le prochain article.}<br \/>|{Patrimoine d\u2019int\u00e9r\u00eat r\u00e9gional.,<a href=\"https:\/\/fr.wikipedia.org\/wiki\/Patrimoine_d%27int%C3%A9r%C3%AAt_r%C3%A9gional\" target=\"_blank\" rel=\"noopener noreferrer nofollow\">Ici.<\/a><span><\/span>}<br \/>|{Patrimoine sans fronti\u00e8res.,<a href=\"https:\/\/fr.wikipedia.org\/wiki\/Patrimoine_sans_fronti%C3%A8res\" target=\"_blank\" rel=\"noopener noreferrer nofollow\">Le post d\u2019actualit\u00e9.<\/a><span><\/span>}<br \/>|{Patrimoine syrien pendant la guerre civile.,<a href=\"https:\/\/fr.wikipedia.org\/wiki\/Patrimoine_syrien_pendant_la_guerre_civile\" target=\"_blank\" rel=\"noopener noreferrer nofollow\">Ici.<\/a><span><\/span>}<br \/>|{Patrimoine syrien pendant la guerre civile.,<a href=\"https:\/\/fr.wikipedia.org\/wiki\/Patrimoine_syrien_pendant_la_guerre_civile\" target=\"_blank\" rel=\"noopener noreferrer nofollow\">Le dossier.<\/a><span><\/span>}<br \/>|{Patrimonialisation.,<a href=\"https:\/\/fr.wikipedia.org\/wiki\/Patrimonialisation\" target=\"_blank\" rel=\"noopener noreferrer nofollow\">Le post d\u2019actualit\u00e9.<\/a><span><\/span>}<br \/>|{Patrimonialisation (homonymie).,<a href=\"https:\/\/fr.wikipedia.org\/wiki\/Patrimonialisation_(homonymie)\" target=\"_blank\" rel=\"noopener noreferrer nofollow\">Le dossier.<\/a><span><\/span>}<br \/>|{Pont de Gorica.,<a href=\"https:\/\/fr.wikipedia.org\/wiki\/Pont_de_Gorica\" target=\"_blank\" rel=\"noopener noreferrer nofollow\">Le dossier.<\/a><span><\/span>. Suite sur le prochain article.}<br \/>|{Port d\u2019int\u00e9r\u00eat patrimonial.,<a href=\"https:\/\/fr.wikipedia.org\/wiki\/Port_d%27int%C3%A9r%C3%AAt_patrimonial\" target=\"_blank\" rel=\"noopener noreferrer nofollow\">L\u2019article ICI.<\/a><span><\/span>. Suite sur le prochain article.}<br \/>|{Prix du patrimoine culturel de l\u2019UE\/Concours Europa Nostra.,<a href=\"https:\/\/fr.wikipedia.org\/wiki\/Prix_du_patrimoine_culturel_de_l%E2%80%99UE\/Concours_Europa_Nostra\" target=\"_blank\" rel=\"noopener noreferrer nofollow\">Le post d\u2019actualit\u00e9.<\/a><span><\/span>. Suite sur le prochain article.}<br \/>|{R\u00e9seau culturel Terre catalane.,<a href=\"https:\/\/fr.wikipedia.org\/wiki\/R%C3%A9seau_culturel_Terre_catalane\" target=\"_blank\" rel=\"noopener noreferrer nofollow\">Le post d\u2019actualit\u00e9.<\/a><span><\/span>}<br \/>|{Red Tail Project.,<a href=\"https:\/\/fr.wikipedia.org\/wiki\/Red_Tail_Project\" target=\"_blank\" rel=\"noopener noreferrer nofollow\">Le post d\u2019actualit\u00e9.<\/a><span><\/span>. Suite sur le prochain article.}<br \/>|{Registre patrimonial du Queensland.,<a href=\"https:\/\/fr.wikipedia.org\/wiki\/Registre_patrimonial_du_Queensland\" target=\"_blank\" rel=\"noopener noreferrer nofollow\">L\u2019article ICI.<\/a><span><\/span>}<br \/>|{Ren\u00e9 Dinkel.,<a href=\"https:\/\/fr.wikipedia.org\/wiki\/Ren%C3%A9_Dinkel\" target=\"_blank\" rel=\"noopener noreferrer nofollow\">Le post d\u2019actualit\u00e9.<\/a><span><\/span>}<br \/>|{Renaissance du Lille Ancien.,<a href=\"https:\/\/fr.wikipedia.org\/wiki\/Renaissance_du_Lille_Ancien\" target=\"_blank\" rel=\"noopener noreferrer nofollow\">Ici.<\/a><span><\/span>}<br \/>|{Restauration de la composition murale de la Maison de la Radio \u00e0 Strasbourg.,<a href=\"https:\/\/fr.wikipedia.org\/wiki\/Restauration_de_la_composition_murale_de_la_Maison_de_la_Radio_%C3%A0_Strasbourg\" target=\"_blank\" rel=\"noopener noreferrer nofollow\">L\u2019article de presse.<\/a><span><\/span>}<br \/>|{Ruine.,<a href=\"https:\/\/fr.wikipedia.org\/wiki\/Ruine\" target=\"_blank\" rel=\"noopener noreferrer nofollow\">L\u2019article ICI.<\/a><span><\/span>. Suite sur le prochain article.}<br \/>|{Secteur sauvegard\u00e9 de Lille.,<a href=\"https:\/\/fr.wikipedia.org\/wiki\/Secteur_sauvegard%C3%A9_de_Lille\" target=\"_blank\" rel=\"noopener noreferrer nofollow\">A lire ici.<\/a><span><\/span>. Suite sur le prochain article.}<br \/>|{Secteur sauvegard\u00e9 de Lille.,<a href=\"https:\/\/fr.wikipedia.org\/wiki\/Secteur_sauvegard%C3%A9_de_Lille\" target=\"_blank\" rel=\"noopener noreferrer nofollow\">Ici.<\/a><span><\/span>}<br \/>|{Secteur sauvegard\u00e9 de Sedan.,<a href=\"https:\/\/fr.wikipedia.org\/wiki\/Secteur_sauvegard%C3%A9_de_Sedan\" target=\"_blank\" rel=\"noopener noreferrer nofollow\">L\u2019article de presse.<\/a><span><\/span>}<br \/>|{Secteur sauvegard\u00e9 de Sedan.,<a href=\"https:\/\/fr.wikipedia.org\/wiki\/Secteur_sauvegard%C3%A9_de_Sedan\" target=\"_blank\" rel=\"noopener noreferrer nofollow\">A lire ici.<\/a><span><\/span>}<br \/>|{Sites culturels construits d\u2019int\u00e9r\u00eat national en Finlande.,<a href=\"https:\/\/fr.wikipedia.org\/wiki\/Sites_culturels_construits_d%27int%C3%A9r%C3%AAt_national_en_Finlande\" target=\"_blank\" rel=\"noopener noreferrer nofollow\">Ici.<\/a><span><\/span>. Suite sur le prochain article.}<br \/>|{Sites culturels construits d\u2019int\u00e9r\u00eat national en Finlande.,<a href=\"https:\/\/fr.wikipedia.org\/wiki\/Sites_culturels_construits_d%27int%C3%A9r%C3%AAt_national_en_Finlande\" target=\"_blank\" rel=\"noopener noreferrer nofollow\">Le texte de l\u2019article.<\/a><span><\/span>}<br \/>|{Sites historiques et culturels majeurs prot\u00e9g\u00e9s au niveau national.,<a href=\"https:\/\/fr.wikipedia.org\/wiki\/Sites_historiques_et_culturels_majeurs_prot%C3%A9g%C3%A9s_au_niveau_national\" target=\"_blank\" rel=\"noopener noreferrer nofollow\">Le texte de l\u2019article.<\/a><span><\/span>}<br \/>|{Sites historiques et culturels majeurs prot\u00e9g\u00e9s au niveau national.,<a href=\"https:\/\/fr.wikipedia.org\/wiki\/Sites_historiques_et_culturels_majeurs_prot%C3%A9g%C3%A9s_au_niveau_national\" target=\"_blank\" rel=\"noopener noreferrer nofollow\">Le dossier.<\/a><span><\/span>}<br \/>|{Sites historiques et culturels majeurs prot\u00e9g\u00e9s au niveau national (Gansu).,<a href=\"https:\/\/fr.wikipedia.org\/wiki\/Sites_historiques_et_culturels_majeurs_prot%C3%A9g%C3%A9s_au_niveau_national_(Gansu)\" target=\"_blank\" rel=\"noopener noreferrer nofollow\">Le dossier.<\/a><span><\/span>. Suite sur le prochain article.}<br \/>|{Sites historiques et culturels majeurs prot\u00e9g\u00e9s au niveau national (Gansu).,<a href=\"https:\/\/fr.wikipedia.org\/wiki\/Sites_historiques_et_culturels_majeurs_prot%C3%A9g%C3%A9s_au_niveau_national_(Gansu)\" target=\"_blank\" rel=\"noopener noreferrer nofollow\">Le post d\u2019actualit\u00e9.<\/a><span><\/span>}<br \/>|{Sites historiques et culturels majeurs prot\u00e9g\u00e9s au niveau national (Hebei).,<a href=\"https:\/\/fr.wikipedia.org\/wiki\/Sites_historiques_et_culturels_majeurs_prot%C3%A9g%C3%A9s_au_niveau_national_(Hebei)\" target=\"_blank\" rel=\"noopener noreferrer nofollow\">L\u2019article ICI.<\/a><span><\/span>}<br \/>|{Sites historiques et culturels majeurs prot\u00e9g\u00e9s au niveau national (Hebei).,<a href=\"https:\/\/fr.wikipedia.org\/wiki\/Sites_historiques_et_culturels_majeurs_prot%C3%A9g%C3%A9s_au_niveau_national_(Hebei)\" target=\"_blank\" rel=\"noopener noreferrer nofollow\">Le dossier.<\/a><span><\/span>. Suite sur le prochain article.}<br \/>|{Sites historiques et culturels majeurs prot\u00e9g\u00e9s au niveau national (Heilongjiang).,<a href=\"https:\/\/fr.wikipedia.org\/wiki\/Sites_historiques_et_culturels_majeurs_prot%C3%A9g%C3%A9s_au_niveau_national_(Heilongjiang)\" target=\"_blank\" rel=\"noopener noreferrer nofollow\">Le dossier.<\/a><span><\/span>. Suite sur le prochain article.}<br \/>|{Sites historiques et culturels majeurs prot\u00e9g\u00e9s au niveau national (Heilongjiang).,<a href=\"https:\/\/fr.wikipedia.org\/wiki\/Sites_historiques_et_culturels_majeurs_prot%C3%A9g%C3%A9s_au_niveau_national_(Heilongjiang)\" target=\"_blank\" rel=\"noopener noreferrer nofollow\">Le texte de l\u2019article.<\/a><span><\/span>}<br \/>|{Sites historiques et culturels majeurs prot\u00e9g\u00e9s au niveau national (Jiangxi).,<a href=\"https:\/\/fr.wikipedia.org\/wiki\/Sites_historiques_et_culturels_majeurs_prot%C3%A9g%C3%A9s_au_niveau_national_(Jiangxi)\" target=\"_blank\" rel=\"noopener noreferrer nofollow\">Article complet.<\/a><span><\/span>. Suite sur le prochain article.}<br \/>|{Sites historiques et culturels majeurs prot\u00e9g\u00e9s au niveau national (Jiangxi).,<a href=\"https:\/\/fr.wikipedia.org\/wiki\/Sites_historiques_et_culturels_majeurs_prot%C3%A9g%C3%A9s_au_niveau_national_(Jiangxi)\" target=\"_blank\" rel=\"noopener noreferrer nofollow\">A lire ici.<\/a><span><\/span>}<br \/>|{Sites historiques et culturels majeurs prot\u00e9g\u00e9s au niveau national (Liaoning).,<a href=\"https:\/\/fr.wikipedia.org\/wiki\/Sites_historiques_et_culturels_majeurs_prot%C3%A9g%C3%A9s_au_niveau_national_(Liaoning)\" target=\"_blank\" rel=\"noopener noreferrer nofollow\">A lire ici.<\/a><span><\/span>}<br \/>|{Sites historiques et culturels majeurs prot\u00e9g\u00e9s au niveau national (Liaoning).,<a href=\"https:\/\/fr.wikipedia.org\/wiki\/Sites_historiques_et_culturels_majeurs_prot%C3%A9g%C3%A9s_au_niveau_national_(Liaoning)\" target=\"_blank\" rel=\"noopener noreferrer nofollow\">Article complet.<\/a><span><\/span>. Suite sur le prochain article.}<br \/>|{Sites historiques et culturels majeurs prot\u00e9g\u00e9s au niveau national (Mongolie int\u00e9rieure).,<a href=\"https:\/\/fr.wikipedia.org\/wiki\/Sites_historiques_et_culturels_majeurs_prot%C3%A9g%C3%A9s_au_niveau_national_(Mongolie_int%C3%A9rieure)\" target=\"_blank\" rel=\"noopener noreferrer nofollow\">Ici.<\/a><span><\/span>}<br \/>|{Sites historiques et culturels majeurs prot\u00e9g\u00e9s au niveau national (Mongolie int\u00e9rieure).,<a href=\"https:\/\/fr.wikipedia.org\/wiki\/Sites_historiques_et_culturels_majeurs_prot%C3%A9g%C3%A9s_au_niveau_national_(Mongolie_int%C3%A9rieure)\" target=\"_blank\" rel=\"noopener noreferrer nofollow\">Le dossier.<\/a><span><\/span>}<br \/>|{Sites historiques et culturels majeurs prot\u00e9g\u00e9s au niveau national (Ningxia).,<a href=\"https:\/\/fr.wikipedia.org\/wiki\/Sites_historiques_et_culturels_majeurs_prot%C3%A9g%C3%A9s_au_niveau_national_(Ningxia)\" target=\"_blank\" rel=\"noopener noreferrer nofollow\">Le post d\u2019actualit\u00e9.<\/a><span><\/span>}<br \/>|{Sites historiques et culturels majeurs prot\u00e9g\u00e9s au niveau national (Ningxia).,<a href=\"https:\/\/fr.wikipedia.org\/wiki\/Sites_historiques_et_culturels_majeurs_prot%C3%A9g%C3%A9s_au_niveau_national_(Ningxia)\" target=\"_blank\" rel=\"noopener noreferrer nofollow\">Article complet.<\/a><span><\/span>}<br \/>|{Sites historiques et culturels majeurs prot\u00e9g\u00e9s au niveau national (Shaanxi).,<a href=\"https:\/\/fr.wikipedia.org\/wiki\/Sites_historiques_et_culturels_majeurs_prot%C3%A9g%C3%A9s_au_niveau_national_(Shaanxi)\" target=\"_blank\" rel=\"noopener noreferrer nofollow\">L\u2019article de presse.<\/a><span><\/span>. Suite sur le prochain article.}<br \/>|{Sites historiques et culturels majeurs prot\u00e9g\u00e9s au niveau national (Shaanxi).,<a href=\"https:\/\/fr.wikipedia.org\/wiki\/Sites_historiques_et_culturels_majeurs_prot%C3%A9g%C3%A9s_au_niveau_national_(Shaanxi)\" target=\"_blank\" rel=\"noopener noreferrer nofollow\">L\u2019article ICI.<\/a><span><\/span>}<br \/>|{Sites historiques et culturels majeurs prot\u00e9g\u00e9s au niveau national (Sichuan).,<a href=\"https:\/\/fr.wikipedia.org\/wiki\/Sites_historiques_et_culturels_majeurs_prot%C3%A9g%C3%A9s_au_niveau_national_(Sichuan)\" target=\"_blank\" rel=\"noopener noreferrer nofollow\">Le texte de l\u2019article.<\/a><span><\/span>. Suite sur le prochain article.}<br \/>|{Sites historiques et culturels majeurs prot\u00e9g\u00e9s au niveau national (Sichuan).,<a href=\"https:\/\/fr.wikipedia.org\/wiki\/Sites_historiques_et_culturels_majeurs_prot%C3%A9g%C3%A9s_au_niveau_national_(Sichuan)\" target=\"_blank\" rel=\"noopener noreferrer nofollow\">L\u2019article ICI.<\/a><span><\/span>}<br \/>|{Sites historiques et culturels majeurs prot\u00e9g\u00e9s au niveau national (Xinjiang).,<a href=\"https:\/\/fr.wikipedia.org\/wiki\/Sites_historiques_et_culturels_majeurs_prot%C3%A9g%C3%A9s_au_niveau_national_(Xinjiang)\" target=\"_blank\" rel=\"noopener noreferrer nofollow\">L\u2019article de presse.<\/a><span><\/span>}<br \/>|{Sites historiques et culturels majeurs prot\u00e9g\u00e9s au niveau national (Xinjiang).,<a href=\"https:\/\/fr.wikipedia.org\/wiki\/Sites_historiques_et_culturels_majeurs_prot%C3%A9g%C3%A9s_au_niveau_national_(Xinjiang)\" target=\"_blank\" rel=\"noopener noreferrer nofollow\">Ici.<\/a><span><\/span>}<br \/>|{Sites historiques et culturels majeurs prot\u00e9g\u00e9s de la r\u00e9gion autonome du Tibet.,<a href=\"https:\/\/fr.wikipedia.org\/wiki\/Sites_historiques_et_culturels_majeurs_prot%C3%A9g%C3%A9s_de_la_r%C3%A9gion_autonome_du_Tibet\" target=\"_blank\" rel=\"noopener noreferrer nofollow\">A lire ici.<\/a><span><\/span>. Suite sur le prochain article.}<br \/>|{Sites historiques et culturels majeurs prot\u00e9g\u00e9s de la r\u00e9gion autonome du Tibet.,<a href=\"https:\/\/fr.wikipedia.org\/wiki\/Sites_historiques_et_culturels_majeurs_prot%C3%A9g%C3%A9s_de_la_r%C3%A9gion_autonome_du_Tibet\" target=\"_blank\" rel=\"noopener noreferrer nofollow\">L\u2019article ICI.<\/a><span><\/span>. Suite sur le prochain article.}<br \/>|{Soci\u00e9t\u00e9 Jersiaise.,<a href=\"https:\/\/fr.wikipedia.org\/wiki\/Soci%C3%A9t%C3%A9_Jersiaise\" target=\"_blank\" rel=\"noopener noreferrer nofollow\">L\u2019article ICI.<\/a><span><\/span>}<br \/>|{Soci\u00e9t\u00e9 Jersiaise.,<a href=\"https:\/\/fr.wikipedia.org\/wiki\/Soci%C3%A9t%C3%A9_Jersiaise\" target=\"_blank\" rel=\"noopener noreferrer nofollow\">Article complet.<\/a><span><\/span>. Suite sur le prochain article.}<br \/>|{Th\u00e9orie de la restauration.,<a href=\"https:\/\/fr.wikipedia.org\/wiki\/Th%C3%A9orie_de_la_restauration\" target=\"_blank\" rel=\"noopener noreferrer nofollow\">Article complet.<\/a><span><\/span>}<br \/>|{Tr\u00e9sor national (Japon).,<a href=\"https:\/\/fr.wikipedia.org\/wiki\/Tr%C3%A9sor_national_(Japon)\" target=\"_blank\" rel=\"noopener noreferrer nofollow\">Cliquer ICI.<\/a><span><\/span>. Suite sur le prochain article.}<br \/>|{Web Journal on Cultural Patrimony.,<a href=\"https:\/\/fr.wikipedia.org\/wiki\/Web_Journal_on_Cultural_Patrimony\" target=\"_blank\" rel=\"noopener noreferrer nofollow\">Article complet.<\/a><span><\/span>. Suite sur le prochain article.}<br \/>|{Whanganui.,<a href=\"https:\/\/fr.wikipedia.org\/wiki\/Whanganui\" target=\"_blank\" rel=\"noopener noreferrer nofollow\">Article complet.<\/a><span><\/span>. Suite sur le prochain article.}<br \/>|{Wiki Loves Earth.,<a href=\"https:\/\/fr.wikipedia.org\/wiki\/Wiki_Loves_Earth\" target=\"_blank\" rel=\"noopener noreferrer nofollow\">Ici.<\/a><span><\/span>}<br \/>|{Wiki Loves Monuments.,<a href=\"https:\/\/fr.wikipedia.org\/wiki\/Wiki_Loves_Monuments\" target=\"_blank\" rel=\"noopener noreferrer nofollow\">L\u2019article ICI.<\/a><span><\/span>. Suite sur le prochain article.}<br \/>|{vitrail.,<a href=\"https:\/\/fr.wikipedia.orghttps:\/\/fr.wikipedia.org\/wiki\/Vitrail\" target=\"_blank\" rel=\"noopener noreferrer nofollow\">Cliquer ICI.<\/a><span><\/span>}<br \/>|{Les ICC Notes de l\u2019Institut canadien pour la conservation.,<a href=\"https:\/\/www.canada.ca\/fr\/institut-conservation\/services\/publications-conservation-preservation\/notes-institut-canadien-conservation.html\" target=\"_blank\" rel=\"noopener noreferrer nofollow\">L\u2019article ICI.<\/a><span><\/span>. Suite sur le prochain article.}<br \/>|{Centre de conservation du Qu\u00e9bec .,<a href=\"https:\/\/www.ccq.gouv.qc.ca\/index-id%3d84.html\" target=\"_blank\" rel=\"noopener noreferrer nofollow\">L\u2019article de presse.<\/a><span><\/span>}<br \/>|{Monumental n\u00b022 Conservation, restauration, restauration, doctrines.,<a href=\"https:\/\/www.editions-du-patrimoine.fr\/Librairie\/Monumental\/Monumental-N-22-Conservation.-restauration-doctrines?pRelatedEditions=3\" target=\"_blank\" rel=\"noopener noreferrer nofollow\">L\u2019article de presse.<\/a><span><\/span>}<br \/>|{Ge-conservacion.,<a href=\"https:\/\/www.ge-iic.com\/ojs\/index.php\/revista\/issue\/archive\" target=\"_blank\" rel=\"noopener noreferrer nofollow\">L\u2019article de presse.<\/a><span><\/span>}<br \/>|{en ligne ici.,<a href=\"https:\/\/www.ifla.org\/resources\/?_sfm_resource_topic=1200820&amp;_sfm_resource_type=All\" target=\"_blank\" rel=\"noopener noreferrer nofollow\">A lire ici.<\/a><span><\/span>}<br \/>|{News in Conservation.,<a href=\"https:\/\/www.iiconservation.org\/publications\/nic\" target=\"_blank\" rel=\"noopener noreferrer nofollow\">Le dossier.<\/a><span><\/span>}<br \/>|{Image permanence Institute.,<a href=\"https:\/\/www.imagepermanenceinstitute.org\/education\/publications.html\" target=\"_blank\" rel=\"noopener noreferrer nofollow\">Le post d\u2019actualit\u00e9.<\/a><span><\/span>}<br \/>|{Les Preservation leaflets du NEDCC \u2013 Northeast document center.,<a href=\"https:\/\/www.nedcc.org\/free-resources\/preservation-leaflets\/overview\" target=\"_blank\" rel=\"noopener noreferrer nofollow\">L\u2019article ICI.<\/a><span><\/span>. Suite sur le prochain article.}<br \/>|{Conserve O Gram du National Park Service.,<a href=\"https:\/\/www.nps.gov\/museum\/publications\/conserveogram\/cons_toc.html\" target=\"_blank\" rel=\"noopener noreferrer nofollow\">Le post d\u2019actualit\u00e9.<\/a><span><\/span>. Suite sur le prochain article.}<br \/>|{Petite histoire de la restauration des monuments historiques.,<a href=\"https:\/\/www.tourisme93.com\/petite-histoire-de-la-restauration-des-monuments-historiques.html\" target=\"_blank\" rel=\"noopener noreferrer nofollow\">Le post d\u2019actualit\u00e9.<\/a><span><\/span>}<br \/>}<br \/>{{Link.,<a href=\"https:\/\/www.site.cdcl.xyz\/2024\/12\/01\/que-nous-apprend-le-mandat-de-jack-lew-sur-le-poste-dambassadeur-en-temps-de-guerre\/URL\" target=\"_blank\" rel=\"noopener noreferrer nofollow\">Le texte de l\u2019article.<\/a><span><\/span>}<br \/>|{B\u00e2timent restaur\u00e9 par Eug\u00e8ne Viollet-le-Duc.,<a href=\"https:\/\/www.site.cdcl.xyz\/wiki\/Cat%C3%A9gorie:B%C3%A2timent_restaur%C3%A9_par_Eug%C3%A8ne_Viollet-le-Duc\" target=\"_blank\" rel=\"noopener noreferrer nofollow\">Cliquer ICI.<\/a><span><\/span>. Suite sur le prochain article.}<br \/>|{B\u00e2timent restaur\u00e9 par F\u00e9lix Duban.,<a href=\"https:\/\/www.site.cdcl.xyz\/wiki\/Cat%C3%A9gorie:B%C3%A2timent_restaur%C3%A9_par_F%C3%A9lix_Duban\" target=\"_blank\" rel=\"noopener noreferrer nofollow\">A lire ici.<\/a><span><\/span>}<br \/>|{B\u00e2timent restaur\u00e9 par Jean-Baptiste Lassus.,<a href=\"https:\/\/www.site.cdcl.xyz\/wiki\/Cat%C3%A9gorie:B%C3%A2timent_restaur%C3%A9_par_Jean-Baptiste_Lassus\" target=\"_blank\" rel=\"noopener noreferrer nofollow\">Article complet.<\/a><span><\/span>. Suite sur le prochain article.}<br \/>|{Bien culturel folklorique important de la Cor\u00e9e du Sud.,<a href=\"https:\/\/www.site.cdcl.xyz\/wiki\/Cat%C3%A9gorie:Bien_culturel_folklorique_important_de_la_Cor%C3%A9e_du_Sud\" target=\"_blank\" rel=\"noopener noreferrer nofollow\">L\u2019article de presse.<\/a><span><\/span>}<br \/>|{Organisme \u00e0 d\u00e9couvrir GCI.,<a href=\"http:\/\/aata.getty.edu\/Home\" target=\"_blank\" rel=\"noopener noreferrer nofollow\">L\u2019article ICI.<\/a><span><\/span>}<br \/>|{Du CICRP \u2013 Centre interr\u00e9gional de conservation et restauration du patrimoine.,<a href=\"http:\/\/cicrp.info\/fiches-pratiques\/\" target=\"_blank\" rel=\"noopener noreferrer nofollow\">Le post d\u2019actualit\u00e9.<\/a><span><\/span>}<br \/>|{Organisme \u00e0 d\u00e9couvrir COol .,<a href=\"http:\/\/cool.conservation-us.org\/\" target=\"_blank\" rel=\"noopener noreferrer nofollow\">Ici.<\/a><span><\/span>}<br \/>|{Le Corpus Vitrearum International .,<a href=\"http:\/\/cvi.cvma-freiburg.de\" target=\"_blank\" rel=\"noopener noreferrer nofollow\">Cliquer ICI.<\/a><span><\/span>}<br \/>|{E-conservation Journal .,<a href=\"http:\/\/e-conservation.org\/\" target=\"_blank\" rel=\"noopener noreferrer nofollow\">L\u2019article ICI.<\/a><span><\/span>}<br \/>|{Organisme \u00e0 d\u00e9couvrir ICOM .,<a href=\"http:\/\/icom.museum\/que-faisons-nous\/ressources\/bibliographies\/L\/2.html\" target=\"_blank\" rel=\"noopener noreferrer nofollow\">Le texte de l\u2019article.<\/a><span><\/span>}<br \/>|{In Situ. Revue des patrimoines.,<a href=\"http:\/\/insitu.revues.org\" target=\"_blank\" rel=\"noopener noreferrer nofollow\">A lire ici.<\/a><span><\/span>}<br \/>|{Organisme \u00e0 d\u00e9couvrir INP.,<a href=\"http:\/\/mediatheque-numerique.inp.fr\/\" target=\"_blank\" rel=\"noopener noreferrer nofollow\">Article complet.<\/a><span><\/span>}<br \/>|{De la Biblioth\u00e8que nationale de France.,<a href=\"http:\/\/www.bnf.fr\/fr\/professionnels\/conservation_fiches_pratiques\/s.conservation_fiches_prevention.html\" target=\"_blank\" rel=\"noopener noreferrer nofollow\">A lire ici.<\/a><span><\/span>}<br \/>|{CeROArt&nbsp;.,<a href=\"http:\/\/www.ceroart.org\/\" target=\"_blank\" rel=\"noopener noreferrer nofollow\">A lire ici.<\/a><span><\/span>}<br \/>|{Le Journal of Film Preservation.,<a href=\"http:\/\/www.fiafnet.org\/fr\/publications\/fep_journal.html\" target=\"_blank\" rel=\"noopener noreferrer nofollow\">Article complet.<\/a><span><\/span>}<br \/>|{Getty conservation Institute.,<a href=\"http:\/\/www.getty.edu\/search\/publications\" target=\"_blank\" rel=\"noopener noreferrer nofollow\">Le dossier.<\/a><span><\/span>. Suite sur le prochain article.}<br \/>|{Organisme \u00e0 d\u00e9couvrir ICOMOS.,<a href=\"http:\/\/www.international.icomos.org\/fr\/centre-de-documentation\" target=\"_blank\" rel=\"noopener noreferrer nofollow\">Cliquer ICI.<\/a><span><\/span>. Suite sur le prochain article.}<br \/>|{Organisme \u00e0 d\u00e9couvrir &nbsp;OCIM.,<a href=\"http:\/\/www.ocim.fr\/bibliographie\/\" target=\"_blank\" rel=\"noopener noreferrer nofollow\">Le dossier.<\/a><span><\/span>. Suite sur le prochain article.}<br \/>|{Les Insectes mus\u00e9ophages del\u2019OCIM \u2013 Office de coop\u00e9ration et d\u2019information mus\u00e9ales.,<a href=\"http:\/\/www.ocim.fr\/repertoires\/insectes\/\" target=\"_blank\" rel=\"noopener noreferrer nofollow\">L\u2019article ICI.<\/a><span><\/span>}<br \/>|{Du C2RMF \u2013 Centre de recherche et de restauration des mus\u00e9es de France.,<a href=\"https:\/\/c2rmf.fr\/fiches-techniques-0\" target=\"_blank\" rel=\"noopener noreferrer nofollow\">Le post d\u2019actualit\u00e9.<\/a><span><\/span>}<br \/>|{Guide pratique pour le marquage d\u2019identification des biens culturels \u2013 C2RMF.,<a href=\"https:\/\/c2rmf.fr\/sites\/c2rmf\/files\/guide_pratique_pour_le_marquage_2015.pdf\" target=\"_blank\" rel=\"noopener noreferrer nofollow\">Le dossier.<\/a><span><\/span>}<br \/>|{Vade-mecum de la conservation pr\u00e9ventive \u2013 C2RMF.,<a href=\"https:\/\/c2rmf.fr\/sites\/c2rmf\/files\/vademecum_cc.pdf\" target=\"_blank\" rel=\"noopener noreferrer nofollow\">Le dossier.<\/a><span><\/span>}<br \/>|{La conservation des objets mobiliers dans les \u00e9glises : outil d\u2019auto-\u00e9valuation.,<a href=\"https:\/\/culture.gouv.fr\/Media\/Thematiques\/Circulation-des-biens-culturels\/Files\/Ressources-doc-Guides-et-procedures\/Guide-La-conservation-des-objets-mobiliers-dans-les-eglises-2004\" target=\"_blank\" rel=\"noopener noreferrer nofollow\">Ici.<\/a><span><\/span>}<br \/>|{M\u00e9tiers de la restauration du patrimoine, statuts, conditions d\u2019exercice et fiscalit\u00e9, fiche pratique MC, 2018.,<a href=\"https:\/\/culture.gouv.fr\/Media\/Thematiques\/Conservation-restauration\/Fichiers\/Fiches-pratiques-manuels-et-revues\/Fiche-metiers-de-la-restauration-2019\" target=\"_blank\" rel=\"noopener noreferrer nofollow\">Cliquer ICI.<\/a><span><\/span>}<br \/>|{S\u00e9curit\u00e9 des biens culturels, de la pr\u00e9vention du vol \u00e0 la restitution de l\u2019objet vol\u00e9.,<a href=\"https:\/\/culture.gouv.fr\/Media\/Thematiques\/Conservation-restauration\/Fichiers\/Fiches-pratiques-manuels-et-revues\/Securite-des-biens-culturels-de-la-prevention-du-vol-a-la-restitution-de-l-objet-vole\" target=\"_blank\" rel=\"noopener noreferrer nofollow\">Article complet.<\/a><span><\/span>. Suite sur le prochain article.}<br \/>|{Petit Guide \u00e0 l\u2019usage des personnes souhaitant entretenir une s\u00e9pulture.,<a href=\"https:\/\/culture.gouv.fr\/Media\/Thematiques\/Conservation-restauration\/Fichiers\/Ressources-documentaires\/entretenir-une-sepulture\" target=\"_blank\" rel=\"noopener noreferrer nofollow\">Ici.<\/a><span><\/span>}<br \/>|{Rescuing the Hidden European Wooden Churches Heritage : an international methodology for implementing a database for restoration projects.,<a href=\"https:\/\/culture.gouv.fr\/Media\/Thematiques\/Conservation-restauration\/Fichiers\/Ressources-documentaires\/hiddenchurches\" target=\"_blank\" rel=\"noopener noreferrer nofollow\">L\u2019article de presse.<\/a><span><\/span>}<br \/>|{Guides de ma\u00eetrise d\u2019ouvrage et de ma\u00eetrise d\u2019\u0153uvre \u2013 Monuments historiques.,<a href=\"https:\/\/culture.gouv.fr\/Region\/Drac-Auvergne-Rhone-Alpes\/Demarches-aides\/Demarches-et-conseils-patrimoine-urbanisme-qualite-architecturale\/Guides-pratiques-travaux-sur-monuments-historiques\" target=\"_blank\" rel=\"noopener noreferrer nofollow\">Ici.<\/a><span><\/span>}<br \/>|{Charte de Venise.,<a href=\"https:\/\/fr.wikipedia.org\/wiki\/Charte_de_Venise\" target=\"_blank\" rel=\"noopener noreferrer nofollow\">Ici.<\/a><span><\/span>. Suite sur le prochain article.}<br \/>|{Charte de Washington.,<a href=\"https:\/\/fr.wikipedia.org\/wiki\/Charte_de_Washington\" target=\"_blank\" rel=\"noopener noreferrer nofollow\">Le dossier.<\/a><span><\/span>}<br \/>|{CIDOC Conceptual Reference Model.,<a href=\"https:\/\/fr.wikipedia.org\/wiki\/CIDOC_Conceptual_Reference_Model\" target=\"_blank\" rel=\"noopener noreferrer nofollow\">A lire ici.<\/a><span><\/span>}<br \/>|{Club pour le vieux Prague.,<a href=\"https:\/\/fr.wikipedia.org\/wiki\/Club_pour_le_vieux_Prague\" target=\"_blank\" rel=\"noopener noreferrer nofollow\">Article complet.<\/a><span><\/span>}<br \/>|{Code du patrimoine.,<a href=\"https:\/\/fr.wikipedia.org\/wiki\/Code_du_patrimoine\" target=\"_blank\" rel=\"noopener noreferrer nofollow\">L\u2019article ICI.<\/a><span><\/span>}<br \/>|{Collection Patrimoine culturel des pays francophones.,<a href=\"https:\/\/fr.wikipedia.org\/wiki\/Collection_Patrimoine_culturel_des_pays_francophones\" target=\"_blank\" rel=\"noopener noreferrer nofollow\">Article complet.<\/a><span><\/span>}<br \/>|{Conservation architecturale.,<a href=\"https:\/\/fr.wikipedia.org\/wiki\/Conservation_architecturale\" target=\"_blank\" rel=\"noopener noreferrer nofollow\">Article complet.<\/a><span><\/span>. Suite sur le prochain article.}<br \/>|{Conservation pr\u00e9ventive.,<a href=\"https:\/\/fr.wikipedia.org\/wiki\/Conservation_pr%C3%A9ventive\" target=\"_blank\" rel=\"noopener noreferrer nofollow\">A lire ici.<\/a><span><\/span>}<br \/>|{Convention sur la protection du patrimoine culturel subaquatique.,<a href=\"https:\/\/fr.wikipedia.org\/wiki\/Convention_sur_la_protection_du_patrimoine_culturel_subaquatique\" target=\"_blank\" rel=\"noopener noreferrer nofollow\">Cliquer ICI.<\/a><span><\/span>}<br \/>|{Din l-Art \u0126elwa.,<a href=\"https:\/\/fr.wikipedia.org\/wiki\/Din_l-Art_%C4%A6elwa\" target=\"_blank\" rel=\"noopener noreferrer nofollow\">A lire ici.<\/a><span><\/span>. Suite sur le prochain article.}<br \/>|{Docomomo International.,<a href=\"https:\/\/fr.wikipedia.org\/wiki\/Docomomo_International\" target=\"_blank\" rel=\"noopener noreferrer nofollow\">Article complet.<\/a><span><\/span>}<br \/>|{Doctrines et techniques de conservation \u2013 restauration.,<a href=\"https:\/\/fr.wikipedia.org\/wiki\/Doctrines_et_techniques_de_conservation_-_restauration\" target=\"_blank\" rel=\"noopener noreferrer nofollow\">Article complet.<\/a><span><\/span>. Suite sur le prochain article.}<br \/>|{Document de Nara sur l\u2019authenticit\u00e9.,<a href=\"https:\/\/fr.wikipedia.org\/wiki\/Document_de_Nara_sur_l%27authenticit%C3%A9\" target=\"_blank\" rel=\"noopener noreferrer nofollow\">Le post d\u2019actualit\u00e9.<\/a><span><\/span>}<br \/>|{Fa\u00e7adisme.,<a href=\"https:\/\/fr.wikipedia.org\/wiki\/Fa%C3%A7adisme\" target=\"_blank\" rel=\"noopener noreferrer nofollow\">Le post d\u2019actualit\u00e9.<\/a><span><\/span>. Suite sur le prochain article.}<br \/>|{Fondation du patrimoine.,<a href=\"https:\/\/fr.wikipedia.org\/wiki\/Fondation_du_patrimoine\" target=\"_blank\" rel=\"noopener noreferrer nofollow\">Ici.<\/a><span><\/span>. Suite sur le prochain article.}<br \/>|{Fondation Mansart.,<a href=\"https:\/\/fr.wikipedia.org\/wiki\/Fondation_Mansart\" target=\"_blank\" rel=\"noopener noreferrer nofollow\">L\u2019article ICI.<\/a><span><\/span>. Suite sur le prochain article.}<br \/>|{Ieni-Kale.,<a href=\"https:\/\/fr.wikipedia.org\/wiki\/Ieni-Kale\" target=\"_blank\" rel=\"noopener noreferrer nofollow\">Le dossier.<\/a><span><\/span>}<br \/>|{In situ (conservation du patrimoine).,<a href=\"https:\/\/fr.wikipedia.org\/wiki\/In_situ_(conservation_du_patrimoine)\" target=\"_blank\" rel=\"noopener noreferrer nofollow\">L\u2019article ICI.<\/a><span><\/span>}<br \/>|{Injection de coulis de liant dans les ma\u00e7onneries.,<a href=\"https:\/\/fr.wikipedia.org\/wiki\/Injection_de_coulis_de_liant_dans_les_ma%C3%A7onneries\" target=\"_blank\" rel=\"noopener noreferrer nofollow\">L\u2019article ICI.<\/a><span><\/span>}<br \/>|{Jacques Harmand.,<a href=\"https:\/\/fr.wikipedia.org\/wiki\/Jacques_Harmand\" target=\"_blank\" rel=\"noopener noreferrer nofollow\">Le texte de l\u2019article.<\/a><span><\/span>}<br \/>|{La Tribune de l\u2019art.,<a href=\"https:\/\/fr.wikipedia.org\/wiki\/La_Tribune_de_l%27art\" target=\"_blank\" rel=\"noopener noreferrer nofollow\">Article complet.<\/a><span><\/span>. Suite sur le prochain article.}<br \/>|{Nisso Pelossof.,<a href=\"https:\/\/fr.wikipedia.org\/wiki\/Nisso_Pelossof\" target=\"_blank\" rel=\"noopener noreferrer nofollow\">Le post d\u2019actualit\u00e9.<\/a><span><\/span>}<br \/>|{Palais Daming.,<a href=\"https:\/\/fr.wikipedia.org\/wiki\/Palais_Daming\" target=\"_blank\" rel=\"noopener noreferrer nofollow\">Le dossier.<\/a><span><\/span>. Suite sur le prochain article.}<br \/>|{Paris historique.,<a href=\"https:\/\/fr.wikipedia.org\/wiki\/Paris_historique\" target=\"_blank\" rel=\"noopener noreferrer nofollow\">Le texte de l\u2019article.<\/a><span><\/span>}<br \/>|{Patrimoine d\u2019int\u00e9r\u00eat r\u00e9gional.,<a href=\"https:\/\/fr.wikipedia.org\/wiki\/Patrimoine_d%27int%C3%A9r%C3%AAt_r%C3%A9gional\" target=\"_blank\" rel=\"noopener noreferrer nofollow\">Article complet.<\/a><span><\/span>. Suite sur le prochain article.}<br \/>|{Patrimoine sans fronti\u00e8res.,<a href=\"https:\/\/fr.wikipedia.org\/wiki\/Patrimoine_sans_fronti%C3%A8res\" target=\"_blank\" rel=\"noopener noreferrer nofollow\">Cliquer ICI.<\/a><span><\/span>}<br \/>|{Patrimoine syrien pendant la guerre civile.,<a href=\"https:\/\/fr.wikipedia.org\/wiki\/Patrimoine_syrien_pendant_la_guerre_civile\" target=\"_blank\" rel=\"noopener noreferrer nofollow\">Article complet.<\/a><span><\/span>}<br \/>|{Patrimoine syrien pendant la guerre civile.,<a href=\"https:\/\/fr.wikipedia.org\/wiki\/Patrimoine_syrien_pendant_la_guerre_civile\" target=\"_blank\" rel=\"noopener noreferrer nofollow\">Article complet.<\/a><span><\/span>. Suite sur le prochain article.}<br \/>|{Patrimonialisation.,<a href=\"https:\/\/fr.wikipedia.org\/wiki\/Patrimonialisation\" target=\"_blank\" rel=\"noopener noreferrer nofollow\">Cliquer ICI.<\/a><span><\/span>}<br \/>|{Patrimonialisation (homonymie).,<a href=\"https:\/\/fr.wikipedia.org\/wiki\/Patrimonialisation_(homonymie)\" target=\"_blank\" rel=\"noopener noreferrer nofollow\">Cliquer ICI.<\/a><span><\/span>}<br \/>|{Pont de Gorica.,<a href=\"https:\/\/fr.wikipedia.org\/wiki\/Pont_de_Gorica\" target=\"_blank\" rel=\"noopener noreferrer nofollow\">L\u2019article de presse.<\/a><span><\/span>}<br \/>|{Port d\u2019int\u00e9r\u00eat patrimonial.,<a href=\"https:\/\/fr.wikipedia.org\/wiki\/Port_d%27int%C3%A9r%C3%AAt_patrimonial\" target=\"_blank\" rel=\"noopener noreferrer nofollow\">Article complet.<\/a><span><\/span>. Suite sur le prochain article.}<br \/>|{Prix du patrimoine culturel de l\u2019UE\/Concours Europa Nostra.,<a href=\"https:\/\/fr.wikipedia.org\/wiki\/Prix_du_patrimoine_culturel_de_l%E2%80%99UE\/Concours_Europa_Nostra\" target=\"_blank\" rel=\"noopener noreferrer nofollow\">Le dossier.<\/a><span><\/span>. Suite sur le prochain article.}<br \/>|{R\u00e9seau culturel Terre catalane.,<a href=\"https:\/\/fr.wikipedia.org\/wiki\/R%C3%A9seau_culturel_Terre_catalane\" target=\"_blank\" rel=\"noopener noreferrer nofollow\">Le texte de l\u2019article.<\/a><span><\/span>. Suite sur le prochain article.}<br \/>|{Red Tail Project.,<a href=\"https:\/\/fr.wikipedia.org\/wiki\/Red_Tail_Project\" target=\"_blank\" rel=\"noopener noreferrer nofollow\">Le texte de l\u2019article.<\/a><span><\/span>}<br \/>|{Registre patrimonial du Queensland.,<a href=\"https:\/\/fr.wikipedia.org\/wiki\/Registre_patrimonial_du_Queensland\" target=\"_blank\" rel=\"noopener noreferrer nofollow\">Le dossier.<\/a><span><\/span>}<br \/>|{Ren\u00e9 Dinkel.,<a href=\"https:\/\/fr.wikipedia.org\/wiki\/Ren%C3%A9_Dinkel\" target=\"_blank\" rel=\"noopener noreferrer nofollow\">Article complet.<\/a><span><\/span>}<br \/>|{Renaissance du Lille Ancien.,<a href=\"https:\/\/fr.wikipedia.org\/wiki\/Renaissance_du_Lille_Ancien\" target=\"_blank\" rel=\"noopener noreferrer nofollow\">L\u2019article de presse.<\/a><span><\/span>. Suite sur le prochain article.}<br \/>|{Restauration de la composition murale de la Maison de la Radio \u00e0 Strasbourg.,<a href=\"https:\/\/fr.wikipedia.org\/wiki\/Restauration_de_la_composition_murale_de_la_Maison_de_la_Radio_%C3%A0_Strasbourg\" target=\"_blank\" rel=\"noopener noreferrer nofollow\">Le dossier.<\/a><span><\/span>}<br \/>|{Ruine.,<a href=\"https:\/\/fr.wikipedia.org\/wiki\/Ruine\" target=\"_blank\" rel=\"noopener noreferrer nofollow\">L\u2019article ICI.<\/a><span><\/span>}<br \/>|{Secteur sauvegard\u00e9 de Lille.,<a href=\"https:\/\/fr.wikipedia.org\/wiki\/Secteur_sauvegard%C3%A9_de_Lille\" target=\"_blank\" rel=\"noopener noreferrer nofollow\">Cliquer ICI.<\/a><span><\/span>}<br \/>|{Secteur sauvegard\u00e9 de Lille.,<a href=\"https:\/\/fr.wikipedia.org\/wiki\/Secteur_sauvegard%C3%A9_de_Lille\" target=\"_blank\" rel=\"noopener noreferrer nofollow\">Ici.<\/a><span><\/span>. Suite sur le prochain article.}<br \/>|{Secteur sauvegard\u00e9 de Sedan.,<a href=\"https:\/\/fr.wikipedia.org\/wiki\/Secteur_sauvegard%C3%A9_de_Sedan\" target=\"_blank\" rel=\"noopener noreferrer nofollow\">Ici.<\/a><span><\/span>}<br \/>|{Secteur sauvegard\u00e9 de Sedan.,<a href=\"https:\/\/fr.wikipedia.org\/wiki\/Secteur_sauvegard%C3%A9_de_Sedan\" target=\"_blank\" rel=\"noopener noreferrer nofollow\">Le dossier.<\/a><span><\/span>}<br \/>|{Sites culturels construits d\u2019int\u00e9r\u00eat national en Finlande.,<a href=\"https:\/\/fr.wikipedia.org\/wiki\/Sites_culturels_construits_d%27int%C3%A9r%C3%AAt_national_en_Finlande\" target=\"_blank\" rel=\"noopener noreferrer nofollow\">Article complet.<\/a><span><\/span>}<br \/>|{Sites culturels construits d\u2019int\u00e9r\u00eat national en Finlande.,<a href=\"https:\/\/fr.wikipedia.org\/wiki\/Sites_culturels_construits_d%27int%C3%A9r%C3%AAt_national_en_Finlande\" target=\"_blank\" rel=\"noopener noreferrer nofollow\">Cliquer ICI.<\/a><span><\/span>}<br \/>|{Sites historiques et culturels majeurs prot\u00e9g\u00e9s au niveau national.,<a href=\"https:\/\/fr.wikipedia.org\/wiki\/Sites_historiques_et_culturels_majeurs_prot%C3%A9g%C3%A9s_au_niveau_national\" target=\"_blank\" rel=\"noopener noreferrer nofollow\">Cliquer ICI.<\/a><span><\/span>}<br \/>|{Sites historiques et culturels majeurs prot\u00e9g\u00e9s au niveau national.,<a href=\"https:\/\/fr.wikipedia.org\/wiki\/Sites_historiques_et_culturels_majeurs_prot%C3%A9g%C3%A9s_au_niveau_national\" target=\"_blank\" rel=\"noopener noreferrer nofollow\">Article complet.<\/a><span><\/span>}<br \/>|{Sites historiques et culturels majeurs prot\u00e9g\u00e9s au niveau national (Gansu).,<a href=\"https:\/\/fr.wikipedia.org\/wiki\/Sites_historiques_et_culturels_majeurs_prot%C3%A9g%C3%A9s_au_niveau_national_(Gansu)\" target=\"_blank\" rel=\"noopener noreferrer nofollow\">Cliquer ICI.<\/a><span><\/span>. Suite sur le prochain article.}<br \/>|{Sites historiques et culturels majeurs prot\u00e9g\u00e9s au niveau national (Gansu).,<a href=\"https:\/\/fr.wikipedia.org\/wiki\/Sites_historiques_et_culturels_majeurs_prot%C3%A9g%C3%A9s_au_niveau_national_(Gansu)\" target=\"_blank\" rel=\"noopener noreferrer nofollow\">Ici.<\/a><span><\/span>}<br \/>|{Sites historiques et culturels majeurs prot\u00e9g\u00e9s au niveau national (Hebei).,<a href=\"https:\/\/fr.wikipedia.org\/wiki\/Sites_historiques_et_culturels_majeurs_prot%C3%A9g%C3%A9s_au_niveau_national_(Hebei)\" target=\"_blank\" rel=\"noopener noreferrer nofollow\">Le texte de l\u2019article.<\/a><span><\/span>}<br \/>|{Sites historiques et culturels majeurs prot\u00e9g\u00e9s au niveau national (Hebei).,<a href=\"https:\/\/fr.wikipedia.org\/wiki\/Sites_historiques_et_culturels_majeurs_prot%C3%A9g%C3%A9s_au_niveau_national_(Hebei)\" target=\"_blank\" rel=\"noopener noreferrer nofollow\">Le texte de l\u2019article.<\/a><span><\/span>}<br \/>|{Sites historiques et culturels majeurs prot\u00e9g\u00e9s au niveau national (Heilongjiang).,<a href=\"https:\/\/fr.wikipedia.org\/wiki\/Sites_historiques_et_culturels_majeurs_prot%C3%A9g%C3%A9s_au_niveau_national_(Heilongjiang)\" target=\"_blank\" rel=\"noopener noreferrer nofollow\">Le texte de l\u2019article.<\/a><span><\/span>}<br \/>|{Sites historiques et culturels majeurs prot\u00e9g\u00e9s au niveau national (Heilongjiang).,<a href=\"https:\/\/fr.wikipedia.org\/wiki\/Sites_historiques_et_culturels_majeurs_prot%C3%A9g%C3%A9s_au_niveau_national_(Heilongjiang)\" target=\"_blank\" rel=\"noopener noreferrer nofollow\">Cliquer ICI.<\/a><span><\/span>. Suite sur le prochain article.}<br \/>|{Sites historiques et culturels majeurs prot\u00e9g\u00e9s au niveau national (Jiangxi).,<a href=\"https:\/\/fr.wikipedia.org\/wiki\/Sites_historiques_et_culturels_majeurs_prot%C3%A9g%C3%A9s_au_niveau_national_(Jiangxi)\" target=\"_blank\" rel=\"noopener noreferrer nofollow\">Le dossier.<\/a><span><\/span>. Suite sur le prochain article.}<br \/>|{Sites historiques et culturels majeurs prot\u00e9g\u00e9s au niveau national (Jiangxi).,<a href=\"https:\/\/fr.wikipedia.org\/wiki\/Sites_historiques_et_culturels_majeurs_prot%C3%A9g%C3%A9s_au_niveau_national_(Jiangxi)\" target=\"_blank\" rel=\"noopener noreferrer nofollow\">Cliquer ICI.<\/a><span><\/span>}<br \/>|{Sites historiques et culturels majeurs prot\u00e9g\u00e9s au niveau national (Liaoning).,<a href=\"https:\/\/fr.wikipedia.org\/wiki\/Sites_historiques_et_culturels_majeurs_prot%C3%A9g%C3%A9s_au_niveau_national_(Liaoning)\" target=\"_blank\" rel=\"noopener noreferrer nofollow\">A lire ici.<\/a><span><\/span>. Suite sur le prochain article.}<br \/>|{Sites historiques et culturels majeurs prot\u00e9g\u00e9s au niveau national (Liaoning).,<a href=\"https:\/\/fr.wikipedia.org\/wiki\/Sites_historiques_et_culturels_majeurs_prot%C3%A9g%C3%A9s_au_niveau_national_(Liaoning)\" target=\"_blank\" rel=\"noopener noreferrer nofollow\">L\u2019article ICI.<\/a><span><\/span>}<br \/>|{Sites historiques et culturels majeurs prot\u00e9g\u00e9s au niveau national (Mongolie int\u00e9rieure).,<a href=\"https:\/\/fr.wikipedia.org\/wiki\/Sites_historiques_et_culturels_majeurs_prot%C3%A9g%C3%A9s_au_niveau_national_(Mongolie_int%C3%A9rieure)\" target=\"_blank\" rel=\"noopener noreferrer nofollow\">Le dossier.<\/a><span><\/span>}<br \/>|{Sites historiques et culturels majeurs prot\u00e9g\u00e9s au niveau national (Mongolie int\u00e9rieure).,<a href=\"https:\/\/fr.wikipedia.org\/wiki\/Sites_historiques_et_culturels_majeurs_prot%C3%A9g%C3%A9s_au_niveau_national_(Mongolie_int%C3%A9rieure)\" target=\"_blank\" rel=\"noopener noreferrer nofollow\">L\u2019article ICI.<\/a><span><\/span>}<br \/>|{Sites historiques et culturels majeurs prot\u00e9g\u00e9s au niveau national (Ningxia).,<a href=\"https:\/\/fr.wikipedia.org\/wiki\/Sites_historiques_et_culturels_majeurs_prot%C3%A9g%C3%A9s_au_niveau_national_(Ningxia)\" target=\"_blank\" rel=\"noopener noreferrer nofollow\">Article complet.<\/a><span><\/span>}<br \/>|{Sites historiques et culturels majeurs prot\u00e9g\u00e9s au niveau national (Ningxia).,<a href=\"https:\/\/fr.wikipedia.org\/wiki\/Sites_historiques_et_culturels_majeurs_prot%C3%A9g%C3%A9s_au_niveau_national_(Ningxia)\" target=\"_blank\" rel=\"noopener noreferrer nofollow\">L\u2019article de presse.<\/a><span><\/span>. Suite sur le prochain article.}<br \/>|{Sites historiques et culturels majeurs prot\u00e9g\u00e9s au niveau national (Shaanxi).,<a href=\"https:\/\/fr.wikipedia.org\/wiki\/Sites_historiques_et_culturels_majeurs_prot%C3%A9g%C3%A9s_au_niveau_national_(Shaanxi)\" target=\"_blank\" rel=\"noopener noreferrer nofollow\">Le dossier.<\/a><span><\/span>}<br \/>|{Sites historiques et culturels majeurs prot\u00e9g\u00e9s au niveau national (Shaanxi).,<a href=\"https:\/\/fr.wikipedia.org\/wiki\/Sites_historiques_et_culturels_majeurs_prot%C3%A9g%C3%A9s_au_niveau_national_(Shaanxi)\" target=\"_blank\" rel=\"noopener noreferrer nofollow\">A lire ici.<\/a><span><\/span>}<br \/>|{Sites historiques et culturels majeurs prot\u00e9g\u00e9s au niveau national (Sichuan).,<a href=\"https:\/\/fr.wikipedia.org\/wiki\/Sites_historiques_et_culturels_majeurs_prot%C3%A9g%C3%A9s_au_niveau_national_(Sichuan)\" target=\"_blank\" rel=\"noopener noreferrer nofollow\">Ici.<\/a><span><\/span>. Suite sur le prochain article.}<br \/>|{Sites historiques et culturels majeurs prot\u00e9g\u00e9s au niveau national (Sichuan).,<a href=\"https:\/\/fr.wikipedia.org\/wiki\/Sites_historiques_et_culturels_majeurs_prot%C3%A9g%C3%A9s_au_niveau_national_(Sichuan)\" target=\"_blank\" rel=\"noopener noreferrer nofollow\">Le texte de l\u2019article.<\/a><span><\/span>}<br \/>|{Sites historiques et culturels majeurs prot\u00e9g\u00e9s au niveau national (Xinjiang).,<a href=\"https:\/\/fr.wikipedia.org\/wiki\/Sites_historiques_et_culturels_majeurs_prot%C3%A9g%C3%A9s_au_niveau_national_(Xinjiang)\" target=\"_blank\" rel=\"noopener noreferrer nofollow\">A lire ici.<\/a><span><\/span>. Suite sur le prochain article.}<br \/>|{Sites historiques et culturels majeurs prot\u00e9g\u00e9s au niveau national (Xinjiang).,<a href=\"https:\/\/fr.wikipedia.org\/wiki\/Sites_historiques_et_culturels_majeurs_prot%C3%A9g%C3%A9s_au_niveau_national_(Xinjiang)\" target=\"_blank\" rel=\"noopener noreferrer nofollow\">L\u2019article ICI.<\/a><span><\/span>}<br \/>|{Sites historiques et culturels majeurs prot\u00e9g\u00e9s de la r\u00e9gion autonome du Tibet.,<a href=\"https:\/\/fr.wikipedia.org\/wiki\/Sites_historiques_et_culturels_majeurs_prot%C3%A9g%C3%A9s_de_la_r%C3%A9gion_autonome_du_Tibet\" target=\"_blank\" rel=\"noopener noreferrer nofollow\">Ici.<\/a><span><\/span>. Suite sur le prochain article.}<br \/>|{Sites historiques et culturels majeurs prot\u00e9g\u00e9s de la r\u00e9gion autonome du Tibet.,<a href=\"https:\/\/fr.wikipedia.org\/wiki\/Sites_historiques_et_culturels_majeurs_prot%C3%A9g%C3%A9s_de_la_r%C3%A9gion_autonome_du_Tibet\" target=\"_blank\" rel=\"noopener noreferrer nofollow\">L\u2019article de presse.<\/a><span><\/span>. Suite sur le prochain article.}<br \/>|{Soci\u00e9t\u00e9 Jersiaise.,<a href=\"https:\/\/fr.wikipedia.org\/wiki\/Soci%C3%A9t%C3%A9_Jersiaise\" target=\"_blank\" rel=\"noopener noreferrer nofollow\">Article complet.<\/a><span><\/span>. Suite sur le prochain article.}<br \/>|{Soci\u00e9t\u00e9 Jersiaise.,<a href=\"https:\/\/fr.wikipedia.org\/wiki\/Soci%C3%A9t%C3%A9_Jersiaise\" target=\"_blank\" rel=\"noopener noreferrer nofollow\">Le texte de l\u2019article.<\/a><span><\/span>}<br \/>|{Th\u00e9orie de la restauration.,<a href=\"https:\/\/fr.wikipedia.org\/wiki\/Th%C3%A9orie_de_la_restauration\" target=\"_blank\" rel=\"noopener noreferrer nofollow\">L\u2019article de presse.<\/a><span><\/span>. Suite sur le prochain article.}<br \/>|{Tr\u00e9sor national (Japon).,<a href=\"https:\/\/fr.wikipedia.org\/wiki\/Tr%C3%A9sor_national_(Japon)\" target=\"_blank\" rel=\"noopener noreferrer nofollow\">L\u2019article ICI.<\/a><span><\/span>. Suite sur le prochain article.}<br \/>|{Web Journal on Cultural Patrimony.,<a href=\"https:\/\/fr.wikipedia.org\/wiki\/Web_Journal_on_Cultural_Patrimony\" target=\"_blank\" rel=\"noopener noreferrer nofollow\">Article complet.<\/a><span><\/span>. Suite sur le prochain article.}<br \/>|{Whanganui.,<a href=\"https:\/\/fr.wikipedia.org\/wiki\/Whanganui\" target=\"_blank\" rel=\"noopener noreferrer nofollow\">Le texte de l\u2019article.<\/a><span><\/span>. Suite sur le prochain article.}<br \/>|{Wiki Loves Earth.,<a href=\"https:\/\/fr.wikipedia.org\/wiki\/Wiki_Loves_Earth\" target=\"_blank\" rel=\"noopener noreferrer nofollow\">Le dossier.<\/a><span><\/span>}<br \/>|{Wiki Loves Monuments.,<a href=\"https:\/\/fr.wikipedia.org\/wiki\/Wiki_Loves_Monuments\" target=\"_blank\" rel=\"noopener noreferrer nofollow\">Ici.<\/a><span><\/span>. Suite sur le prochain article.}<br \/>|{vitrail.,<a href=\"https:\/\/fr.wikipedia.orghttps:\/\/fr.wikipedia.org\/wiki\/Vitrail\" target=\"_blank\" rel=\"noopener noreferrer nofollow\">L\u2019article ICI.<\/a><span><\/span>}<br \/>|{Les ICC Notes de l\u2019Institut canadien pour la conservation.,<a href=\"https:\/\/www.canada.ca\/fr\/institut-conservation\/services\/publications-conservation-preservation\/notes-institut-canadien-conservation.html\" target=\"_blank\" rel=\"noopener noreferrer nofollow\">A lire ici.<\/a><span><\/span>. Suite sur le prochain article.}<br \/>|{Centre de conservation du Qu\u00e9bec .,<a href=\"https:\/\/www.ccq.gouv.qc.ca\/index-id%3d84.html\" target=\"_blank\" rel=\"noopener noreferrer nofollow\">Le texte de l\u2019article.<\/a><span><\/span>. Suite sur le prochain article.}<br \/>|{Monumental n\u00b022 Conservation, restauration, restauration, doctrines.,<a href=\"https:\/\/www.editions-du-patrimoine.fr\/Librairie\/Monumental\/Monumental-N-22-Conservation.-restauration-doctrines?pRelatedEditions=3\" target=\"_blank\" rel=\"noopener noreferrer nofollow\">Le post d\u2019actualit\u00e9.<\/a><span><\/span>. Suite sur le prochain article.}<br \/>|{Ge-conservacion.,<a href=\"https:\/\/www.ge-iic.com\/ojs\/index.php\/revista\/issue\/archive\" target=\"_blank\" rel=\"noopener noreferrer nofollow\">Le post d\u2019actualit\u00e9.<\/a><span><\/span>. Suite sur le prochain article.}<br \/>|{en ligne ici.,<a href=\"https:\/\/www.ifla.org\/resources\/?_sfm_resource_topic=1200820&amp;_sfm_resource_type=All\" target=\"_blank\" rel=\"noopener noreferrer nofollow\">Ici.<\/a><span><\/span>. Suite sur le prochain article.}<br \/>|{News in Conservation.,<a href=\"https:\/\/www.iiconservation.org\/publications\/nic\" target=\"_blank\" rel=\"noopener noreferrer nofollow\">Ici.<\/a><span><\/span>}<br \/>|{Image permanence Institute.,<a href=\"https:\/\/www.imagepermanenceinstitute.org\/education\/publications.html\" target=\"_blank\" rel=\"noopener noreferrer nofollow\">Le texte de l\u2019article.<\/a><span><\/span>. Suite sur le prochain article.}<br \/>|{Les Preservation leaflets du NEDCC \u2013 Northeast document center.,<a href=\"https:\/\/www.nedcc.org\/free-resources\/preservation-leaflets\/overview\" target=\"_blank\" rel=\"noopener noreferrer nofollow\">A lire ici.<\/a><span><\/span>}<br \/>|{Conserve O Gram du National Park Service.,<a href=\"https:\/\/www.nps.gov\/museum\/publications\/conserveogram\/cons_toc.html\" target=\"_blank\" rel=\"noopener noreferrer nofollow\">L\u2019article ICI.<\/a><span><\/span>}<br \/>|{Petite histoire de la restauration des monuments historiques.,<a href=\"https:\/\/www.tourisme93.com\/petite-histoire-de-la-restauration-des-monuments-historiques.html\" target=\"_blank\" rel=\"noopener noreferrer nofollow\">L\u2019article ICI.<\/a><span><\/span>. Suite sur le prochain article.}<br \/>}<\/p>\n<p> Ce paragraphe parlant du sujet \u00ab\u00a0Temples de Nubie.\u00a0\u00bb a \u00e9t\u00e9 tri\u00e9 sur le web par les r\u00e9dacteurs de temples-de-nubie.fr. temples-de-nubie.fr est blog d&rsquo;information qui conserve des nouvelles publi\u00e9es sur le net dont le sujet central est \u00ab\u00a0Temples de Nubie.\u00a0\u00bb. La chronique se veut produite du mieux possible. Dans la mesure o\u00f9 vous d\u00e9sirez pr\u00e9senter des informations suppl\u00e9mentaires \u00e0 cet article sur le sujet \u00ab\u00a0Temples de Nubie.\u00a0\u00bb vous pouvez utiliser les coordonn\u00e9es affich\u00e9es sur ce site web. Il y a de pr\u00e9vu divers travaux autour du sujet \u00ab\u00a0Temples de Nubie.\u00a0\u00bb dans les jours \u00e0 venir, on vous invite \u00e0 naviguer sur notre site web \u00e0 plusieurs reprises.<\/p>\n","protected":false},"excerpt":{"rendered":"<p>\u00c9quilibrant les crises et les tensions politiques, l&rsquo;envoy\u00e9 am\u00e9ricain sortant a fait preuve d&rsquo;un style diplomatique r\u00e9serv\u00e9 pendant l&rsquo;une des p\u00e9riodes les plus sombres d&rsquo;Isra\u00ebl \u00c0 moins de deux mois de l\u2019entr\u00e9e en fonction du pr\u00e9sident \u00e9lu Donald Trump et du nouvel ambassadeur des \u00c9tats-Unis en Isra\u00ebl, Mike Huckabee, qui prendra probablement ses fonctions, l\u2019actuel [&hellip;]<\/p>\n","protected":false},"author":3,"featured_media":129,"comment_status":"closed","ping_status":"closed","sticky":false,"template":"","format":"standard","meta":{"footnotes":""},"categories":[4],"tags":[],"class_list":["post-128","post","type-post","status-publish","format-standard","has-post-thumbnail","hentry","category-informations-theme-temples-de-nubie"],"yoast_head":"<!-- This site is optimized with the Yoast SEO plugin v27.5 - https:\/\/yoast.com\/product\/yoast-seo-wordpress\/ -->\n<title>Que nous apprend le mandat de Jack Lew sur le poste d&#039;ambassadeur en temps de guerre ? - TEMPLES-DE-NUBIE<\/title>\n<meta name=\"robots\" content=\"index, follow, max-snippet:-1, max-image-preview:large, max-video-preview:-1\" \/>\n<link rel=\"canonical\" href=\"https:\/\/www.temples-de-nubie.fr\/blog\/que-nous-apprend-le-mandat-de-jack-lew-sur-le-poste-dambassadeur-en-temps-de-guerre\/\" \/>\n<meta property=\"og:locale\" content=\"fr_FR\" \/>\n<meta property=\"og:type\" content=\"article\" \/>\n<meta property=\"og:title\" content=\"Que nous apprend le mandat de Jack Lew sur le poste d&#039;ambassadeur en temps de guerre ? - TEMPLES-DE-NUBIE\" \/>\n<meta property=\"og:description\" content=\"\u00c9quilibrant les crises et les tensions politiques, l&rsquo;envoy\u00e9 am\u00e9ricain sortant a fait preuve d&rsquo;un style diplomatique r\u00e9serv\u00e9 pendant l&rsquo;une des p\u00e9riodes les plus sombres d&rsquo;Isra\u00ebl \u00c0 moins de deux mois de l\u2019entr\u00e9e en fonction du pr\u00e9sident \u00e9lu Donald Trump et du nouvel ambassadeur des \u00c9tats-Unis en Isra\u00ebl, Mike Huckabee, qui prendra probablement ses fonctions, l\u2019actuel [&hellip;]\" \/>\n<meta property=\"og:url\" content=\"https:\/\/www.temples-de-nubie.fr\/blog\/que-nous-apprend-le-mandat-de-jack-lew-sur-le-poste-dambassadeur-en-temps-de-guerre\/\" \/>\n<meta property=\"og:site_name\" content=\"TEMPLES-DE-NUBIE\" \/>\n<meta property=\"article:published_time\" content=\"2024-12-01T16:41:32+00:00\" \/>\n<meta property=\"og:image\" content=\"https:\/\/www.temples-de-nubie.fr\/blog\/wp-content\/uploads\/2024\/12\/que-nous-apprend-le-mandat-de-jack-lew-sur-le-poste-dambassadeur-en-temps-de-guerre.jpg\" \/>\n<meta name=\"author\" content=\"Johana RIVET\" \/>\n<meta name=\"twitter:card\" content=\"summary_large_image\" \/>\n<meta name=\"twitter:label1\" content=\"\u00c9crit par\" \/>\n\t<meta name=\"twitter:data1\" content=\"Johana RIVET\" \/>\n\t<meta name=\"twitter:label2\" content=\"Dur\u00e9e de lecture estim\u00e9e\" \/>\n\t<meta name=\"twitter:data2\" content=\"30 minutes\" \/>\n<script type=\"application\/ld+json\" class=\"yoast-schema-graph\">{\"@context\":\"https:\\\/\\\/schema.org\",\"@graph\":[{\"@type\":\"Article\",\"@id\":\"https:\\\/\\\/www.temples-de-nubie.fr\\\/blog\\\/que-nous-apprend-le-mandat-de-jack-lew-sur-le-poste-dambassadeur-en-temps-de-guerre\\\/#article\",\"isPartOf\":{\"@id\":\"https:\\\/\\\/www.temples-de-nubie.fr\\\/blog\\\/que-nous-apprend-le-mandat-de-jack-lew-sur-le-poste-dambassadeur-en-temps-de-guerre\\\/\"},\"author\":{\"name\":\"Johana RIVET\",\"@id\":\"https:\\\/\\\/www.temples-de-nubie.fr\\\/blog\\\/#\\\/schema\\\/person\\\/dc169e68726228008f8559d372397a09\"},\"headline\":\"Que nous apprend le mandat de Jack Lew sur le poste d&rsquo;ambassadeur en temps de guerre ?\",\"datePublished\":\"2024-12-01T16:41:32+00:00\",\"mainEntityOfPage\":{\"@id\":\"https:\\\/\\\/www.temples-de-nubie.fr\\\/blog\\\/que-nous-apprend-le-mandat-de-jack-lew-sur-le-poste-dambassadeur-en-temps-de-guerre\\\/\"},\"wordCount\":6003,\"publisher\":{\"@id\":\"https:\\\/\\\/www.temples-de-nubie.fr\\\/blog\\\/#organization\"},\"image\":{\"@id\":\"https:\\\/\\\/www.temples-de-nubie.fr\\\/blog\\\/que-nous-apprend-le-mandat-de-jack-lew-sur-le-poste-dambassadeur-en-temps-de-guerre\\\/#primaryimage\"},\"thumbnailUrl\":\"https:\\\/\\\/www.temples-de-nubie.fr\\\/blog\\\/wp-content\\\/uploads\\\/2024\\\/12\\\/que-nous-apprend-le-mandat-de-jack-lew-sur-le-poste-dambassadeur-en-temps-de-guerre.jpg\",\"articleSection\":[\"Informations Th\u00e8me Temples De Nubie.:\"],\"inLanguage\":\"fr-FR\"},{\"@type\":\"WebPage\",\"@id\":\"https:\\\/\\\/www.temples-de-nubie.fr\\\/blog\\\/que-nous-apprend-le-mandat-de-jack-lew-sur-le-poste-dambassadeur-en-temps-de-guerre\\\/\",\"url\":\"https:\\\/\\\/www.temples-de-nubie.fr\\\/blog\\\/que-nous-apprend-le-mandat-de-jack-lew-sur-le-poste-dambassadeur-en-temps-de-guerre\\\/\",\"name\":\"Que nous apprend le mandat de Jack Lew sur le poste d'ambassadeur en temps de guerre ? - TEMPLES-DE-NUBIE\",\"isPartOf\":{\"@id\":\"https:\\\/\\\/www.temples-de-nubie.fr\\\/blog\\\/#website\"},\"primaryImageOfPage\":{\"@id\":\"https:\\\/\\\/www.temples-de-nubie.fr\\\/blog\\\/que-nous-apprend-le-mandat-de-jack-lew-sur-le-poste-dambassadeur-en-temps-de-guerre\\\/#primaryimage\"},\"image\":{\"@id\":\"https:\\\/\\\/www.temples-de-nubie.fr\\\/blog\\\/que-nous-apprend-le-mandat-de-jack-lew-sur-le-poste-dambassadeur-en-temps-de-guerre\\\/#primaryimage\"},\"thumbnailUrl\":\"https:\\\/\\\/www.temples-de-nubie.fr\\\/blog\\\/wp-content\\\/uploads\\\/2024\\\/12\\\/que-nous-apprend-le-mandat-de-jack-lew-sur-le-poste-dambassadeur-en-temps-de-guerre.jpg\",\"datePublished\":\"2024-12-01T16:41:32+00:00\",\"breadcrumb\":{\"@id\":\"https:\\\/\\\/www.temples-de-nubie.fr\\\/blog\\\/que-nous-apprend-le-mandat-de-jack-lew-sur-le-poste-dambassadeur-en-temps-de-guerre\\\/#breadcrumb\"},\"inLanguage\":\"fr-FR\",\"potentialAction\":[{\"@type\":\"ReadAction\",\"target\":[\"https:\\\/\\\/www.temples-de-nubie.fr\\\/blog\\\/que-nous-apprend-le-mandat-de-jack-lew-sur-le-poste-dambassadeur-en-temps-de-guerre\\\/\"]}]},{\"@type\":\"ImageObject\",\"inLanguage\":\"fr-FR\",\"@id\":\"https:\\\/\\\/www.temples-de-nubie.fr\\\/blog\\\/que-nous-apprend-le-mandat-de-jack-lew-sur-le-poste-dambassadeur-en-temps-de-guerre\\\/#primaryimage\",\"url\":\"https:\\\/\\\/www.temples-de-nubie.fr\\\/blog\\\/wp-content\\\/uploads\\\/2024\\\/12\\\/que-nous-apprend-le-mandat-de-jack-lew-sur-le-poste-dambassadeur-en-temps-de-guerre.jpg\",\"contentUrl\":\"https:\\\/\\\/www.temples-de-nubie.fr\\\/blog\\\/wp-content\\\/uploads\\\/2024\\\/12\\\/que-nous-apprend-le-mandat-de-jack-lew-sur-le-poste-dambassadeur-en-temps-de-guerre.jpg\",\"width\":2291,\"height\":1288},{\"@type\":\"BreadcrumbList\",\"@id\":\"https:\\\/\\\/www.temples-de-nubie.fr\\\/blog\\\/que-nous-apprend-le-mandat-de-jack-lew-sur-le-poste-dambassadeur-en-temps-de-guerre\\\/#breadcrumb\",\"itemListElement\":[{\"@type\":\"ListItem\",\"position\":1,\"name\":\"Accueil\",\"item\":\"https:\\\/\\\/www.temples-de-nubie.fr\\\/blog\\\/\"},{\"@type\":\"ListItem\",\"position\":2,\"name\":\"Que nous apprend le mandat de Jack Lew sur le poste d&rsquo;ambassadeur en temps de guerre ?\"}]},{\"@type\":\"WebSite\",\"@id\":\"https:\\\/\\\/www.temples-de-nubie.fr\\\/blog\\\/#website\",\"url\":\"https:\\\/\\\/www.temples-de-nubie.fr\\\/blog\\\/\",\"name\":\"TEMPLES-DE-NUBIE\",\"description\":\"Temples de Nubie.; conservations ressources, \u00e0 savoir et retenir.\",\"publisher\":{\"@id\":\"https:\\\/\\\/www.temples-de-nubie.fr\\\/blog\\\/#organization\"},\"potentialAction\":[{\"@type\":\"SearchAction\",\"target\":{\"@type\":\"EntryPoint\",\"urlTemplate\":\"https:\\\/\\\/www.temples-de-nubie.fr\\\/blog\\\/?s={search_term_string}\"},\"query-input\":{\"@type\":\"PropertyValueSpecification\",\"valueRequired\":true,\"valueName\":\"search_term_string\"}}],\"inLanguage\":\"fr-FR\"},{\"@type\":\"Organization\",\"@id\":\"https:\\\/\\\/www.temples-de-nubie.fr\\\/blog\\\/#organization\",\"name\":\"temples-de-nubie\",\"url\":\"https:\\\/\\\/www.temples-de-nubie.fr\\\/blog\\\/\",\"logo\":{\"@type\":\"ImageObject\",\"inLanguage\":\"fr-FR\",\"@id\":\"https:\\\/\\\/www.temples-de-nubie.fr\\\/blog\\\/#\\\/schema\\\/logo\\\/image\\\/\",\"url\":\"https:\\\/\\\/www.temples-de-nubie.fr\\\/blog\\\/wp-content\\\/uploads\\\/2023\\\/09\\\/cropped-temple-2.jpg\",\"contentUrl\":\"https:\\\/\\\/www.temples-de-nubie.fr\\\/blog\\\/wp-content\\\/uploads\\\/2023\\\/09\\\/cropped-temple-2.jpg\",\"width\":971,\"height\":170,\"caption\":\"temples-de-nubie\"},\"image\":{\"@id\":\"https:\\\/\\\/www.temples-de-nubie.fr\\\/blog\\\/#\\\/schema\\\/logo\\\/image\\\/\"}},{\"@type\":\"Person\",\"@id\":\"https:\\\/\\\/www.temples-de-nubie.fr\\\/blog\\\/#\\\/schema\\\/person\\\/dc169e68726228008f8559d372397a09\",\"name\":\"Johana RIVET\",\"image\":{\"@type\":\"ImageObject\",\"inLanguage\":\"fr-FR\",\"@id\":\"https:\\\/\\\/secure.gravatar.com\\\/avatar\\\/4193b46a713fb7f0cc3d083cce5f3f81882137f825dedf603b244770965e799a?s=96&d=mm&r=g\",\"url\":\"https:\\\/\\\/secure.gravatar.com\\\/avatar\\\/4193b46a713fb7f0cc3d083cce5f3f81882137f825dedf603b244770965e799a?s=96&d=mm&r=g\",\"contentUrl\":\"https:\\\/\\\/secure.gravatar.com\\\/avatar\\\/4193b46a713fb7f0cc3d083cce5f3f81882137f825dedf603b244770965e799a?s=96&d=mm&r=g\",\"caption\":\"Johana RIVET\"},\"url\":\"https:\\\/\\\/www.temples-de-nubie.fr\\\/blog\\\/author\\\/biejohana\\\/\"}]}<\/script>\n<!-- \/ Yoast SEO plugin. -->","yoast_head_json":{"title":"Que nous apprend le mandat de Jack Lew sur le poste d'ambassadeur en temps de guerre ? - TEMPLES-DE-NUBIE","robots":{"index":"index","follow":"follow","max-snippet":"max-snippet:-1","max-image-preview":"max-image-preview:large","max-video-preview":"max-video-preview:-1"},"canonical":"https:\/\/www.temples-de-nubie.fr\/blog\/que-nous-apprend-le-mandat-de-jack-lew-sur-le-poste-dambassadeur-en-temps-de-guerre\/","og_locale":"fr_FR","og_type":"article","og_title":"Que nous apprend le mandat de Jack Lew sur le poste d'ambassadeur en temps de guerre ? - TEMPLES-DE-NUBIE","og_description":"\u00c9quilibrant les crises et les tensions politiques, l&rsquo;envoy\u00e9 am\u00e9ricain sortant a fait preuve d&rsquo;un style diplomatique r\u00e9serv\u00e9 pendant l&rsquo;une des p\u00e9riodes les plus sombres d&rsquo;Isra\u00ebl \u00c0 moins de deux mois de l\u2019entr\u00e9e en fonction du pr\u00e9sident \u00e9lu Donald Trump et du nouvel ambassadeur des \u00c9tats-Unis en Isra\u00ebl, Mike Huckabee, qui prendra probablement ses fonctions, l\u2019actuel [&hellip;]","og_url":"https:\/\/www.temples-de-nubie.fr\/blog\/que-nous-apprend-le-mandat-de-jack-lew-sur-le-poste-dambassadeur-en-temps-de-guerre\/","og_site_name":"TEMPLES-DE-NUBIE","article_published_time":"2024-12-01T16:41:32+00:00","og_image":[{"url":"https:\/\/www.temples-de-nubie.fr\/blog\/wp-content\/uploads\/2024\/12\/que-nous-apprend-le-mandat-de-jack-lew-sur-le-poste-dambassadeur-en-temps-de-guerre.jpg","type":"","width":"","height":""}],"author":"Johana RIVET","twitter_card":"summary_large_image","twitter_misc":{"\u00c9crit par":"Johana RIVET","Dur\u00e9e de lecture estim\u00e9e":"30 minutes"},"schema":{"@context":"https:\/\/schema.org","@graph":[{"@type":"Article","@id":"https:\/\/www.temples-de-nubie.fr\/blog\/que-nous-apprend-le-mandat-de-jack-lew-sur-le-poste-dambassadeur-en-temps-de-guerre\/#article","isPartOf":{"@id":"https:\/\/www.temples-de-nubie.fr\/blog\/que-nous-apprend-le-mandat-de-jack-lew-sur-le-poste-dambassadeur-en-temps-de-guerre\/"},"author":{"name":"Johana RIVET","@id":"https:\/\/www.temples-de-nubie.fr\/blog\/#\/schema\/person\/dc169e68726228008f8559d372397a09"},"headline":"Que nous apprend le mandat de Jack Lew sur le poste d&rsquo;ambassadeur en temps de guerre ?","datePublished":"2024-12-01T16:41:32+00:00","mainEntityOfPage":{"@id":"https:\/\/www.temples-de-nubie.fr\/blog\/que-nous-apprend-le-mandat-de-jack-lew-sur-le-poste-dambassadeur-en-temps-de-guerre\/"},"wordCount":6003,"publisher":{"@id":"https:\/\/www.temples-de-nubie.fr\/blog\/#organization"},"image":{"@id":"https:\/\/www.temples-de-nubie.fr\/blog\/que-nous-apprend-le-mandat-de-jack-lew-sur-le-poste-dambassadeur-en-temps-de-guerre\/#primaryimage"},"thumbnailUrl":"https:\/\/www.temples-de-nubie.fr\/blog\/wp-content\/uploads\/2024\/12\/que-nous-apprend-le-mandat-de-jack-lew-sur-le-poste-dambassadeur-en-temps-de-guerre.jpg","articleSection":["Informations Th\u00e8me Temples De Nubie.:"],"inLanguage":"fr-FR"},{"@type":"WebPage","@id":"https:\/\/www.temples-de-nubie.fr\/blog\/que-nous-apprend-le-mandat-de-jack-lew-sur-le-poste-dambassadeur-en-temps-de-guerre\/","url":"https:\/\/www.temples-de-nubie.fr\/blog\/que-nous-apprend-le-mandat-de-jack-lew-sur-le-poste-dambassadeur-en-temps-de-guerre\/","name":"Que nous apprend le mandat de Jack Lew sur le poste d'ambassadeur en temps de guerre ? - TEMPLES-DE-NUBIE","isPartOf":{"@id":"https:\/\/www.temples-de-nubie.fr\/blog\/#website"},"primaryImageOfPage":{"@id":"https:\/\/www.temples-de-nubie.fr\/blog\/que-nous-apprend-le-mandat-de-jack-lew-sur-le-poste-dambassadeur-en-temps-de-guerre\/#primaryimage"},"image":{"@id":"https:\/\/www.temples-de-nubie.fr\/blog\/que-nous-apprend-le-mandat-de-jack-lew-sur-le-poste-dambassadeur-en-temps-de-guerre\/#primaryimage"},"thumbnailUrl":"https:\/\/www.temples-de-nubie.fr\/blog\/wp-content\/uploads\/2024\/12\/que-nous-apprend-le-mandat-de-jack-lew-sur-le-poste-dambassadeur-en-temps-de-guerre.jpg","datePublished":"2024-12-01T16:41:32+00:00","breadcrumb":{"@id":"https:\/\/www.temples-de-nubie.fr\/blog\/que-nous-apprend-le-mandat-de-jack-lew-sur-le-poste-dambassadeur-en-temps-de-guerre\/#breadcrumb"},"inLanguage":"fr-FR","potentialAction":[{"@type":"ReadAction","target":["https:\/\/www.temples-de-nubie.fr\/blog\/que-nous-apprend-le-mandat-de-jack-lew-sur-le-poste-dambassadeur-en-temps-de-guerre\/"]}]},{"@type":"ImageObject","inLanguage":"fr-FR","@id":"https:\/\/www.temples-de-nubie.fr\/blog\/que-nous-apprend-le-mandat-de-jack-lew-sur-le-poste-dambassadeur-en-temps-de-guerre\/#primaryimage","url":"https:\/\/www.temples-de-nubie.fr\/blog\/wp-content\/uploads\/2024\/12\/que-nous-apprend-le-mandat-de-jack-lew-sur-le-poste-dambassadeur-en-temps-de-guerre.jpg","contentUrl":"https:\/\/www.temples-de-nubie.fr\/blog\/wp-content\/uploads\/2024\/12\/que-nous-apprend-le-mandat-de-jack-lew-sur-le-poste-dambassadeur-en-temps-de-guerre.jpg","width":2291,"height":1288},{"@type":"BreadcrumbList","@id":"https:\/\/www.temples-de-nubie.fr\/blog\/que-nous-apprend-le-mandat-de-jack-lew-sur-le-poste-dambassadeur-en-temps-de-guerre\/#breadcrumb","itemListElement":[{"@type":"ListItem","position":1,"name":"Accueil","item":"https:\/\/www.temples-de-nubie.fr\/blog\/"},{"@type":"ListItem","position":2,"name":"Que nous apprend le mandat de Jack Lew sur le poste d&rsquo;ambassadeur en temps de guerre ?"}]},{"@type":"WebSite","@id":"https:\/\/www.temples-de-nubie.fr\/blog\/#website","url":"https:\/\/www.temples-de-nubie.fr\/blog\/","name":"TEMPLES-DE-NUBIE","description":"Temples de Nubie.; conservations ressources, \u00e0 savoir et retenir.","publisher":{"@id":"https:\/\/www.temples-de-nubie.fr\/blog\/#organization"},"potentialAction":[{"@type":"SearchAction","target":{"@type":"EntryPoint","urlTemplate":"https:\/\/www.temples-de-nubie.fr\/blog\/?s={search_term_string}"},"query-input":{"@type":"PropertyValueSpecification","valueRequired":true,"valueName":"search_term_string"}}],"inLanguage":"fr-FR"},{"@type":"Organization","@id":"https:\/\/www.temples-de-nubie.fr\/blog\/#organization","name":"temples-de-nubie","url":"https:\/\/www.temples-de-nubie.fr\/blog\/","logo":{"@type":"ImageObject","inLanguage":"fr-FR","@id":"https:\/\/www.temples-de-nubie.fr\/blog\/#\/schema\/logo\/image\/","url":"https:\/\/www.temples-de-nubie.fr\/blog\/wp-content\/uploads\/2023\/09\/cropped-temple-2.jpg","contentUrl":"https:\/\/www.temples-de-nubie.fr\/blog\/wp-content\/uploads\/2023\/09\/cropped-temple-2.jpg","width":971,"height":170,"caption":"temples-de-nubie"},"image":{"@id":"https:\/\/www.temples-de-nubie.fr\/blog\/#\/schema\/logo\/image\/"}},{"@type":"Person","@id":"https:\/\/www.temples-de-nubie.fr\/blog\/#\/schema\/person\/dc169e68726228008f8559d372397a09","name":"Johana RIVET","image":{"@type":"ImageObject","inLanguage":"fr-FR","@id":"https:\/\/secure.gravatar.com\/avatar\/4193b46a713fb7f0cc3d083cce5f3f81882137f825dedf603b244770965e799a?s=96&d=mm&r=g","url":"https:\/\/secure.gravatar.com\/avatar\/4193b46a713fb7f0cc3d083cce5f3f81882137f825dedf603b244770965e799a?s=96&d=mm&r=g","contentUrl":"https:\/\/secure.gravatar.com\/avatar\/4193b46a713fb7f0cc3d083cce5f3f81882137f825dedf603b244770965e799a?s=96&d=mm&r=g","caption":"Johana RIVET"},"url":"https:\/\/www.temples-de-nubie.fr\/blog\/author\/biejohana\/"}]}},"_links":{"self":[{"href":"https:\/\/www.temples-de-nubie.fr\/blog\/wp-json\/wp\/v2\/posts\/128","targetHints":{"allow":["GET"]}}],"collection":[{"href":"https:\/\/www.temples-de-nubie.fr\/blog\/wp-json\/wp\/v2\/posts"}],"about":[{"href":"https:\/\/www.temples-de-nubie.fr\/blog\/wp-json\/wp\/v2\/types\/post"}],"author":[{"embeddable":true,"href":"https:\/\/www.temples-de-nubie.fr\/blog\/wp-json\/wp\/v2\/users\/3"}],"replies":[{"embeddable":true,"href":"https:\/\/www.temples-de-nubie.fr\/blog\/wp-json\/wp\/v2\/comments?post=128"}],"version-history":[{"count":0,"href":"https:\/\/www.temples-de-nubie.fr\/blog\/wp-json\/wp\/v2\/posts\/128\/revisions"}],"wp:featuredmedia":[{"embeddable":true,"href":"https:\/\/www.temples-de-nubie.fr\/blog\/wp-json\/wp\/v2\/media\/129"}],"wp:attachment":[{"href":"https:\/\/www.temples-de-nubie.fr\/blog\/wp-json\/wp\/v2\/media?parent=128"}],"wp:term":[{"taxonomy":"category","embeddable":true,"href":"https:\/\/www.temples-de-nubie.fr\/blog\/wp-json\/wp\/v2\/categories?post=128"},{"taxonomy":"post_tag","embeddable":true,"href":"https:\/\/www.temples-de-nubie.fr\/blog\/wp-json\/wp\/v2\/tags?post=128"}],"curies":[{"name":"wp","href":"https:\/\/api.w.org\/{rel}","templated":true}]}}