{"id":138,"date":"2024-12-26T22:26:00","date_gmt":"2024-12-26T21:26:00","guid":{"rendered":"https:\/\/www.site.cdcl.xyz\/2024\/12\/26\/lourdes-le-lustre-peu-a-peu-retrouve-de-leglise-du-sacre-coeur\/"},"modified":"2024-12-26T22:26:00","modified_gmt":"2024-12-26T21:26:00","slug":"lourdes-le-lustre-peu-a-peu-retrouve-de-leglise-du-sacre-coeur","status":"publish","type":"post","link":"https:\/\/www.temples-de-nubie.fr\/blog\/lourdes-le-lustre-peu-a-peu-retrouve-de-leglise-du-sacre-coeur\/","title":{"rendered":"Lourdes : le lustre peu \u00e0 peu retrouv\u00e9 de l&rsquo;\u00e9glise du Sacr\u00e9-C\u0153ur"},"content":{"rendered":"\n<p> <span class=\"article-full__chapo-label hide-on-small-only\">l&rsquo;essentiel<\/span><br \/>L&rsquo;\u00e9glise du Sacr\u00e9-C\u0153ur retrouve sa splendeur et va s&rsquo;inscrire dans une r\u00e9habilitation totale des abords de l&rsquo;\u00e9difice. <\/p>\n<div> <!-- Pub DFP Position [outstream] --><\/p>\n<p>L&rsquo;histoire de l&rsquo;\u00e9glise paroissiale de Lourdes se poursuit avec sa restauration et sa r\u00e9ouverture prochaine. Les derniers travaux remontaient \u00e0 1979, \u00e0 l&rsquo;occasion du centi\u00e8me anniversaire de la mort de Bernadette Soubirous quand la crypte a \u00e9t\u00e9 restaur\u00e9e. L&rsquo;\u00e9tat de conservation du monument \u00e9tait menac\u00e9 par des probl\u00e8mes structurels, il a donc \u00e9t\u00e9 d\u00e9cid\u00e9 de la r\u00e9habiliter et ont \u00e9t\u00e9 cibl\u00e9s la couverture en ardoise et en zinc, la charpente, le clocher ainsi que la nef centrale&nbsp;\u00bb avait expliqu\u00e9 la fondation de France lors de l&rsquo;appel aux dons pour le chantier qui a d\u00e9marr\u00e9 en 2017.<\/p>\n<p>Le 16 d\u00e9cembre dernier, une r\u00e9union de chantier s&rsquo;est tenue dans l&rsquo;enceinte du monument en pr\u00e9sence du maire de Lourdes, Thierry Lavit, les agents de la ville, des \u00e9lus, du P\u00e8re Jamet ainsi que de Christian G\u00e9lis, pr\u00e9sident de l &lsquo;association \u00ab&nbsp;Le Toit du C\u0153ur&nbsp;\u00bb, association qui a permis de r\u00e9colter des fonds. L&rsquo;occasion de faire le point sur les travaux \u00e0 r\u00e9aliser avant l&rsquo;ouverture de l&rsquo;\u00e9difice.<\/p>\n<p>Depuis plusieurs ann\u00e9es, le b\u00e2timent souffrait de probl\u00e8mes structurels sur la charpente et la toiture notamment. Les travaux ont commenc\u00e9 en 2017 et dont la ma\u00eetrise d&rsquo;\u0153uvre avait \u00e9t\u00e9 confi\u00e9e \u00e0 un Architecte du Patrimoine et des bureaux d&rsquo;\u00e9tudes sp\u00e9cialis\u00e9s pour le suivi, ont \u00e9t\u00e9 r\u00e9alis\u00e9s par des entreprises sp\u00e9cialis\u00e9es en travaux sur des monuments historiques.<\/p>\n<p>C&rsquo;est en 2021 que le chantier a connu une acc\u00e9l\u00e9ration bienvenue avec, entre autres, le d\u00e9placement de l&rsquo;orgue, les travaux du transept, la mise aux normes de s\u00e9curit\u00e9. L&rsquo;op\u00e9ration actuelle concerne quelques am\u00e9nagements int\u00e9rieurs cons\u00e9quents. Il reste encore un programme cons\u00e9quent avec la pose du lustre central, au-dessus de l&rsquo;autel, offert par \u00ab&nbsp;Le Toit du C\u0153ur&nbsp;\u00bb mais pas seulement : \u00ab&nbsp;Un syst\u00e8me de chauffage sera constitu\u00e9 de tapis chauffants, install\u00e9 sous les bancs. Au niveau de l&rsquo;\u00e9lectricit\u00e9, reste \u00e0 r\u00e9aliser la reprise du tableau \u00e9lectrique, notamment en lien avec le nouveau syst\u00e8me de chauffage Sur le plan r\u00e9glementaire cette mise en place n\u00e9cessite \u00e9galement une d\u00e9claration vis-\u00e0-vis de la s\u00e9curit\u00e9 incendie. contr\u00f4le devra ensuite \u00e9mettre un avis sur la base d&rsquo;un rapport final de contr\u00f4le technique validant la et avisant la commission que tout a \u00e9t\u00e9 r\u00e9alis\u00e9 suivant la r\u00e9glementation&nbsp;\u00bb.<\/p>\n<h2 class=\"txt-int\">Un chantier au-del\u00e0 de l&rsquo;\u00e9glise<\/h2>\n<p>Il y aura aussi la mise en place d&rsquo;une sono ainsi que la r\u00e9ouverture de la crypte avec un test d&rsquo;\u00e9clairage \u00e0 r\u00e9aliser et la r\u00e9vision du syst\u00e8me \u00e9lectrique, contr\u00f4le de l&rsquo;\u00e9tat des murs apr\u00e8s s\u00e9chage. Des travaux qui r\u00e9servent quelquefois bien des surprises : &nbsp;\u00bb Cela concerne une chapelle fun\u00e9raire sur le portail du c\u00f4t\u00e9 droit. Lors d&rsquo;une derni\u00e8re visite, il a \u00e9t\u00e9 constat\u00e9 la d\u00e9molition de la chapelle fun\u00e9raire \u00e0 droite de l&rsquo;entr\u00e9e principale. La d\u00e9molition laisse appara\u00eet, aujourd&rsquo;hui, des locaux invisibles jusqu&rsquo;alors. L&rsquo;association propose un nouvel am\u00e9nagement qualitatif en sym\u00e9trie de la chapelle de Bernadette&nbsp;\u00bb.<\/p>\n<p>L&rsquo;\u00e9glise paroissiale du Sacr\u00e9-C\u0153ur de Lourdes renferme les tr\u00e9sors de l&rsquo;histoire de Lourdes. Les fonts baptismaux au-dessus dont Bernadette Soubirous fut baptis\u00e9e et le tombeau de l&rsquo;abb\u00e9 Peyramale.<\/p>\n<p>Redonner sa splendeur \u00e0 l&rsquo;\u00e9glise ira de pair avec l&rsquo;am\u00e9nagement de la place adjacente et de la rue de l&rsquo;\u00c9glise avec une mise \u00e0 l&rsquo;honneur de Bernadette et de l&rsquo;abb\u00e9 Peyramale.<\/p>\n<\/div>\n<p> Ce paragraphe parlant du sujet \u00ab\u00a0Temples de Nubie.\u00a0\u00bb a \u00e9t\u00e9 tri\u00e9 sur le web par les r\u00e9dacteurs de temples-de-nubie.fr. temples-de-nubie.fr est blog d&rsquo;information qui conserve des nouvelles publi\u00e9es sur le net dont le sujet central est \u00ab\u00a0Temples de Nubie.\u00a0\u00bb. La chronique se veut produite du mieux possible. Dans la mesure o\u00f9 vous d\u00e9sirez pr\u00e9senter des informations suppl\u00e9mentaires \u00e0 cet article sur le sujet \u00ab\u00a0Temples de Nubie.\u00a0\u00bb vous pouvez utiliser les coordonn\u00e9es affich\u00e9es sur ce site web. Il y a de pr\u00e9vu divers travaux autour du sujet \u00ab\u00a0Temples de Nubie.\u00a0\u00bb dans les jours \u00e0 venir, on vous invite \u00e0 naviguer sur notre site web \u00e0 plusieurs reprises.<\/p>\n","protected":false},"excerpt":{"rendered":"<p>l&rsquo;essentielL&rsquo;\u00e9glise du Sacr\u00e9-C\u0153ur retrouve sa splendeur et va s&rsquo;inscrire dans une r\u00e9habilitation totale des abords de l&rsquo;\u00e9difice. L&rsquo;histoire de l&rsquo;\u00e9glise paroissiale de Lourdes se poursuit avec sa restauration et sa r\u00e9ouverture prochaine. Les derniers travaux remontaient \u00e0 1979, \u00e0 l&rsquo;occasion du centi\u00e8me anniversaire de la mort de Bernadette Soubirous quand la crypte a \u00e9t\u00e9 restaur\u00e9e. [&hellip;]<\/p>\n","protected":false},"author":3,"featured_media":0,"comment_status":"closed","ping_status":"closed","sticky":false,"template":"","format":"standard","meta":{"footnotes":""},"categories":[4],"tags":[],"class_list":["post-138","post","type-post","status-publish","format-standard","hentry","category-informations-theme-temples-de-nubie"],"yoast_head":"<!-- This site is optimized with the Yoast SEO plugin v27.5 - https:\/\/yoast.com\/product\/yoast-seo-wordpress\/ -->\n<title>Lourdes : le lustre peu \u00e0 peu retrouv\u00e9 de l&#039;\u00e9glise du Sacr\u00e9-C\u0153ur - TEMPLES-DE-NUBIE<\/title>\n<meta name=\"robots\" content=\"index, follow, max-snippet:-1, max-image-preview:large, max-video-preview:-1\" \/>\n<link rel=\"canonical\" href=\"https:\/\/www.temples-de-nubie.fr\/blog\/lourdes-le-lustre-peu-a-peu-retrouve-de-leglise-du-sacre-coeur\/\" \/>\n<meta property=\"og:locale\" content=\"fr_FR\" \/>\n<meta property=\"og:type\" content=\"article\" \/>\n<meta property=\"og:title\" content=\"Lourdes : le lustre peu \u00e0 peu retrouv\u00e9 de l&#039;\u00e9glise du Sacr\u00e9-C\u0153ur - TEMPLES-DE-NUBIE\" \/>\n<meta property=\"og:description\" content=\"l&rsquo;essentielL&rsquo;\u00e9glise du Sacr\u00e9-C\u0153ur retrouve sa splendeur et va s&rsquo;inscrire dans une r\u00e9habilitation totale des abords de l&rsquo;\u00e9difice. L&rsquo;histoire de l&rsquo;\u00e9glise paroissiale de Lourdes se poursuit avec sa restauration et sa r\u00e9ouverture prochaine. Les derniers travaux remontaient \u00e0 1979, \u00e0 l&rsquo;occasion du centi\u00e8me anniversaire de la mort de Bernadette Soubirous quand la crypte a \u00e9t\u00e9 restaur\u00e9e. [&hellip;]\" \/>\n<meta property=\"og:url\" content=\"https:\/\/www.temples-de-nubie.fr\/blog\/lourdes-le-lustre-peu-a-peu-retrouve-de-leglise-du-sacre-coeur\/\" \/>\n<meta property=\"og:site_name\" content=\"TEMPLES-DE-NUBIE\" \/>\n<meta property=\"article:published_time\" content=\"2024-12-26T21:26:00+00:00\" \/>\n<meta name=\"author\" content=\"Johana RIVET\" \/>\n<meta name=\"twitter:card\" content=\"summary_large_image\" \/>\n<meta name=\"twitter:label1\" content=\"\u00c9crit par\" \/>\n\t<meta name=\"twitter:data1\" content=\"Johana RIVET\" \/>\n\t<meta name=\"twitter:label2\" content=\"Dur\u00e9e de lecture estim\u00e9e\" \/>\n\t<meta name=\"twitter:data2\" content=\"4 minutes\" \/>\n<script type=\"application\/ld+json\" class=\"yoast-schema-graph\">{\"@context\":\"https:\\\/\\\/schema.org\",\"@graph\":[{\"@type\":\"Article\",\"@id\":\"https:\\\/\\\/www.temples-de-nubie.fr\\\/blog\\\/lourdes-le-lustre-peu-a-peu-retrouve-de-leglise-du-sacre-coeur\\\/#article\",\"isPartOf\":{\"@id\":\"https:\\\/\\\/www.temples-de-nubie.fr\\\/blog\\\/lourdes-le-lustre-peu-a-peu-retrouve-de-leglise-du-sacre-coeur\\\/\"},\"author\":{\"name\":\"Johana RIVET\",\"@id\":\"https:\\\/\\\/www.temples-de-nubie.fr\\\/blog\\\/#\\\/schema\\\/person\\\/dc169e68726228008f8559d372397a09\"},\"headline\":\"Lourdes : le lustre peu \u00e0 peu retrouv\u00e9 de l&rsquo;\u00e9glise du Sacr\u00e9-C\u0153ur\",\"datePublished\":\"2024-12-26T21:26:00+00:00\",\"mainEntityOfPage\":{\"@id\":\"https:\\\/\\\/www.temples-de-nubie.fr\\\/blog\\\/lourdes-le-lustre-peu-a-peu-retrouve-de-leglise-du-sacre-coeur\\\/\"},\"wordCount\":772,\"publisher\":{\"@id\":\"https:\\\/\\\/www.temples-de-nubie.fr\\\/blog\\\/#organization\"},\"articleSection\":[\"Informations Th\u00e8me Temples De Nubie.:\"],\"inLanguage\":\"fr-FR\"},{\"@type\":\"WebPage\",\"@id\":\"https:\\\/\\\/www.temples-de-nubie.fr\\\/blog\\\/lourdes-le-lustre-peu-a-peu-retrouve-de-leglise-du-sacre-coeur\\\/\",\"url\":\"https:\\\/\\\/www.temples-de-nubie.fr\\\/blog\\\/lourdes-le-lustre-peu-a-peu-retrouve-de-leglise-du-sacre-coeur\\\/\",\"name\":\"Lourdes : le lustre peu \u00e0 peu retrouv\u00e9 de l'\u00e9glise du Sacr\u00e9-C\u0153ur - TEMPLES-DE-NUBIE\",\"isPartOf\":{\"@id\":\"https:\\\/\\\/www.temples-de-nubie.fr\\\/blog\\\/#website\"},\"datePublished\":\"2024-12-26T21:26:00+00:00\",\"breadcrumb\":{\"@id\":\"https:\\\/\\\/www.temples-de-nubie.fr\\\/blog\\\/lourdes-le-lustre-peu-a-peu-retrouve-de-leglise-du-sacre-coeur\\\/#breadcrumb\"},\"inLanguage\":\"fr-FR\",\"potentialAction\":[{\"@type\":\"ReadAction\",\"target\":[\"https:\\\/\\\/www.temples-de-nubie.fr\\\/blog\\\/lourdes-le-lustre-peu-a-peu-retrouve-de-leglise-du-sacre-coeur\\\/\"]}]},{\"@type\":\"BreadcrumbList\",\"@id\":\"https:\\\/\\\/www.temples-de-nubie.fr\\\/blog\\\/lourdes-le-lustre-peu-a-peu-retrouve-de-leglise-du-sacre-coeur\\\/#breadcrumb\",\"itemListElement\":[{\"@type\":\"ListItem\",\"position\":1,\"name\":\"Accueil\",\"item\":\"https:\\\/\\\/www.temples-de-nubie.fr\\\/blog\\\/\"},{\"@type\":\"ListItem\",\"position\":2,\"name\":\"Lourdes : le lustre peu \u00e0 peu retrouv\u00e9 de l&rsquo;\u00e9glise du Sacr\u00e9-C\u0153ur\"}]},{\"@type\":\"WebSite\",\"@id\":\"https:\\\/\\\/www.temples-de-nubie.fr\\\/blog\\\/#website\",\"url\":\"https:\\\/\\\/www.temples-de-nubie.fr\\\/blog\\\/\",\"name\":\"TEMPLES-DE-NUBIE\",\"description\":\"Temples de Nubie.; conservations ressources, \u00e0 savoir et retenir.\",\"publisher\":{\"@id\":\"https:\\\/\\\/www.temples-de-nubie.fr\\\/blog\\\/#organization\"},\"potentialAction\":[{\"@type\":\"SearchAction\",\"target\":{\"@type\":\"EntryPoint\",\"urlTemplate\":\"https:\\\/\\\/www.temples-de-nubie.fr\\\/blog\\\/?s={search_term_string}\"},\"query-input\":{\"@type\":\"PropertyValueSpecification\",\"valueRequired\":true,\"valueName\":\"search_term_string\"}}],\"inLanguage\":\"fr-FR\"},{\"@type\":\"Organization\",\"@id\":\"https:\\\/\\\/www.temples-de-nubie.fr\\\/blog\\\/#organization\",\"name\":\"temples-de-nubie\",\"url\":\"https:\\\/\\\/www.temples-de-nubie.fr\\\/blog\\\/\",\"logo\":{\"@type\":\"ImageObject\",\"inLanguage\":\"fr-FR\",\"@id\":\"https:\\\/\\\/www.temples-de-nubie.fr\\\/blog\\\/#\\\/schema\\\/logo\\\/image\\\/\",\"url\":\"https:\\\/\\\/www.temples-de-nubie.fr\\\/blog\\\/wp-content\\\/uploads\\\/2023\\\/09\\\/cropped-temple-2.jpg\",\"contentUrl\":\"https:\\\/\\\/www.temples-de-nubie.fr\\\/blog\\\/wp-content\\\/uploads\\\/2023\\\/09\\\/cropped-temple-2.jpg\",\"width\":971,\"height\":170,\"caption\":\"temples-de-nubie\"},\"image\":{\"@id\":\"https:\\\/\\\/www.temples-de-nubie.fr\\\/blog\\\/#\\\/schema\\\/logo\\\/image\\\/\"}},{\"@type\":\"Person\",\"@id\":\"https:\\\/\\\/www.temples-de-nubie.fr\\\/blog\\\/#\\\/schema\\\/person\\\/dc169e68726228008f8559d372397a09\",\"name\":\"Johana RIVET\",\"image\":{\"@type\":\"ImageObject\",\"inLanguage\":\"fr-FR\",\"@id\":\"https:\\\/\\\/secure.gravatar.com\\\/avatar\\\/4193b46a713fb7f0cc3d083cce5f3f81882137f825dedf603b244770965e799a?s=96&d=mm&r=g\",\"url\":\"https:\\\/\\\/secure.gravatar.com\\\/avatar\\\/4193b46a713fb7f0cc3d083cce5f3f81882137f825dedf603b244770965e799a?s=96&d=mm&r=g\",\"contentUrl\":\"https:\\\/\\\/secure.gravatar.com\\\/avatar\\\/4193b46a713fb7f0cc3d083cce5f3f81882137f825dedf603b244770965e799a?s=96&d=mm&r=g\",\"caption\":\"Johana RIVET\"},\"url\":\"https:\\\/\\\/www.temples-de-nubie.fr\\\/blog\\\/author\\\/biejohana\\\/\"}]}<\/script>\n<!-- \/ Yoast SEO plugin. -->","yoast_head_json":{"title":"Lourdes : le lustre peu \u00e0 peu retrouv\u00e9 de l'\u00e9glise du Sacr\u00e9-C\u0153ur - TEMPLES-DE-NUBIE","robots":{"index":"index","follow":"follow","max-snippet":"max-snippet:-1","max-image-preview":"max-image-preview:large","max-video-preview":"max-video-preview:-1"},"canonical":"https:\/\/www.temples-de-nubie.fr\/blog\/lourdes-le-lustre-peu-a-peu-retrouve-de-leglise-du-sacre-coeur\/","og_locale":"fr_FR","og_type":"article","og_title":"Lourdes : le lustre peu \u00e0 peu retrouv\u00e9 de l'\u00e9glise du Sacr\u00e9-C\u0153ur - TEMPLES-DE-NUBIE","og_description":"l&rsquo;essentielL&rsquo;\u00e9glise du Sacr\u00e9-C\u0153ur retrouve sa splendeur et va s&rsquo;inscrire dans une r\u00e9habilitation totale des abords de l&rsquo;\u00e9difice. L&rsquo;histoire de l&rsquo;\u00e9glise paroissiale de Lourdes se poursuit avec sa restauration et sa r\u00e9ouverture prochaine. Les derniers travaux remontaient \u00e0 1979, \u00e0 l&rsquo;occasion du centi\u00e8me anniversaire de la mort de Bernadette Soubirous quand la crypte a \u00e9t\u00e9 restaur\u00e9e. [&hellip;]","og_url":"https:\/\/www.temples-de-nubie.fr\/blog\/lourdes-le-lustre-peu-a-peu-retrouve-de-leglise-du-sacre-coeur\/","og_site_name":"TEMPLES-DE-NUBIE","article_published_time":"2024-12-26T21:26:00+00:00","author":"Johana RIVET","twitter_card":"summary_large_image","twitter_misc":{"\u00c9crit par":"Johana RIVET","Dur\u00e9e de lecture estim\u00e9e":"4 minutes"},"schema":{"@context":"https:\/\/schema.org","@graph":[{"@type":"Article","@id":"https:\/\/www.temples-de-nubie.fr\/blog\/lourdes-le-lustre-peu-a-peu-retrouve-de-leglise-du-sacre-coeur\/#article","isPartOf":{"@id":"https:\/\/www.temples-de-nubie.fr\/blog\/lourdes-le-lustre-peu-a-peu-retrouve-de-leglise-du-sacre-coeur\/"},"author":{"name":"Johana RIVET","@id":"https:\/\/www.temples-de-nubie.fr\/blog\/#\/schema\/person\/dc169e68726228008f8559d372397a09"},"headline":"Lourdes : le lustre peu \u00e0 peu retrouv\u00e9 de l&rsquo;\u00e9glise du Sacr\u00e9-C\u0153ur","datePublished":"2024-12-26T21:26:00+00:00","mainEntityOfPage":{"@id":"https:\/\/www.temples-de-nubie.fr\/blog\/lourdes-le-lustre-peu-a-peu-retrouve-de-leglise-du-sacre-coeur\/"},"wordCount":772,"publisher":{"@id":"https:\/\/www.temples-de-nubie.fr\/blog\/#organization"},"articleSection":["Informations Th\u00e8me Temples De Nubie.:"],"inLanguage":"fr-FR"},{"@type":"WebPage","@id":"https:\/\/www.temples-de-nubie.fr\/blog\/lourdes-le-lustre-peu-a-peu-retrouve-de-leglise-du-sacre-coeur\/","url":"https:\/\/www.temples-de-nubie.fr\/blog\/lourdes-le-lustre-peu-a-peu-retrouve-de-leglise-du-sacre-coeur\/","name":"Lourdes : le lustre peu \u00e0 peu retrouv\u00e9 de l'\u00e9glise du Sacr\u00e9-C\u0153ur - TEMPLES-DE-NUBIE","isPartOf":{"@id":"https:\/\/www.temples-de-nubie.fr\/blog\/#website"},"datePublished":"2024-12-26T21:26:00+00:00","breadcrumb":{"@id":"https:\/\/www.temples-de-nubie.fr\/blog\/lourdes-le-lustre-peu-a-peu-retrouve-de-leglise-du-sacre-coeur\/#breadcrumb"},"inLanguage":"fr-FR","potentialAction":[{"@type":"ReadAction","target":["https:\/\/www.temples-de-nubie.fr\/blog\/lourdes-le-lustre-peu-a-peu-retrouve-de-leglise-du-sacre-coeur\/"]}]},{"@type":"BreadcrumbList","@id":"https:\/\/www.temples-de-nubie.fr\/blog\/lourdes-le-lustre-peu-a-peu-retrouve-de-leglise-du-sacre-coeur\/#breadcrumb","itemListElement":[{"@type":"ListItem","position":1,"name":"Accueil","item":"https:\/\/www.temples-de-nubie.fr\/blog\/"},{"@type":"ListItem","position":2,"name":"Lourdes : le lustre peu \u00e0 peu retrouv\u00e9 de l&rsquo;\u00e9glise du Sacr\u00e9-C\u0153ur"}]},{"@type":"WebSite","@id":"https:\/\/www.temples-de-nubie.fr\/blog\/#website","url":"https:\/\/www.temples-de-nubie.fr\/blog\/","name":"TEMPLES-DE-NUBIE","description":"Temples de Nubie.; conservations ressources, \u00e0 savoir et retenir.","publisher":{"@id":"https:\/\/www.temples-de-nubie.fr\/blog\/#organization"},"potentialAction":[{"@type":"SearchAction","target":{"@type":"EntryPoint","urlTemplate":"https:\/\/www.temples-de-nubie.fr\/blog\/?s={search_term_string}"},"query-input":{"@type":"PropertyValueSpecification","valueRequired":true,"valueName":"search_term_string"}}],"inLanguage":"fr-FR"},{"@type":"Organization","@id":"https:\/\/www.temples-de-nubie.fr\/blog\/#organization","name":"temples-de-nubie","url":"https:\/\/www.temples-de-nubie.fr\/blog\/","logo":{"@type":"ImageObject","inLanguage":"fr-FR","@id":"https:\/\/www.temples-de-nubie.fr\/blog\/#\/schema\/logo\/image\/","url":"https:\/\/www.temples-de-nubie.fr\/blog\/wp-content\/uploads\/2023\/09\/cropped-temple-2.jpg","contentUrl":"https:\/\/www.temples-de-nubie.fr\/blog\/wp-content\/uploads\/2023\/09\/cropped-temple-2.jpg","width":971,"height":170,"caption":"temples-de-nubie"},"image":{"@id":"https:\/\/www.temples-de-nubie.fr\/blog\/#\/schema\/logo\/image\/"}},{"@type":"Person","@id":"https:\/\/www.temples-de-nubie.fr\/blog\/#\/schema\/person\/dc169e68726228008f8559d372397a09","name":"Johana RIVET","image":{"@type":"ImageObject","inLanguage":"fr-FR","@id":"https:\/\/secure.gravatar.com\/avatar\/4193b46a713fb7f0cc3d083cce5f3f81882137f825dedf603b244770965e799a?s=96&d=mm&r=g","url":"https:\/\/secure.gravatar.com\/avatar\/4193b46a713fb7f0cc3d083cce5f3f81882137f825dedf603b244770965e799a?s=96&d=mm&r=g","contentUrl":"https:\/\/secure.gravatar.com\/avatar\/4193b46a713fb7f0cc3d083cce5f3f81882137f825dedf603b244770965e799a?s=96&d=mm&r=g","caption":"Johana RIVET"},"url":"https:\/\/www.temples-de-nubie.fr\/blog\/author\/biejohana\/"}]}},"_links":{"self":[{"href":"https:\/\/www.temples-de-nubie.fr\/blog\/wp-json\/wp\/v2\/posts\/138","targetHints":{"allow":["GET"]}}],"collection":[{"href":"https:\/\/www.temples-de-nubie.fr\/blog\/wp-json\/wp\/v2\/posts"}],"about":[{"href":"https:\/\/www.temples-de-nubie.fr\/blog\/wp-json\/wp\/v2\/types\/post"}],"author":[{"embeddable":true,"href":"https:\/\/www.temples-de-nubie.fr\/blog\/wp-json\/wp\/v2\/users\/3"}],"replies":[{"embeddable":true,"href":"https:\/\/www.temples-de-nubie.fr\/blog\/wp-json\/wp\/v2\/comments?post=138"}],"version-history":[{"count":0,"href":"https:\/\/www.temples-de-nubie.fr\/blog\/wp-json\/wp\/v2\/posts\/138\/revisions"}],"wp:attachment":[{"href":"https:\/\/www.temples-de-nubie.fr\/blog\/wp-json\/wp\/v2\/media?parent=138"}],"wp:term":[{"taxonomy":"category","embeddable":true,"href":"https:\/\/www.temples-de-nubie.fr\/blog\/wp-json\/wp\/v2\/categories?post=138"},{"taxonomy":"post_tag","embeddable":true,"href":"https:\/\/www.temples-de-nubie.fr\/blog\/wp-json\/wp\/v2\/tags?post=138"}],"curies":[{"name":"wp","href":"https:\/\/api.w.org\/{rel}","templated":true}]}}