{"id":169,"date":"2025-06-10T10:22:22","date_gmt":"2025-06-10T08:22:22","guid":{"rendered":"https:\/\/www.site.cdcl.xyz\/2025\/06\/10\/maccabiah-2025-lance-avec-de-grands-noms-et-une-vision-audacieuse\/"},"modified":"2025-06-10T10:22:22","modified_gmt":"2025-06-10T08:22:22","slug":"maccabiah-2025-lance-avec-de-grands-noms-et-une-vision-audacieuse","status":"publish","type":"post","link":"https:\/\/www.temples-de-nubie.fr\/blog\/maccabiah-2025-lance-avec-de-grands-noms-et-une-vision-audacieuse\/","title":{"rendered":"Maccabiah 2025 lance avec de grands noms et une vision audacieuse"},"content":{"rendered":"\n<p><img decoding=\"async\" src=\"https:\/\/www.temples-de-nubie.fr\/blog\/wp-content\/uploads\/2025\/06\/maccabiah-2025-lance-avec-de-grands-noms-et-une-vision-audacieuse.jpg\"><\/p>\n<div>\n<p>Le 2025 Maccabiah a officiellement d\u00e9but\u00e9 dimanche soir avec un \u00e9v\u00e9nement de lancement festif \u00e0 Kfar Maccabiah \u00e0 Ramat Gan, pr\u00e9parant le terrain pour ce que les organisateurs disent seront le Maccabiah le plus important et le plus significatif de l&rsquo;histoire. Pr\u00e9vu du 8 au 22 juillet, l&rsquo;\u00e9v\u00e9nement international de sport juif r\u00e9unira plus de 8 000 athl\u00e8tes de 55 pays pour concourir dans 45 disciplines.<\/p>\n<p>La c\u00e9r\u00e9monie d&rsquo;ouverture, pr\u00e9vue pour le 10 juillet au stade Teddy de J\u00e9rusalem, pr\u00e9sentera des performances d&rsquo;Itay Levy, Yuval Raphael, Eden Golan, Idan Raichel et Shahar Saul. Anna Aronov et Assi Azar accueillent l&rsquo;\u00e9v\u00e9nement, et le flambeau sera allum\u00e9 par les m\u00e9daill\u00e9s olympiques et paralympiques Raz Hershko et Asaf Yasur.<\/p>\n<p>Tel Aviv-Jaffa, revenant en tant que ville h\u00f4te pr\u00e8s d&rsquo;un si\u00e8cle apr\u00e8s le premier Maccabiah, organisera des sports tels que le beach-volley, le surf et la gymnastique rythmique. La ville accueillera \u00e9galement \u00abExpo Maccabiah City\u00bb \u2013 un festival interactif de sports et de culture de cinq jours du 14 au 18 juillet.<\/p>\n<p>\u00ab&nbsp;Tel Aviv-Jaffa est fier d&rsquo;accueillir le Maccabiah \u2013 un \u00e9v\u00e9nement sportif international qui relie les communaut\u00e9s juives de tous les coins du monde&nbsp;\u00bb, a d\u00e9clar\u00e9 le maire Ron Huldai. \u00abSurtout pendant cette p\u00e9riode, les sports nous rappellent le pouvoir du partenariat, de la fiert\u00e9 et de la connexion.\u00bb<\/p>\n<p>Le pr\u00e9sident du Maccabiah Assaf Goren a d\u00e9crit les jeux comme \u00abun symbole de notre espoir, de notre restauration et de notre r\u00e9silience\u00bb, ajoutant que l&rsquo;\u00e9v\u00e9nement 2025 comm\u00e9morera \u00e9galement le 7 octobre et les \u00e9p\u00e9es de Iron War.<\/p>\n<\/div>\n<p>Publications:<\/p>\n<p>{{Link.,<a href=\"https:\/\/www.site.cdcl.xyz\/2025\/06\/10\/maccabiah-2025-lance-avec-de-grands-noms-et-une-vision-audacieuse\/URL\" target=\"_blank\" rel=\"noopener noreferrer nofollow\">L\u2019article de presse.<\/a><span><\/span>}<br \/>|{B\u00e2timent restaur\u00e9 par Eug\u00e8ne Viollet-le-Duc.,<a href=\"https:\/\/www.site.cdcl.xyz\/wiki\/Cat%C3%A9gorie:B%C3%A2timent_restaur%C3%A9_par_Eug%C3%A8ne_Viollet-le-Duc\" target=\"_blank\" rel=\"noopener noreferrer nofollow\">Cliquer ICI.<\/a><span><\/span>}<br \/>|{B\u00e2timent restaur\u00e9 par F\u00e9lix Duban.,<a href=\"https:\/\/www.site.cdcl.xyz\/wiki\/Cat%C3%A9gorie:B%C3%A2timent_restaur%C3%A9_par_F%C3%A9lix_Duban\" target=\"_blank\" rel=\"noopener noreferrer nofollow\">A lire ici.<\/a><span><\/span>}<br \/>|{B\u00e2timent restaur\u00e9 par Jean-Baptiste Lassus.,<a href=\"https:\/\/www.site.cdcl.xyz\/wiki\/Cat%C3%A9gorie:B%C3%A2timent_restaur%C3%A9_par_Jean-Baptiste_Lassus\" target=\"_blank\" rel=\"noopener noreferrer nofollow\">Le texte de l\u2019article.<\/a><span><\/span>}<br \/>|{Bien culturel folklorique important de la Cor\u00e9e du Sud.,<a href=\"https:\/\/www.site.cdcl.xyz\/wiki\/Cat%C3%A9gorie:Bien_culturel_folklorique_important_de_la_Cor%C3%A9e_du_Sud\" target=\"_blank\" rel=\"noopener noreferrer nofollow\">Le post d\u2019actualit\u00e9.<\/a><span><\/span>. Suite sur le prochain article.}<br \/>|{Organisme \u00e0 d\u00e9couvrir GCI.,<a href=\"http:\/\/aata.getty.edu\/Home\" target=\"_blank\" rel=\"noopener noreferrer nofollow\">Le dossier.<\/a><span><\/span>}<br \/>|{Du CICRP \u2013 Centre interr\u00e9gional de conservation et restauration du patrimoine.,<a href=\"http:\/\/cicrp.info\/fiches-pratiques\/\" target=\"_blank\" rel=\"noopener noreferrer nofollow\">Le post d\u2019actualit\u00e9.<\/a><span><\/span>}<br \/>|{Organisme \u00e0 d\u00e9couvrir COol .,<a href=\"http:\/\/cool.conservation-us.org\/\" target=\"_blank\" rel=\"noopener noreferrer nofollow\">Ici.<\/a><span><\/span>}<br \/>|{Le Corpus Vitrearum International .,<a href=\"http:\/\/cvi.cvma-freiburg.de\" target=\"_blank\" rel=\"noopener noreferrer nofollow\">Le texte de l\u2019article.<\/a><span><\/span>. Suite sur le prochain article.}<br \/>|{E-conservation Journal .,<a href=\"http:\/\/e-conservation.org\/\" target=\"_blank\" rel=\"noopener noreferrer nofollow\">Article complet.<\/a><span><\/span>}<br \/>|{Organisme \u00e0 d\u00e9couvrir ICOM .,<a href=\"http:\/\/icom.museum\/que-faisons-nous\/ressources\/bibliographies\/L\/2.html\" target=\"_blank\" rel=\"noopener noreferrer nofollow\">Le dossier.<\/a><span><\/span>. Suite sur le prochain article.}<br \/>|{In Situ. Revue des patrimoines.,<a href=\"http:\/\/insitu.revues.org\" target=\"_blank\" rel=\"noopener noreferrer nofollow\">Cliquer ICI.<\/a><span><\/span>. Suite sur le prochain article.}<br \/>|{Organisme \u00e0 d\u00e9couvrir INP.,<a href=\"http:\/\/mediatheque-numerique.inp.fr\/\" target=\"_blank\" rel=\"noopener noreferrer nofollow\">A lire ici.<\/a><span><\/span>}<br \/>|{De la Biblioth\u00e8que nationale de France.,<a href=\"http:\/\/www.bnf.fr\/fr\/professionnels\/conservation_fiches_pratiques\/s.conservation_fiches_prevention.html\" target=\"_blank\" rel=\"noopener noreferrer nofollow\">Le post d\u2019actualit\u00e9.<\/a><span><\/span>. Suite sur le prochain article.}<br \/>|{CeROArt&nbsp;.,<a href=\"http:\/\/www.ceroart.org\/\" target=\"_blank\" rel=\"noopener noreferrer nofollow\">Cliquer ICI.<\/a><span><\/span>. Suite sur le prochain article.}<br \/>|{Le Journal of Film Preservation.,<a href=\"http:\/\/www.fiafnet.org\/fr\/publications\/fep_journal.html\" target=\"_blank\" rel=\"noopener noreferrer nofollow\">L\u2019article de presse.<\/a><span><\/span>. Suite sur le prochain article.}<br \/>|{Getty conservation Institute.,<a href=\"http:\/\/www.getty.edu\/search\/publications\" target=\"_blank\" rel=\"noopener noreferrer nofollow\">Le post d\u2019actualit\u00e9.<\/a><span><\/span>. Suite sur le prochain article.}<br \/>|{Organisme \u00e0 d\u00e9couvrir ICOMOS.,<a href=\"http:\/\/www.international.icomos.org\/fr\/centre-de-documentation\" target=\"_blank\" rel=\"noopener noreferrer nofollow\">Le dossier.<\/a><span><\/span>}<br \/>|{Organisme \u00e0 d\u00e9couvrir &nbsp;OCIM.,<a href=\"http:\/\/www.ocim.fr\/bibliographie\/\" target=\"_blank\" rel=\"noopener noreferrer nofollow\">A lire ici.<\/a><span><\/span>}<br \/>|{Les Insectes mus\u00e9ophages del\u2019OCIM \u2013 Office de coop\u00e9ration et d\u2019information mus\u00e9ales.,<a href=\"http:\/\/www.ocim.fr\/repertoires\/insectes\/\" target=\"_blank\" rel=\"noopener noreferrer nofollow\">Cliquer ICI.<\/a><span><\/span>}<br \/>|{Du C2RMF \u2013 Centre de recherche et de restauration des mus\u00e9es de France.,<a href=\"https:\/\/c2rmf.fr\/fiches-techniques-0\" target=\"_blank\" rel=\"noopener noreferrer nofollow\">Le texte de l\u2019article.<\/a><span><\/span>. Suite sur le prochain article.}<br \/>|{Guide pratique pour le marquage d\u2019identification des biens culturels \u2013 C2RMF.,<a href=\"https:\/\/c2rmf.fr\/sites\/c2rmf\/files\/guide_pratique_pour_le_marquage_2015.pdf\" target=\"_blank\" rel=\"noopener noreferrer nofollow\">Le dossier.<\/a><span><\/span>. Suite sur le prochain article.}<br \/>|{Vade-mecum de la conservation pr\u00e9ventive \u2013 C2RMF.,<a href=\"https:\/\/c2rmf.fr\/sites\/c2rmf\/files\/vademecum_cc.pdf\" target=\"_blank\" rel=\"noopener noreferrer nofollow\">Le texte de l\u2019article.<\/a><span><\/span>}<br \/>|{La conservation des objets mobiliers dans les \u00e9glises : outil d\u2019auto-\u00e9valuation.,<a href=\"https:\/\/culture.gouv.fr\/Media\/Thematiques\/Circulation-des-biens-culturels\/Files\/Ressources-doc-Guides-et-procedures\/Guide-La-conservation-des-objets-mobiliers-dans-les-eglises-2004\" target=\"_blank\" rel=\"noopener noreferrer nofollow\">Le post d\u2019actualit\u00e9.<\/a><span><\/span>}<br \/>|{M\u00e9tiers de la restauration du patrimoine, statuts, conditions d\u2019exercice et fiscalit\u00e9, fiche pratique MC, 2018.,<a href=\"https:\/\/culture.gouv.fr\/Media\/Thematiques\/Conservation-restauration\/Fichiers\/Fiches-pratiques-manuels-et-revues\/Fiche-metiers-de-la-restauration-2019\" target=\"_blank\" rel=\"noopener noreferrer nofollow\">Le post d\u2019actualit\u00e9.<\/a><span><\/span>}<br \/>|{S\u00e9curit\u00e9 des biens culturels, de la pr\u00e9vention du vol \u00e0 la restitution de l\u2019objet vol\u00e9.,<a href=\"https:\/\/culture.gouv.fr\/Media\/Thematiques\/Conservation-restauration\/Fichiers\/Fiches-pratiques-manuels-et-revues\/Securite-des-biens-culturels-de-la-prevention-du-vol-a-la-restitution-de-l-objet-vole\" target=\"_blank\" rel=\"noopener noreferrer nofollow\">Cliquer ICI.<\/a><span><\/span>}<br \/>|{Petit Guide \u00e0 l\u2019usage des personnes souhaitant entretenir une s\u00e9pulture.,<a href=\"https:\/\/culture.gouv.fr\/Media\/Thematiques\/Conservation-restauration\/Fichiers\/Ressources-documentaires\/entretenir-une-sepulture\" target=\"_blank\" rel=\"noopener noreferrer nofollow\">Cliquer ICI.<\/a><span><\/span>}<br \/>|{Rescuing the Hidden European Wooden Churches Heritage : an international methodology for implementing a database for restoration projects.,<a href=\"https:\/\/culture.gouv.fr\/Media\/Thematiques\/Conservation-restauration\/Fichiers\/Ressources-documentaires\/hiddenchurches\" target=\"_blank\" rel=\"noopener noreferrer nofollow\">Le post d\u2019actualit\u00e9.<\/a><span><\/span>}<br \/>|{Guides de ma\u00eetrise d\u2019ouvrage et de ma\u00eetrise d\u2019\u0153uvre \u2013 Monuments historiques.,<a href=\"https:\/\/culture.gouv.fr\/Region\/Drac-Auvergne-Rhone-Alpes\/Demarches-aides\/Demarches-et-conseils-patrimoine-urbanisme-qualite-architecturale\/Guides-pratiques-travaux-sur-monuments-historiques\" target=\"_blank\" rel=\"noopener noreferrer nofollow\">Ici.<\/a><span><\/span>. Suite sur le prochain article.}<br \/>|{Charte de Venise.,<a href=\"https:\/\/fr.wikipedia.org\/wiki\/Charte_de_Venise\" target=\"_blank\" rel=\"noopener noreferrer nofollow\">Cliquer ICI.<\/a><span><\/span>}<br \/>|{Charte de Washington.,<a href=\"https:\/\/fr.wikipedia.org\/wiki\/Charte_de_Washington\" target=\"_blank\" rel=\"noopener noreferrer nofollow\">L\u2019article ICI.<\/a><span><\/span>}<br \/>|{CIDOC Conceptual Reference Model.,<a href=\"https:\/\/fr.wikipedia.org\/wiki\/CIDOC_Conceptual_Reference_Model\" target=\"_blank\" rel=\"noopener noreferrer nofollow\">L\u2019article de presse.<\/a><span><\/span>. Suite sur le prochain article.}<br \/>|{Club pour le vieux Prague.,<a href=\"https:\/\/fr.wikipedia.org\/wiki\/Club_pour_le_vieux_Prague\" target=\"_blank\" rel=\"noopener noreferrer nofollow\">Ici.<\/a><span><\/span>. Suite sur le prochain article.}<br \/>|{Code du patrimoine.,<a href=\"https:\/\/fr.wikipedia.org\/wiki\/Code_du_patrimoine\" target=\"_blank\" rel=\"noopener noreferrer nofollow\">A lire ici.<\/a><span><\/span>}<br \/>|{Collection Patrimoine culturel des pays francophones.,<a href=\"https:\/\/fr.wikipedia.org\/wiki\/Collection_Patrimoine_culturel_des_pays_francophones\" target=\"_blank\" rel=\"noopener noreferrer nofollow\">Le texte de l\u2019article.<\/a><span><\/span>. Suite sur le prochain article.}<br \/>|{Conservation architecturale.,<a href=\"https:\/\/fr.wikipedia.org\/wiki\/Conservation_architecturale\" target=\"_blank\" rel=\"noopener noreferrer nofollow\">Cliquer ICI.<\/a><span><\/span>}<br \/>|{Conservation pr\u00e9ventive.,<a href=\"https:\/\/fr.wikipedia.org\/wiki\/Conservation_pr%C3%A9ventive\" target=\"_blank\" rel=\"noopener noreferrer nofollow\">Le dossier.<\/a><span><\/span>. Suite sur le prochain article.}<br \/>|{Convention sur la protection du patrimoine culturel subaquatique.,<a href=\"https:\/\/fr.wikipedia.org\/wiki\/Convention_sur_la_protection_du_patrimoine_culturel_subaquatique\" target=\"_blank\" rel=\"noopener noreferrer nofollow\">Le dossier.<\/a><span><\/span>. Suite sur le prochain article.}<br \/>|{Din l-Art \u0126elwa.,<a href=\"https:\/\/fr.wikipedia.org\/wiki\/Din_l-Art_%C4%A6elwa\" target=\"_blank\" rel=\"noopener noreferrer nofollow\">A lire ici.<\/a><span><\/span>}<br \/>|{Docomomo International.,<a href=\"https:\/\/fr.wikipedia.org\/wiki\/Docomomo_International\" target=\"_blank\" rel=\"noopener noreferrer nofollow\">Ici.<\/a><span><\/span>}<br \/>|{Doctrines et techniques de conservation \u2013 restauration.,<a href=\"https:\/\/fr.wikipedia.org\/wiki\/Doctrines_et_techniques_de_conservation_-_restauration\" target=\"_blank\" rel=\"noopener noreferrer nofollow\">Le texte de l\u2019article.<\/a><span><\/span>}<br \/>|{Document de Nara sur l\u2019authenticit\u00e9.,<a href=\"https:\/\/fr.wikipedia.org\/wiki\/Document_de_Nara_sur_l%27authenticit%C3%A9\" target=\"_blank\" rel=\"noopener noreferrer nofollow\">Le texte de l\u2019article.<\/a><span><\/span>}<br \/>|{Fa\u00e7adisme.,<a href=\"https:\/\/fr.wikipedia.org\/wiki\/Fa%C3%A7adisme\" target=\"_blank\" rel=\"noopener noreferrer nofollow\">Cliquer ICI.<\/a><span><\/span>}<br \/>|{Fondation du patrimoine.,<a href=\"https:\/\/fr.wikipedia.org\/wiki\/Fondation_du_patrimoine\" target=\"_blank\" rel=\"noopener noreferrer nofollow\">Le post d\u2019actualit\u00e9.<\/a><span><\/span>}<br \/>|{Fondation Mansart.,<a href=\"https:\/\/fr.wikipedia.org\/wiki\/Fondation_Mansart\" target=\"_blank\" rel=\"noopener noreferrer nofollow\">Le texte de l\u2019article.<\/a><span><\/span>. Suite sur le prochain article.}<br \/>|{Ieni-Kale.,<a href=\"https:\/\/fr.wikipedia.org\/wiki\/Ieni-Kale\" target=\"_blank\" rel=\"noopener noreferrer nofollow\">L\u2019article de presse.<\/a><span><\/span>}<br \/>|{In situ (conservation du patrimoine).,<a href=\"https:\/\/fr.wikipedia.org\/wiki\/In_situ_(conservation_du_patrimoine)\" target=\"_blank\" rel=\"noopener noreferrer nofollow\">Cliquer ICI.<\/a><span><\/span>. Suite sur le prochain article.}<br \/>|{Injection de coulis de liant dans les ma\u00e7onneries.,<a href=\"https:\/\/fr.wikipedia.org\/wiki\/Injection_de_coulis_de_liant_dans_les_ma%C3%A7onneries\" target=\"_blank\" rel=\"noopener noreferrer nofollow\">Le texte de l\u2019article.<\/a><span><\/span>. Suite sur le prochain article.}<br \/>|{Jacques Harmand.,<a href=\"https:\/\/fr.wikipedia.org\/wiki\/Jacques_Harmand\" target=\"_blank\" rel=\"noopener noreferrer nofollow\">Le post d\u2019actualit\u00e9.<\/a><span><\/span>}<br \/>|{La Tribune de l\u2019art.,<a href=\"https:\/\/fr.wikipedia.org\/wiki\/La_Tribune_de_l%27art\" target=\"_blank\" rel=\"noopener noreferrer nofollow\">Le post d\u2019actualit\u00e9.<\/a><span><\/span>}<br \/>|{Nisso Pelossof.,<a href=\"https:\/\/fr.wikipedia.org\/wiki\/Nisso_Pelossof\" target=\"_blank\" rel=\"noopener noreferrer nofollow\">Ici.<\/a><span><\/span>}<br \/>|{Palais Daming.,<a href=\"https:\/\/fr.wikipedia.org\/wiki\/Palais_Daming\" target=\"_blank\" rel=\"noopener noreferrer nofollow\">Le post d\u2019actualit\u00e9.<\/a><span><\/span>}<br \/>|{Paris historique.,<a href=\"https:\/\/fr.wikipedia.org\/wiki\/Paris_historique\" target=\"_blank\" rel=\"noopener noreferrer nofollow\">Le texte de l\u2019article.<\/a><span><\/span>}<br \/>|{Patrimoine d\u2019int\u00e9r\u00eat r\u00e9gional.,<a href=\"https:\/\/fr.wikipedia.org\/wiki\/Patrimoine_d%27int%C3%A9r%C3%AAt_r%C3%A9gional\" target=\"_blank\" rel=\"noopener noreferrer nofollow\">Le dossier.<\/a><span><\/span>}<br \/>|{Patrimoine sans fronti\u00e8res.,<a href=\"https:\/\/fr.wikipedia.org\/wiki\/Patrimoine_sans_fronti%C3%A8res\" target=\"_blank\" rel=\"noopener noreferrer nofollow\">L\u2019article ICI.<\/a><span><\/span>}<br \/>|{Patrimoine syrien pendant la guerre civile.,<a href=\"https:\/\/fr.wikipedia.org\/wiki\/Patrimoine_syrien_pendant_la_guerre_civile\" target=\"_blank\" rel=\"noopener noreferrer nofollow\">Le dossier.<\/a><span><\/span>. Suite sur le prochain article.}<br \/>|{Patrimoine syrien pendant la guerre civile.,<a href=\"https:\/\/fr.wikipedia.org\/wiki\/Patrimoine_syrien_pendant_la_guerre_civile\" target=\"_blank\" rel=\"noopener noreferrer nofollow\">Le post d\u2019actualit\u00e9.<\/a><span><\/span>}<br \/>|{Patrimonialisation.,<a href=\"https:\/\/fr.wikipedia.org\/wiki\/Patrimonialisation\" target=\"_blank\" rel=\"noopener noreferrer nofollow\">Le texte de l\u2019article.<\/a><span><\/span>}<br \/>|{Patrimonialisation (homonymie).,<a href=\"https:\/\/fr.wikipedia.org\/wiki\/Patrimonialisation_(homonymie)\" target=\"_blank\" rel=\"noopener noreferrer nofollow\">A lire ici.<\/a><span><\/span>. Suite sur le prochain article.}<br \/>|{Pont de Gorica.,<a href=\"https:\/\/fr.wikipedia.org\/wiki\/Pont_de_Gorica\" target=\"_blank\" rel=\"noopener noreferrer nofollow\">L\u2019article ICI.<\/a><span><\/span>. Suite sur le prochain article.}<br \/>|{Port d\u2019int\u00e9r\u00eat patrimonial.,<a href=\"https:\/\/fr.wikipedia.org\/wiki\/Port_d%27int%C3%A9r%C3%AAt_patrimonial\" target=\"_blank\" rel=\"noopener noreferrer nofollow\">L\u2019article de presse.<\/a><span><\/span>}<br \/>|{Prix du patrimoine culturel de l\u2019UE\/Concours Europa Nostra.,<a href=\"https:\/\/fr.wikipedia.org\/wiki\/Prix_du_patrimoine_culturel_de_l%E2%80%99UE\/Concours_Europa_Nostra\" target=\"_blank\" rel=\"noopener noreferrer nofollow\">A lire ici.<\/a><span><\/span>. Suite sur le prochain article.}<br \/>|{R\u00e9seau culturel Terre catalane.,<a href=\"https:\/\/fr.wikipedia.org\/wiki\/R%C3%A9seau_culturel_Terre_catalane\" target=\"_blank\" rel=\"noopener noreferrer nofollow\">L\u2019article de presse.<\/a><span><\/span>. Suite sur le prochain article.}<br \/>|{Red Tail Project.,<a href=\"https:\/\/fr.wikipedia.org\/wiki\/Red_Tail_Project\" target=\"_blank\" rel=\"noopener noreferrer nofollow\">A lire ici.<\/a><span><\/span>. Suite sur le prochain article.}<br \/>|{Registre patrimonial du Queensland.,<a href=\"https:\/\/fr.wikipedia.org\/wiki\/Registre_patrimonial_du_Queensland\" target=\"_blank\" rel=\"noopener noreferrer nofollow\">Article complet.<\/a><span><\/span>}<br \/>|{Ren\u00e9 Dinkel.,<a href=\"https:\/\/fr.wikipedia.org\/wiki\/Ren%C3%A9_Dinkel\" target=\"_blank\" rel=\"noopener noreferrer nofollow\">L\u2019article ICI.<\/a><span><\/span>}<br \/>|{Renaissance du Lille Ancien.,<a href=\"https:\/\/fr.wikipedia.org\/wiki\/Renaissance_du_Lille_Ancien\" target=\"_blank\" rel=\"noopener noreferrer nofollow\">Le texte de l\u2019article.<\/a><span><\/span>}<br \/>|{Restauration de la composition murale de la Maison de la Radio \u00e0 Strasbourg.,<a href=\"https:\/\/fr.wikipedia.org\/wiki\/Restauration_de_la_composition_murale_de_la_Maison_de_la_Radio_%C3%A0_Strasbourg\" target=\"_blank\" rel=\"noopener noreferrer nofollow\">L\u2019article ICI.<\/a><span><\/span>}<br \/>|{Ruine.,<a href=\"https:\/\/fr.wikipedia.org\/wiki\/Ruine\" target=\"_blank\" rel=\"noopener noreferrer nofollow\">Le post d\u2019actualit\u00e9.<\/a><span><\/span>}<br \/>|{Secteur sauvegard\u00e9 de Lille.,<a href=\"https:\/\/fr.wikipedia.org\/wiki\/Secteur_sauvegard%C3%A9_de_Lille\" target=\"_blank\" rel=\"noopener noreferrer nofollow\">A lire ici.<\/a><span><\/span>. Suite sur le prochain article.}<br \/>|{Secteur sauvegard\u00e9 de Lille.,<a href=\"https:\/\/fr.wikipedia.org\/wiki\/Secteur_sauvegard%C3%A9_de_Lille\" target=\"_blank\" rel=\"noopener noreferrer nofollow\">L\u2019article ICI.<\/a><span><\/span>}<br \/>|{Secteur sauvegard\u00e9 de Sedan.,<a href=\"https:\/\/fr.wikipedia.org\/wiki\/Secteur_sauvegard%C3%A9_de_Sedan\" target=\"_blank\" rel=\"noopener noreferrer nofollow\">Cliquer ICI.<\/a><span><\/span>}<br \/>|{Secteur sauvegard\u00e9 de Sedan.,<a href=\"https:\/\/fr.wikipedia.org\/wiki\/Secteur_sauvegard%C3%A9_de_Sedan\" target=\"_blank\" rel=\"noopener noreferrer nofollow\">Article complet.<\/a><span><\/span>}<br \/>|{Sites culturels construits d\u2019int\u00e9r\u00eat national en Finlande.,<a href=\"https:\/\/fr.wikipedia.org\/wiki\/Sites_culturels_construits_d%27int%C3%A9r%C3%AAt_national_en_Finlande\" target=\"_blank\" rel=\"noopener noreferrer nofollow\">Article complet.<\/a><span><\/span>. Suite sur le prochain article.}<br \/>|{Sites culturels construits d\u2019int\u00e9r\u00eat national en Finlande.,<a href=\"https:\/\/fr.wikipedia.org\/wiki\/Sites_culturels_construits_d%27int%C3%A9r%C3%AAt_national_en_Finlande\" target=\"_blank\" rel=\"noopener noreferrer nofollow\">A lire ici.<\/a><span><\/span>}<br \/>|{Sites historiques et culturels majeurs prot\u00e9g\u00e9s au niveau national.,<a href=\"https:\/\/fr.wikipedia.org\/wiki\/Sites_historiques_et_culturels_majeurs_prot%C3%A9g%C3%A9s_au_niveau_national\" target=\"_blank\" rel=\"noopener noreferrer nofollow\">Le texte de l\u2019article.<\/a><span><\/span>}<br \/>|{Sites historiques et culturels majeurs prot\u00e9g\u00e9s au niveau national.,<a href=\"https:\/\/fr.wikipedia.org\/wiki\/Sites_historiques_et_culturels_majeurs_prot%C3%A9g%C3%A9s_au_niveau_national\" target=\"_blank\" rel=\"noopener noreferrer nofollow\">L\u2019article de presse.<\/a><span><\/span>. Suite sur le prochain article.}<br \/>|{Sites historiques et culturels majeurs prot\u00e9g\u00e9s au niveau national (Gansu).,<a href=\"https:\/\/fr.wikipedia.org\/wiki\/Sites_historiques_et_culturels_majeurs_prot%C3%A9g%C3%A9s_au_niveau_national_(Gansu)\" target=\"_blank\" rel=\"noopener noreferrer nofollow\">A lire ici.<\/a><span><\/span>}<br \/>|{Sites historiques et culturels majeurs prot\u00e9g\u00e9s au niveau national (Gansu).,<a href=\"https:\/\/fr.wikipedia.org\/wiki\/Sites_historiques_et_culturels_majeurs_prot%C3%A9g%C3%A9s_au_niveau_national_(Gansu)\" target=\"_blank\" rel=\"noopener noreferrer nofollow\">Cliquer ICI.<\/a><span><\/span>. Suite sur le prochain article.}<br \/>|{Sites historiques et culturels majeurs prot\u00e9g\u00e9s au niveau national (Hebei).,<a href=\"https:\/\/fr.wikipedia.org\/wiki\/Sites_historiques_et_culturels_majeurs_prot%C3%A9g%C3%A9s_au_niveau_national_(Hebei)\" target=\"_blank\" rel=\"noopener noreferrer nofollow\">L\u2019article de presse.<\/a><span><\/span>}<br \/>|{Sites historiques et culturels majeurs prot\u00e9g\u00e9s au niveau national (Hebei).,<a href=\"https:\/\/fr.wikipedia.org\/wiki\/Sites_historiques_et_culturels_majeurs_prot%C3%A9g%C3%A9s_au_niveau_national_(Hebei)\" target=\"_blank\" rel=\"noopener noreferrer nofollow\">Le post d\u2019actualit\u00e9.<\/a><span><\/span>. Suite sur le prochain article.}<br \/>|{Sites historiques et culturels majeurs prot\u00e9g\u00e9s au niveau national (Heilongjiang).,<a href=\"https:\/\/fr.wikipedia.org\/wiki\/Sites_historiques_et_culturels_majeurs_prot%C3%A9g%C3%A9s_au_niveau_national_(Heilongjiang)\" target=\"_blank\" rel=\"noopener noreferrer nofollow\">Le dossier.<\/a><span><\/span>}<br \/>|{Sites historiques et culturels majeurs prot\u00e9g\u00e9s au niveau national (Heilongjiang).,<a href=\"https:\/\/fr.wikipedia.org\/wiki\/Sites_historiques_et_culturels_majeurs_prot%C3%A9g%C3%A9s_au_niveau_national_(Heilongjiang)\" target=\"_blank\" rel=\"noopener noreferrer nofollow\">L\u2019article ICI.<\/a><span><\/span>. Suite sur le prochain article.}<br \/>|{Sites historiques et culturels majeurs prot\u00e9g\u00e9s au niveau national (Jiangxi).,<a href=\"https:\/\/fr.wikipedia.org\/wiki\/Sites_historiques_et_culturels_majeurs_prot%C3%A9g%C3%A9s_au_niveau_national_(Jiangxi)\" target=\"_blank\" rel=\"noopener noreferrer nofollow\">L\u2019article de presse.<\/a><span><\/span>}<br \/>|{Sites historiques et culturels majeurs prot\u00e9g\u00e9s au niveau national (Jiangxi).,<a href=\"https:\/\/fr.wikipedia.org\/wiki\/Sites_historiques_et_culturels_majeurs_prot%C3%A9g%C3%A9s_au_niveau_national_(Jiangxi)\" target=\"_blank\" rel=\"noopener noreferrer nofollow\">Le texte de l\u2019article.<\/a><span><\/span>}<br \/>|{Sites historiques et culturels majeurs prot\u00e9g\u00e9s au niveau national (Liaoning).,<a href=\"https:\/\/fr.wikipedia.org\/wiki\/Sites_historiques_et_culturels_majeurs_prot%C3%A9g%C3%A9s_au_niveau_national_(Liaoning)\" target=\"_blank\" rel=\"noopener noreferrer nofollow\">L\u2019article de presse.<\/a><span><\/span>. Suite sur le prochain article.}<br \/>|{Sites historiques et culturels majeurs prot\u00e9g\u00e9s au niveau national (Liaoning).,<a href=\"https:\/\/fr.wikipedia.org\/wiki\/Sites_historiques_et_culturels_majeurs_prot%C3%A9g%C3%A9s_au_niveau_national_(Liaoning)\" target=\"_blank\" rel=\"noopener noreferrer nofollow\">L\u2019article ICI.<\/a><span><\/span>. Suite sur le prochain article.}<br \/>|{Sites historiques et culturels majeurs prot\u00e9g\u00e9s au niveau national (Mongolie int\u00e9rieure).,<a href=\"https:\/\/fr.wikipedia.org\/wiki\/Sites_historiques_et_culturels_majeurs_prot%C3%A9g%C3%A9s_au_niveau_national_(Mongolie_int%C3%A9rieure)\" target=\"_blank\" rel=\"noopener noreferrer nofollow\">Article complet.<\/a><span><\/span>}<br \/>|{Sites historiques et culturels majeurs prot\u00e9g\u00e9s au niveau national (Mongolie int\u00e9rieure).,<a href=\"https:\/\/fr.wikipedia.org\/wiki\/Sites_historiques_et_culturels_majeurs_prot%C3%A9g%C3%A9s_au_niveau_national_(Mongolie_int%C3%A9rieure)\" target=\"_blank\" rel=\"noopener noreferrer nofollow\">L\u2019article ICI.<\/a><span><\/span>}<br \/>|{Sites historiques et culturels majeurs prot\u00e9g\u00e9s au niveau national (Ningxia).,<a href=\"https:\/\/fr.wikipedia.org\/wiki\/Sites_historiques_et_culturels_majeurs_prot%C3%A9g%C3%A9s_au_niveau_national_(Ningxia)\" target=\"_blank\" rel=\"noopener noreferrer nofollow\">Le post d\u2019actualit\u00e9.<\/a><span><\/span>}<br \/>|{Sites historiques et culturels majeurs prot\u00e9g\u00e9s au niveau national (Ningxia).,<a href=\"https:\/\/fr.wikipedia.org\/wiki\/Sites_historiques_et_culturels_majeurs_prot%C3%A9g%C3%A9s_au_niveau_national_(Ningxia)\" target=\"_blank\" rel=\"noopener noreferrer nofollow\">A lire ici.<\/a><span><\/span>}<br \/>|{Sites historiques et culturels majeurs prot\u00e9g\u00e9s au niveau national (Shaanxi).,<a href=\"https:\/\/fr.wikipedia.org\/wiki\/Sites_historiques_et_culturels_majeurs_prot%C3%A9g%C3%A9s_au_niveau_national_(Shaanxi)\" target=\"_blank\" rel=\"noopener noreferrer nofollow\">Cliquer ICI.<\/a><span><\/span>. Suite sur le prochain article.}<br \/>|{Sites historiques et culturels majeurs prot\u00e9g\u00e9s au niveau national (Shaanxi).,<a href=\"https:\/\/fr.wikipedia.org\/wiki\/Sites_historiques_et_culturels_majeurs_prot%C3%A9g%C3%A9s_au_niveau_national_(Shaanxi)\" target=\"_blank\" rel=\"noopener noreferrer nofollow\">Le dossier.<\/a><span><\/span>}<br \/>|{Sites historiques et culturels majeurs prot\u00e9g\u00e9s au niveau national (Sichuan).,<a href=\"https:\/\/fr.wikipedia.org\/wiki\/Sites_historiques_et_culturels_majeurs_prot%C3%A9g%C3%A9s_au_niveau_national_(Sichuan)\" target=\"_blank\" rel=\"noopener noreferrer nofollow\">Ici.<\/a><span><\/span>}<br \/>|{Sites historiques et culturels majeurs prot\u00e9g\u00e9s au niveau national (Sichuan).,<a href=\"https:\/\/fr.wikipedia.org\/wiki\/Sites_historiques_et_culturels_majeurs_prot%C3%A9g%C3%A9s_au_niveau_national_(Sichuan)\" target=\"_blank\" rel=\"noopener noreferrer nofollow\">Ici.<\/a><span><\/span>. Suite sur le prochain article.}<br \/>|{Sites historiques et culturels majeurs prot\u00e9g\u00e9s au niveau national (Xinjiang).,<a href=\"https:\/\/fr.wikipedia.org\/wiki\/Sites_historiques_et_culturels_majeurs_prot%C3%A9g%C3%A9s_au_niveau_national_(Xinjiang)\" target=\"_blank\" rel=\"noopener noreferrer nofollow\">Le texte de l\u2019article.<\/a><span><\/span>}<br \/>|{Sites historiques et culturels majeurs prot\u00e9g\u00e9s au niveau national (Xinjiang).,<a href=\"https:\/\/fr.wikipedia.org\/wiki\/Sites_historiques_et_culturels_majeurs_prot%C3%A9g%C3%A9s_au_niveau_national_(Xinjiang)\" target=\"_blank\" rel=\"noopener noreferrer nofollow\">L\u2019article de presse.<\/a><span><\/span>}<br \/>|{Sites historiques et culturels majeurs prot\u00e9g\u00e9s de la r\u00e9gion autonome du Tibet.,<a href=\"https:\/\/fr.wikipedia.org\/wiki\/Sites_historiques_et_culturels_majeurs_prot%C3%A9g%C3%A9s_de_la_r%C3%A9gion_autonome_du_Tibet\" target=\"_blank\" rel=\"noopener noreferrer nofollow\">L\u2019article ICI.<\/a><span><\/span>}<br \/>|{Sites historiques et culturels majeurs prot\u00e9g\u00e9s de la r\u00e9gion autonome du Tibet.,<a href=\"https:\/\/fr.wikipedia.org\/wiki\/Sites_historiques_et_culturels_majeurs_prot%C3%A9g%C3%A9s_de_la_r%C3%A9gion_autonome_du_Tibet\" target=\"_blank\" rel=\"noopener noreferrer nofollow\">Le dossier.<\/a><span><\/span>}<br \/>|{Soci\u00e9t\u00e9 Jersiaise.,<a href=\"https:\/\/fr.wikipedia.org\/wiki\/Soci%C3%A9t%C3%A9_Jersiaise\" target=\"_blank\" rel=\"noopener noreferrer nofollow\">Ici.<\/a><span><\/span>}<br \/>|{Soci\u00e9t\u00e9 Jersiaise.,<a href=\"https:\/\/fr.wikipedia.org\/wiki\/Soci%C3%A9t%C3%A9_Jersiaise\" target=\"_blank\" rel=\"noopener noreferrer nofollow\">Article complet.<\/a><span><\/span>}<br \/>|{Th\u00e9orie de la restauration.,<a href=\"https:\/\/fr.wikipedia.org\/wiki\/Th%C3%A9orie_de_la_restauration\" target=\"_blank\" rel=\"noopener noreferrer nofollow\">Le dossier.<\/a><span><\/span>. Suite sur le prochain article.}<br \/>|{Tr\u00e9sor national (Japon).,<a href=\"https:\/\/fr.wikipedia.org\/wiki\/Tr%C3%A9sor_national_(Japon)\" target=\"_blank\" rel=\"noopener noreferrer nofollow\">Le dossier.<\/a><span><\/span>. Suite sur le prochain article.}<br \/>|{Web Journal on Cultural Patrimony.,<a href=\"https:\/\/fr.wikipedia.org\/wiki\/Web_Journal_on_Cultural_Patrimony\" target=\"_blank\" rel=\"noopener noreferrer nofollow\">A lire ici.<\/a><span><\/span>}<br \/>|{Whanganui.,<a href=\"https:\/\/fr.wikipedia.org\/wiki\/Whanganui\" target=\"_blank\" rel=\"noopener noreferrer nofollow\">Article complet.<\/a><span><\/span>. Suite sur le prochain article.}<br \/>|{Wiki Loves Earth.,<a href=\"https:\/\/fr.wikipedia.org\/wiki\/Wiki_Loves_Earth\" target=\"_blank\" rel=\"noopener noreferrer nofollow\">Le dossier.<\/a><span><\/span>}<br \/>|{Wiki Loves Monuments.,<a href=\"https:\/\/fr.wikipedia.org\/wiki\/Wiki_Loves_Monuments\" target=\"_blank\" rel=\"noopener noreferrer nofollow\">Article complet.<\/a><span><\/span>}<br \/>|{vitrail.,<a href=\"https:\/\/fr.wikipedia.orghttps:\/\/fr.wikipedia.org\/wiki\/Vitrail\" target=\"_blank\" rel=\"noopener noreferrer nofollow\">Le texte de l\u2019article.<\/a><span><\/span>}<br \/>|{Les ICC Notes de l\u2019Institut canadien pour la conservation.,<a href=\"https:\/\/www.canada.ca\/fr\/institut-conservation\/services\/publications-conservation-preservation\/notes-institut-canadien-conservation.html\" target=\"_blank\" rel=\"noopener noreferrer nofollow\">Article complet.<\/a><span><\/span>. Suite sur le prochain article.}<br \/>|{Centre de conservation du Qu\u00e9bec .,<a href=\"https:\/\/www.ccq.gouv.qc.ca\/index-id%3d84.html\" target=\"_blank\" rel=\"noopener noreferrer nofollow\">Cliquer ICI.<\/a><span><\/span>}<br \/>|{Monumental n\u00b022 Conservation, restauration, restauration, doctrines.,<a href=\"https:\/\/www.editions-du-patrimoine.fr\/Librairie\/Monumental\/Monumental-N-22-Conservation.-restauration-doctrines?pRelatedEditions=3\" target=\"_blank\" rel=\"noopener noreferrer nofollow\">Article complet.<\/a><span><\/span>. Suite sur le prochain article.}<br \/>|{Ge-conservacion.,<a href=\"https:\/\/www.ge-iic.com\/ojs\/index.php\/revista\/issue\/archive\" target=\"_blank\" rel=\"noopener noreferrer nofollow\">L\u2019article ICI.<\/a><span><\/span>}<br \/>|{en ligne ici.,<a href=\"https:\/\/www.ifla.org\/resources\/?_sfm_resource_topic=1200820&amp;_sfm_resource_type=All\" target=\"_blank\" rel=\"noopener noreferrer nofollow\">Cliquer ICI.<\/a><span><\/span>}<br \/>|{News in Conservation.,<a href=\"https:\/\/www.iiconservation.org\/publications\/nic\" target=\"_blank\" rel=\"noopener noreferrer nofollow\">Ici.<\/a><span><\/span>}<br \/>|{Image permanence Institute.,<a href=\"https:\/\/www.imagepermanenceinstitute.org\/education\/publications.html\" target=\"_blank\" rel=\"noopener noreferrer nofollow\">Le post d\u2019actualit\u00e9.<\/a><span><\/span>}<br \/>|{Les Preservation leaflets du NEDCC \u2013 Northeast document center.,<a href=\"https:\/\/www.nedcc.org\/free-resources\/preservation-leaflets\/overview\" target=\"_blank\" rel=\"noopener noreferrer nofollow\">L\u2019article ICI.<\/a><span><\/span>}<br \/>|{Conserve O Gram du National Park Service.,<a href=\"https:\/\/www.nps.gov\/museum\/publications\/conserveogram\/cons_toc.html\" target=\"_blank\" rel=\"noopener noreferrer nofollow\">Le post d\u2019actualit\u00e9.<\/a><span><\/span>}<br \/>|{Petite histoire de la restauration des monuments historiques.,<a href=\"https:\/\/www.tourisme93.com\/petite-histoire-de-la-restauration-des-monuments-historiques.html\" target=\"_blank\" rel=\"noopener noreferrer nofollow\">L\u2019article de presse.<\/a><span><\/span>}<br \/>}<br \/>{{Link.,<a href=\"https:\/\/www.site.cdcl.xyz\/2025\/06\/10\/maccabiah-2025-lance-avec-de-grands-noms-et-une-vision-audacieuse\/URL\" target=\"_blank\" rel=\"noopener noreferrer nofollow\">L\u2019article de presse.<\/a><span><\/span>. Suite sur le prochain article.}<br \/>|{B\u00e2timent restaur\u00e9 par Eug\u00e8ne Viollet-le-Duc.,<a href=\"https:\/\/www.site.cdcl.xyz\/wiki\/Cat%C3%A9gorie:B%C3%A2timent_restaur%C3%A9_par_Eug%C3%A8ne_Viollet-le-Duc\" target=\"_blank\" rel=\"noopener noreferrer nofollow\">Le dossier.<\/a><span><\/span>. Suite sur le prochain article.}<br \/>|{B\u00e2timent restaur\u00e9 par F\u00e9lix Duban.,<a href=\"https:\/\/www.site.cdcl.xyz\/wiki\/Cat%C3%A9gorie:B%C3%A2timent_restaur%C3%A9_par_F%C3%A9lix_Duban\" target=\"_blank\" rel=\"noopener noreferrer nofollow\">Cliquer ICI.<\/a><span><\/span>}<br \/>|{B\u00e2timent restaur\u00e9 par Jean-Baptiste Lassus.,<a href=\"https:\/\/www.site.cdcl.xyz\/wiki\/Cat%C3%A9gorie:B%C3%A2timent_restaur%C3%A9_par_Jean-Baptiste_Lassus\" target=\"_blank\" rel=\"noopener noreferrer nofollow\">Le dossier.<\/a><span><\/span>. Suite sur le prochain article.}<br \/>|{Bien culturel folklorique important de la Cor\u00e9e du Sud.,<a href=\"https:\/\/www.site.cdcl.xyz\/wiki\/Cat%C3%A9gorie:Bien_culturel_folklorique_important_de_la_Cor%C3%A9e_du_Sud\" target=\"_blank\" rel=\"noopener noreferrer nofollow\">L\u2019article ICI.<\/a><span><\/span>. Suite sur le prochain article.}<br \/>|{Organisme \u00e0 d\u00e9couvrir GCI.,<a href=\"http:\/\/aata.getty.edu\/Home\" target=\"_blank\" rel=\"noopener noreferrer nofollow\">Le dossier.<\/a><span><\/span>}<br \/>|{Du CICRP \u2013 Centre interr\u00e9gional de conservation et restauration du patrimoine.,<a href=\"http:\/\/cicrp.info\/fiches-pratiques\/\" target=\"_blank\" rel=\"noopener noreferrer nofollow\">Le post d\u2019actualit\u00e9.<\/a><span><\/span>}<br \/>|{Organisme \u00e0 d\u00e9couvrir COol .,<a href=\"http:\/\/cool.conservation-us.org\/\" target=\"_blank\" rel=\"noopener noreferrer nofollow\">Article complet.<\/a><span><\/span>}<br \/>|{Le Corpus Vitrearum International .,<a href=\"http:\/\/cvi.cvma-freiburg.de\" target=\"_blank\" rel=\"noopener noreferrer nofollow\">Le texte de l\u2019article.<\/a><span><\/span>. Suite sur le prochain article.}<br \/>|{E-conservation Journal .,<a href=\"http:\/\/e-conservation.org\/\" target=\"_blank\" rel=\"noopener noreferrer nofollow\">Article complet.<\/a><span><\/span>}<br \/>|{Organisme \u00e0 d\u00e9couvrir ICOM .,<a href=\"http:\/\/icom.museum\/que-faisons-nous\/ressources\/bibliographies\/L\/2.html\" target=\"_blank\" rel=\"noopener noreferrer nofollow\">Ici.<\/a><span><\/span>. Suite sur le prochain article.}<br \/>|{In Situ. Revue des patrimoines.,<a href=\"http:\/\/insitu.revues.org\" target=\"_blank\" rel=\"noopener noreferrer nofollow\">Ici.<\/a><span><\/span>. Suite sur le prochain article.}<br \/>|{Organisme \u00e0 d\u00e9couvrir INP.,<a href=\"http:\/\/mediatheque-numerique.inp.fr\/\" target=\"_blank\" rel=\"noopener noreferrer nofollow\">Le post d\u2019actualit\u00e9.<\/a><span><\/span>}<br \/>|{De la Biblioth\u00e8que nationale de France.,<a href=\"http:\/\/www.bnf.fr\/fr\/professionnels\/conservation_fiches_pratiques\/s.conservation_fiches_prevention.html\" target=\"_blank\" rel=\"noopener noreferrer nofollow\">Cliquer ICI.<\/a><span><\/span>}<br \/>|{CeROArt&nbsp;.,<a href=\"http:\/\/www.ceroart.org\/\" target=\"_blank\" rel=\"noopener noreferrer nofollow\">A lire ici.<\/a><span><\/span>}<br \/>|{Le Journal of Film Preservation.,<a href=\"http:\/\/www.fiafnet.org\/fr\/publications\/fep_journal.html\" target=\"_blank\" rel=\"noopener noreferrer nofollow\">L\u2019article ICI.<\/a><span><\/span>. Suite sur le prochain article.}<br \/>|{Getty conservation Institute.,<a href=\"http:\/\/www.getty.edu\/search\/publications\" target=\"_blank\" rel=\"noopener noreferrer nofollow\">L\u2019article de presse.<\/a><span><\/span>}<br \/>|{Organisme \u00e0 d\u00e9couvrir ICOMOS.,<a href=\"http:\/\/www.international.icomos.org\/fr\/centre-de-documentation\" target=\"_blank\" rel=\"noopener noreferrer nofollow\">Cliquer ICI.<\/a><span><\/span>. Suite sur le prochain article.}<br \/>|{Organisme \u00e0 d\u00e9couvrir &nbsp;OCIM.,<a href=\"http:\/\/www.ocim.fr\/bibliographie\/\" target=\"_blank\" rel=\"noopener noreferrer nofollow\">Article complet.<\/a><span><\/span>}<br \/>|{Les Insectes mus\u00e9ophages del\u2019OCIM \u2013 Office de coop\u00e9ration et d\u2019information mus\u00e9ales.,<a href=\"http:\/\/www.ocim.fr\/repertoires\/insectes\/\" target=\"_blank\" rel=\"noopener noreferrer nofollow\">A lire ici.<\/a><span><\/span>}<br \/>|{Du C2RMF \u2013 Centre de recherche et de restauration des mus\u00e9es de France.,<a href=\"https:\/\/c2rmf.fr\/fiches-techniques-0\" target=\"_blank\" rel=\"noopener noreferrer nofollow\">Le post d\u2019actualit\u00e9.<\/a><span><\/span>}<br \/>|{Guide pratique pour le marquage d\u2019identification des biens culturels \u2013 C2RMF.,<a href=\"https:\/\/c2rmf.fr\/sites\/c2rmf\/files\/guide_pratique_pour_le_marquage_2015.pdf\" target=\"_blank\" rel=\"noopener noreferrer nofollow\">L\u2019article ICI.<\/a><span><\/span>}<br \/>|{Vade-mecum de la conservation pr\u00e9ventive \u2013 C2RMF.,<a href=\"https:\/\/c2rmf.fr\/sites\/c2rmf\/files\/vademecum_cc.pdf\" target=\"_blank\" rel=\"noopener noreferrer nofollow\">L\u2019article ICI.<\/a><span><\/span>}<br \/>|{La conservation des objets mobiliers dans les \u00e9glises : outil d\u2019auto-\u00e9valuation.,<a href=\"https:\/\/culture.gouv.fr\/Media\/Thematiques\/Circulation-des-biens-culturels\/Files\/Ressources-doc-Guides-et-procedures\/Guide-La-conservation-des-objets-mobiliers-dans-les-eglises-2004\" target=\"_blank\" rel=\"noopener noreferrer nofollow\">Cliquer ICI.<\/a><span><\/span>. Suite sur le prochain article.}<br \/>|{M\u00e9tiers de la restauration du patrimoine, statuts, conditions d\u2019exercice et fiscalit\u00e9, fiche pratique MC, 2018.,<a href=\"https:\/\/culture.gouv.fr\/Media\/Thematiques\/Conservation-restauration\/Fichiers\/Fiches-pratiques-manuels-et-revues\/Fiche-metiers-de-la-restauration-2019\" target=\"_blank\" rel=\"noopener noreferrer nofollow\">Cliquer ICI.<\/a><span><\/span>}<br \/>|{S\u00e9curit\u00e9 des biens culturels, de la pr\u00e9vention du vol \u00e0 la restitution de l\u2019objet vol\u00e9.,<a href=\"https:\/\/culture.gouv.fr\/Media\/Thematiques\/Conservation-restauration\/Fichiers\/Fiches-pratiques-manuels-et-revues\/Securite-des-biens-culturels-de-la-prevention-du-vol-a-la-restitution-de-l-objet-vole\" target=\"_blank\" rel=\"noopener noreferrer nofollow\">Cliquer ICI.<\/a><span><\/span>. Suite sur le prochain article.}<br \/>|{Petit Guide \u00e0 l\u2019usage des personnes souhaitant entretenir une s\u00e9pulture.,<a href=\"https:\/\/culture.gouv.fr\/Media\/Thematiques\/Conservation-restauration\/Fichiers\/Ressources-documentaires\/entretenir-une-sepulture\" target=\"_blank\" rel=\"noopener noreferrer nofollow\">Le dossier.<\/a><span><\/span>}<br \/>|{Rescuing the Hidden European Wooden Churches Heritage : an international methodology for implementing a database for restoration projects.,<a href=\"https:\/\/culture.gouv.fr\/Media\/Thematiques\/Conservation-restauration\/Fichiers\/Ressources-documentaires\/hiddenchurches\" target=\"_blank\" rel=\"noopener noreferrer nofollow\">Cliquer ICI.<\/a><span><\/span>}<br \/>|{Guides de ma\u00eetrise d\u2019ouvrage et de ma\u00eetrise d\u2019\u0153uvre \u2013 Monuments historiques.,<a href=\"https:\/\/culture.gouv.fr\/Region\/Drac-Auvergne-Rhone-Alpes\/Demarches-aides\/Demarches-et-conseils-patrimoine-urbanisme-qualite-architecturale\/Guides-pratiques-travaux-sur-monuments-historiques\" target=\"_blank\" rel=\"noopener noreferrer nofollow\">Ici.<\/a><span><\/span>. Suite sur le prochain article.}<br \/>|{Charte de Venise.,<a href=\"https:\/\/fr.wikipedia.org\/wiki\/Charte_de_Venise\" target=\"_blank\" rel=\"noopener noreferrer nofollow\">Cliquer ICI.<\/a><span><\/span>. Suite sur le prochain article.}<br \/>|{Charte de Washington.,<a href=\"https:\/\/fr.wikipedia.org\/wiki\/Charte_de_Washington\" target=\"_blank\" rel=\"noopener noreferrer nofollow\">L\u2019article de presse.<\/a><span><\/span>}<br \/>|{CIDOC Conceptual Reference Model.,<a href=\"https:\/\/fr.wikipedia.org\/wiki\/CIDOC_Conceptual_Reference_Model\" target=\"_blank\" rel=\"noopener noreferrer nofollow\">L\u2019article de presse.<\/a><span><\/span>. Suite sur le prochain article.}<br \/>|{Club pour le vieux Prague.,<a href=\"https:\/\/fr.wikipedia.org\/wiki\/Club_pour_le_vieux_Prague\" target=\"_blank\" rel=\"noopener noreferrer nofollow\">L\u2019article ICI.<\/a><span><\/span>. Suite sur le prochain article.}<br \/>|{Code du patrimoine.,<a href=\"https:\/\/fr.wikipedia.org\/wiki\/Code_du_patrimoine\" target=\"_blank\" rel=\"noopener noreferrer nofollow\">L\u2019article de presse.<\/a><span><\/span>}<br \/>|{Collection Patrimoine culturel des pays francophones.,<a href=\"https:\/\/fr.wikipedia.org\/wiki\/Collection_Patrimoine_culturel_des_pays_francophones\" target=\"_blank\" rel=\"noopener noreferrer nofollow\">Cliquer ICI.<\/a><span><\/span>}<br \/>|{Conservation architecturale.,<a href=\"https:\/\/fr.wikipedia.org\/wiki\/Conservation_architecturale\" target=\"_blank\" rel=\"noopener noreferrer nofollow\">Le texte de l\u2019article.<\/a><span><\/span>}<br \/>|{Conservation pr\u00e9ventive.,<a href=\"https:\/\/fr.wikipedia.org\/wiki\/Conservation_pr%C3%A9ventive\" target=\"_blank\" rel=\"noopener noreferrer nofollow\">Le dossier.<\/a><span><\/span>}<br \/>|{Convention sur la protection du patrimoine culturel subaquatique.,<a href=\"https:\/\/fr.wikipedia.org\/wiki\/Convention_sur_la_protection_du_patrimoine_culturel_subaquatique\" target=\"_blank\" rel=\"noopener noreferrer nofollow\">Cliquer ICI.<\/a><span><\/span>}<br \/>|{Din l-Art \u0126elwa.,<a href=\"https:\/\/fr.wikipedia.org\/wiki\/Din_l-Art_%C4%A6elwa\" target=\"_blank\" rel=\"noopener noreferrer nofollow\">Le post d\u2019actualit\u00e9.<\/a><span><\/span>. Suite sur le prochain article.}<br \/>|{Docomomo International.,<a href=\"https:\/\/fr.wikipedia.org\/wiki\/Docomomo_International\" target=\"_blank\" rel=\"noopener noreferrer nofollow\">Le dossier.<\/a><span><\/span>}<br \/>|{Doctrines et techniques de conservation \u2013 restauration.,<a href=\"https:\/\/fr.wikipedia.org\/wiki\/Doctrines_et_techniques_de_conservation_-_restauration\" target=\"_blank\" rel=\"noopener noreferrer nofollow\">Le post d\u2019actualit\u00e9.<\/a><span><\/span>}<br \/>|{Document de Nara sur l\u2019authenticit\u00e9.,<a href=\"https:\/\/fr.wikipedia.org\/wiki\/Document_de_Nara_sur_l%27authenticit%C3%A9\" target=\"_blank\" rel=\"noopener noreferrer nofollow\">Article complet.<\/a><span><\/span>}<br \/>|{Fa\u00e7adisme.,<a href=\"https:\/\/fr.wikipedia.org\/wiki\/Fa%C3%A7adisme\" target=\"_blank\" rel=\"noopener noreferrer nofollow\">Le texte de l\u2019article.<\/a><span><\/span>. Suite sur le prochain article.}<br \/>|{Fondation du patrimoine.,<a href=\"https:\/\/fr.wikipedia.org\/wiki\/Fondation_du_patrimoine\" target=\"_blank\" rel=\"noopener noreferrer nofollow\">A lire ici.<\/a><span><\/span>. Suite sur le prochain article.}<br \/>|{Fondation Mansart.,<a href=\"https:\/\/fr.wikipedia.org\/wiki\/Fondation_Mansart\" target=\"_blank\" rel=\"noopener noreferrer nofollow\">Article complet.<\/a><span><\/span>}<br \/>|{Ieni-Kale.,<a href=\"https:\/\/fr.wikipedia.org\/wiki\/Ieni-Kale\" target=\"_blank\" rel=\"noopener noreferrer nofollow\">Cliquer ICI.<\/a><span><\/span>. Suite sur le prochain article.}<br \/>|{In situ (conservation du patrimoine).,<a href=\"https:\/\/fr.wikipedia.org\/wiki\/In_situ_(conservation_du_patrimoine)\" target=\"_blank\" rel=\"noopener noreferrer nofollow\">Article complet.<\/a><span><\/span>}<br \/>|{Injection de coulis de liant dans les ma\u00e7onneries.,<a href=\"https:\/\/fr.wikipedia.org\/wiki\/Injection_de_coulis_de_liant_dans_les_ma%C3%A7onneries\" target=\"_blank\" rel=\"noopener noreferrer nofollow\">Le post d\u2019actualit\u00e9.<\/a><span><\/span>. Suite sur le prochain article.}<br \/>|{Jacques Harmand.,<a href=\"https:\/\/fr.wikipedia.org\/wiki\/Jacques_Harmand\" target=\"_blank\" rel=\"noopener noreferrer nofollow\">Le post d\u2019actualit\u00e9.<\/a><span><\/span>}<br \/>|{La Tribune de l\u2019art.,<a href=\"https:\/\/fr.wikipedia.org\/wiki\/La_Tribune_de_l%27art\" target=\"_blank\" rel=\"noopener noreferrer nofollow\">A lire ici.<\/a><span><\/span>. Suite sur le prochain article.}<br \/>|{Nisso Pelossof.,<a href=\"https:\/\/fr.wikipedia.org\/wiki\/Nisso_Pelossof\" target=\"_blank\" rel=\"noopener noreferrer nofollow\">L\u2019article ICI.<\/a><span><\/span>}<br \/>|{Palais Daming.,<a href=\"https:\/\/fr.wikipedia.org\/wiki\/Palais_Daming\" target=\"_blank\" rel=\"noopener noreferrer nofollow\">L\u2019article ICI.<\/a><span><\/span>. Suite sur le prochain article.}<br \/>|{Paris historique.,<a href=\"https:\/\/fr.wikipedia.org\/wiki\/Paris_historique\" target=\"_blank\" rel=\"noopener noreferrer nofollow\">Ici.<\/a><span><\/span>. Suite sur le prochain article.}<br \/>|{Patrimoine d\u2019int\u00e9r\u00eat r\u00e9gional.,<a href=\"https:\/\/fr.wikipedia.org\/wiki\/Patrimoine_d%27int%C3%A9r%C3%AAt_r%C3%A9gional\" target=\"_blank\" rel=\"noopener noreferrer nofollow\">Cliquer ICI.<\/a><span><\/span>}<br \/>|{Patrimoine sans fronti\u00e8res.,<a href=\"https:\/\/fr.wikipedia.org\/wiki\/Patrimoine_sans_fronti%C3%A8res\" target=\"_blank\" rel=\"noopener noreferrer nofollow\">Le texte de l\u2019article.<\/a><span><\/span>. Suite sur le prochain article.}<br \/>|{Patrimoine syrien pendant la guerre civile.,<a href=\"https:\/\/fr.wikipedia.org\/wiki\/Patrimoine_syrien_pendant_la_guerre_civile\" target=\"_blank\" rel=\"noopener noreferrer nofollow\">Le dossier.<\/a><span><\/span>. Suite sur le prochain article.}<br \/>|{Patrimoine syrien pendant la guerre civile.,<a href=\"https:\/\/fr.wikipedia.org\/wiki\/Patrimoine_syrien_pendant_la_guerre_civile\" target=\"_blank\" rel=\"noopener noreferrer nofollow\">Le post d\u2019actualit\u00e9.<\/a><span><\/span>}<br \/>|{Patrimonialisation.,<a href=\"https:\/\/fr.wikipedia.org\/wiki\/Patrimonialisation\" target=\"_blank\" rel=\"noopener noreferrer nofollow\">Le dossier.<\/a><span><\/span>}<br \/>|{Patrimonialisation (homonymie).,<a href=\"https:\/\/fr.wikipedia.org\/wiki\/Patrimonialisation_(homonymie)\" target=\"_blank\" rel=\"noopener noreferrer nofollow\">Article complet.<\/a><span><\/span>}<br \/>|{Pont de Gorica.,<a href=\"https:\/\/fr.wikipedia.org\/wiki\/Pont_de_Gorica\" target=\"_blank\" rel=\"noopener noreferrer nofollow\">Le texte de l\u2019article.<\/a><span><\/span>}<br \/>|{Port d\u2019int\u00e9r\u00eat patrimonial.,<a href=\"https:\/\/fr.wikipedia.org\/wiki\/Port_d%27int%C3%A9r%C3%AAt_patrimonial\" target=\"_blank\" rel=\"noopener noreferrer nofollow\">Le post d\u2019actualit\u00e9.<\/a><span><\/span>. Suite sur le prochain article.}<br \/>|{Prix du patrimoine culturel de l\u2019UE\/Concours Europa Nostra.,<a href=\"https:\/\/fr.wikipedia.org\/wiki\/Prix_du_patrimoine_culturel_de_l%E2%80%99UE\/Concours_Europa_Nostra\" target=\"_blank\" rel=\"noopener noreferrer nofollow\">L\u2019article ICI.<\/a><span><\/span>}<br \/>|{R\u00e9seau culturel Terre catalane.,<a href=\"https:\/\/fr.wikipedia.org\/wiki\/R%C3%A9seau_culturel_Terre_catalane\" target=\"_blank\" rel=\"noopener noreferrer nofollow\">Le texte de l\u2019article.<\/a><span><\/span>. Suite sur le prochain article.}<br \/>|{Red Tail Project.,<a href=\"https:\/\/fr.wikipedia.org\/wiki\/Red_Tail_Project\" target=\"_blank\" rel=\"noopener noreferrer nofollow\">Ici.<\/a><span><\/span>}<br \/>|{Registre patrimonial du Queensland.,<a href=\"https:\/\/fr.wikipedia.org\/wiki\/Registre_patrimonial_du_Queensland\" target=\"_blank\" rel=\"noopener noreferrer nofollow\">Article complet.<\/a><span><\/span>}<br \/>|{Ren\u00e9 Dinkel.,<a href=\"https:\/\/fr.wikipedia.org\/wiki\/Ren%C3%A9_Dinkel\" target=\"_blank\" rel=\"noopener noreferrer nofollow\">Le dossier.<\/a><span><\/span>}<br \/>|{Renaissance du Lille Ancien.,<a href=\"https:\/\/fr.wikipedia.org\/wiki\/Renaissance_du_Lille_Ancien\" target=\"_blank\" rel=\"noopener noreferrer nofollow\">Le dossier.<\/a><span><\/span>}<br \/>|{Restauration de la composition murale de la Maison de la Radio \u00e0 Strasbourg.,<a href=\"https:\/\/fr.wikipedia.org\/wiki\/Restauration_de_la_composition_murale_de_la_Maison_de_la_Radio_%C3%A0_Strasbourg\" target=\"_blank\" rel=\"noopener noreferrer nofollow\">L\u2019article de presse.<\/a><span><\/span>. Suite sur le prochain article.}<br \/>|{Ruine.,<a href=\"https:\/\/fr.wikipedia.org\/wiki\/Ruine\" target=\"_blank\" rel=\"noopener noreferrer nofollow\">L\u2019article de presse.<\/a><span><\/span>}<br \/>|{Secteur sauvegard\u00e9 de Lille.,<a href=\"https:\/\/fr.wikipedia.org\/wiki\/Secteur_sauvegard%C3%A9_de_Lille\" target=\"_blank\" rel=\"noopener noreferrer nofollow\">Article complet.<\/a><span><\/span>. Suite sur le prochain article.}<br \/>|{Secteur sauvegard\u00e9 de Lille.,<a href=\"https:\/\/fr.wikipedia.org\/wiki\/Secteur_sauvegard%C3%A9_de_Lille\" target=\"_blank\" rel=\"noopener noreferrer nofollow\">Ici.<\/a><span><\/span>}<br \/>|{Secteur sauvegard\u00e9 de Sedan.,<a href=\"https:\/\/fr.wikipedia.org\/wiki\/Secteur_sauvegard%C3%A9_de_Sedan\" target=\"_blank\" rel=\"noopener noreferrer nofollow\">Le dossier.<\/a><span><\/span>. Suite sur le prochain article.}<br \/>|{Secteur sauvegard\u00e9 de Sedan.,<a href=\"https:\/\/fr.wikipedia.org\/wiki\/Secteur_sauvegard%C3%A9_de_Sedan\" target=\"_blank\" rel=\"noopener noreferrer nofollow\">A lire ici.<\/a><span><\/span>}<br \/>|{Sites culturels construits d\u2019int\u00e9r\u00eat national en Finlande.,<a href=\"https:\/\/fr.wikipedia.org\/wiki\/Sites_culturels_construits_d%27int%C3%A9r%C3%AAt_national_en_Finlande\" target=\"_blank\" rel=\"noopener noreferrer nofollow\">L\u2019article de presse.<\/a><span><\/span>. Suite sur le prochain article.}<br \/>|{Sites culturels construits d\u2019int\u00e9r\u00eat national en Finlande.,<a href=\"https:\/\/fr.wikipedia.org\/wiki\/Sites_culturels_construits_d%27int%C3%A9r%C3%AAt_national_en_Finlande\" target=\"_blank\" rel=\"noopener noreferrer nofollow\">Le post d\u2019actualit\u00e9.<\/a><span><\/span>. Suite sur le prochain article.}<br \/>|{Sites historiques et culturels majeurs prot\u00e9g\u00e9s au niveau national.,<a href=\"https:\/\/fr.wikipedia.org\/wiki\/Sites_historiques_et_culturels_majeurs_prot%C3%A9g%C3%A9s_au_niveau_national\" target=\"_blank\" rel=\"noopener noreferrer nofollow\">Ici.<\/a><span><\/span>}<br \/>|{Sites historiques et culturels majeurs prot\u00e9g\u00e9s au niveau national.,<a href=\"https:\/\/fr.wikipedia.org\/wiki\/Sites_historiques_et_culturels_majeurs_prot%C3%A9g%C3%A9s_au_niveau_national\" target=\"_blank\" rel=\"noopener noreferrer nofollow\">L\u2019article de presse.<\/a><span><\/span>}<br \/>|{Sites historiques et culturels majeurs prot\u00e9g\u00e9s au niveau national (Gansu).,<a href=\"https:\/\/fr.wikipedia.org\/wiki\/Sites_historiques_et_culturels_majeurs_prot%C3%A9g%C3%A9s_au_niveau_national_(Gansu)\" target=\"_blank\" rel=\"noopener noreferrer nofollow\">Article complet.<\/a><span><\/span>}<br \/>|{Sites historiques et culturels majeurs prot\u00e9g\u00e9s au niveau national (Gansu).,<a href=\"https:\/\/fr.wikipedia.org\/wiki\/Sites_historiques_et_culturels_majeurs_prot%C3%A9g%C3%A9s_au_niveau_national_(Gansu)\" target=\"_blank\" rel=\"noopener noreferrer nofollow\">L\u2019article de presse.<\/a><span><\/span>. Suite sur le prochain article.}<br \/>|{Sites historiques et culturels majeurs prot\u00e9g\u00e9s au niveau national (Hebei).,<a href=\"https:\/\/fr.wikipedia.org\/wiki\/Sites_historiques_et_culturels_majeurs_prot%C3%A9g%C3%A9s_au_niveau_national_(Hebei)\" target=\"_blank\" rel=\"noopener noreferrer nofollow\">L\u2019article de presse.<\/a><span><\/span>}<br \/>|{Sites historiques et culturels majeurs prot\u00e9g\u00e9s au niveau national (Hebei).,<a href=\"https:\/\/fr.wikipedia.org\/wiki\/Sites_historiques_et_culturels_majeurs_prot%C3%A9g%C3%A9s_au_niveau_national_(Hebei)\" target=\"_blank\" rel=\"noopener noreferrer nofollow\">Article complet.<\/a><span><\/span>. Suite sur le prochain article.}<br \/>|{Sites historiques et culturels majeurs prot\u00e9g\u00e9s au niveau national (Heilongjiang).,<a href=\"https:\/\/fr.wikipedia.org\/wiki\/Sites_historiques_et_culturels_majeurs_prot%C3%A9g%C3%A9s_au_niveau_national_(Heilongjiang)\" target=\"_blank\" rel=\"noopener noreferrer nofollow\">A lire ici.<\/a><span><\/span>. Suite sur le prochain article.}<br \/>|{Sites historiques et culturels majeurs prot\u00e9g\u00e9s au niveau national (Heilongjiang).,<a href=\"https:\/\/fr.wikipedia.org\/wiki\/Sites_historiques_et_culturels_majeurs_prot%C3%A9g%C3%A9s_au_niveau_national_(Heilongjiang)\" target=\"_blank\" rel=\"noopener noreferrer nofollow\">Article complet.<\/a><span><\/span>. Suite sur le prochain article.}<br \/>|{Sites historiques et culturels majeurs prot\u00e9g\u00e9s au niveau national (Jiangxi).,<a href=\"https:\/\/fr.wikipedia.org\/wiki\/Sites_historiques_et_culturels_majeurs_prot%C3%A9g%C3%A9s_au_niveau_national_(Jiangxi)\" target=\"_blank\" rel=\"noopener noreferrer nofollow\">L\u2019article de presse.<\/a><span><\/span>}<br \/>|{Sites historiques et culturels majeurs prot\u00e9g\u00e9s au niveau national (Jiangxi).,<a href=\"https:\/\/fr.wikipedia.org\/wiki\/Sites_historiques_et_culturels_majeurs_prot%C3%A9g%C3%A9s_au_niveau_national_(Jiangxi)\" target=\"_blank\" rel=\"noopener noreferrer nofollow\">Article complet.<\/a><span><\/span>}<br \/>|{Sites historiques et culturels majeurs prot\u00e9g\u00e9s au niveau national (Liaoning).,<a href=\"https:\/\/fr.wikipedia.org\/wiki\/Sites_historiques_et_culturels_majeurs_prot%C3%A9g%C3%A9s_au_niveau_national_(Liaoning)\" target=\"_blank\" rel=\"noopener noreferrer nofollow\">Le post d\u2019actualit\u00e9.<\/a><span><\/span>}<br \/>|{Sites historiques et culturels majeurs prot\u00e9g\u00e9s au niveau national (Liaoning).,<a href=\"https:\/\/fr.wikipedia.org\/wiki\/Sites_historiques_et_culturels_majeurs_prot%C3%A9g%C3%A9s_au_niveau_national_(Liaoning)\" target=\"_blank\" rel=\"noopener noreferrer nofollow\">Ici.<\/a><span><\/span>}<br \/>|{Sites historiques et culturels majeurs prot\u00e9g\u00e9s au niveau national (Mongolie int\u00e9rieure).,<a href=\"https:\/\/fr.wikipedia.org\/wiki\/Sites_historiques_et_culturels_majeurs_prot%C3%A9g%C3%A9s_au_niveau_national_(Mongolie_int%C3%A9rieure)\" target=\"_blank\" rel=\"noopener noreferrer nofollow\">Le dossier.<\/a><span><\/span>}<br \/>|{Sites historiques et culturels majeurs prot\u00e9g\u00e9s au niveau national (Mongolie int\u00e9rieure).,<a href=\"https:\/\/fr.wikipedia.org\/wiki\/Sites_historiques_et_culturels_majeurs_prot%C3%A9g%C3%A9s_au_niveau_national_(Mongolie_int%C3%A9rieure)\" target=\"_blank\" rel=\"noopener noreferrer nofollow\">Le post d\u2019actualit\u00e9.<\/a><span><\/span>}<br \/>|{Sites historiques et culturels majeurs prot\u00e9g\u00e9s au niveau national (Ningxia).,<a href=\"https:\/\/fr.wikipedia.org\/wiki\/Sites_historiques_et_culturels_majeurs_prot%C3%A9g%C3%A9s_au_niveau_national_(Ningxia)\" target=\"_blank\" rel=\"noopener noreferrer nofollow\">Cliquer ICI.<\/a><span><\/span>}<br \/>|{Sites historiques et culturels majeurs prot\u00e9g\u00e9s au niveau national (Ningxia).,<a href=\"https:\/\/fr.wikipedia.org\/wiki\/Sites_historiques_et_culturels_majeurs_prot%C3%A9g%C3%A9s_au_niveau_national_(Ningxia)\" target=\"_blank\" rel=\"noopener noreferrer nofollow\">L\u2019article de presse.<\/a><span><\/span>}<br \/>|{Sites historiques et culturels majeurs prot\u00e9g\u00e9s au niveau national (Shaanxi).,<a href=\"https:\/\/fr.wikipedia.org\/wiki\/Sites_historiques_et_culturels_majeurs_prot%C3%A9g%C3%A9s_au_niveau_national_(Shaanxi)\" target=\"_blank\" rel=\"noopener noreferrer nofollow\">Article complet.<\/a><span><\/span>. Suite sur le prochain article.}<br \/>|{Sites historiques et culturels majeurs prot\u00e9g\u00e9s au niveau national (Shaanxi).,<a href=\"https:\/\/fr.wikipedia.org\/wiki\/Sites_historiques_et_culturels_majeurs_prot%C3%A9g%C3%A9s_au_niveau_national_(Shaanxi)\" target=\"_blank\" rel=\"noopener noreferrer nofollow\">A lire ici.<\/a><span><\/span>}<br \/>|{Sites historiques et culturels majeurs prot\u00e9g\u00e9s au niveau national (Sichuan).,<a href=\"https:\/\/fr.wikipedia.org\/wiki\/Sites_historiques_et_culturels_majeurs_prot%C3%A9g%C3%A9s_au_niveau_national_(Sichuan)\" target=\"_blank\" rel=\"noopener noreferrer nofollow\">L\u2019article de presse.<\/a><span><\/span>. Suite sur le prochain article.}<br \/>|{Sites historiques et culturels majeurs prot\u00e9g\u00e9s au niveau national (Sichuan).,<a href=\"https:\/\/fr.wikipedia.org\/wiki\/Sites_historiques_et_culturels_majeurs_prot%C3%A9g%C3%A9s_au_niveau_national_(Sichuan)\" target=\"_blank\" rel=\"noopener noreferrer nofollow\">Le post d\u2019actualit\u00e9.<\/a><span><\/span>. Suite sur le prochain article.}<br \/>|{Sites historiques et culturels majeurs prot\u00e9g\u00e9s au niveau national (Xinjiang).,<a href=\"https:\/\/fr.wikipedia.org\/wiki\/Sites_historiques_et_culturels_majeurs_prot%C3%A9g%C3%A9s_au_niveau_national_(Xinjiang)\" target=\"_blank\" rel=\"noopener noreferrer nofollow\">Le dossier.<\/a><span><\/span>}<br \/>|{Sites historiques et culturels majeurs prot\u00e9g\u00e9s au niveau national (Xinjiang).,<a href=\"https:\/\/fr.wikipedia.org\/wiki\/Sites_historiques_et_culturels_majeurs_prot%C3%A9g%C3%A9s_au_niveau_national_(Xinjiang)\" target=\"_blank\" rel=\"noopener noreferrer nofollow\">Le texte de l\u2019article.<\/a><span><\/span>}<br \/>|{Sites historiques et culturels majeurs prot\u00e9g\u00e9s de la r\u00e9gion autonome du Tibet.,<a href=\"https:\/\/fr.wikipedia.org\/wiki\/Sites_historiques_et_culturels_majeurs_prot%C3%A9g%C3%A9s_de_la_r%C3%A9gion_autonome_du_Tibet\" target=\"_blank\" rel=\"noopener noreferrer nofollow\">Le post d\u2019actualit\u00e9.<\/a><span><\/span>. Suite sur le prochain article.}<br \/>|{Sites historiques et culturels majeurs prot\u00e9g\u00e9s de la r\u00e9gion autonome du Tibet.,<a href=\"https:\/\/fr.wikipedia.org\/wiki\/Sites_historiques_et_culturels_majeurs_prot%C3%A9g%C3%A9s_de_la_r%C3%A9gion_autonome_du_Tibet\" target=\"_blank\" rel=\"noopener noreferrer nofollow\">L\u2019article ICI.<\/a><span><\/span>. Suite sur le prochain article.}<br \/>|{Soci\u00e9t\u00e9 Jersiaise.,<a href=\"https:\/\/fr.wikipedia.org\/wiki\/Soci%C3%A9t%C3%A9_Jersiaise\" target=\"_blank\" rel=\"noopener noreferrer nofollow\">Cliquer ICI.<\/a><span><\/span>. Suite sur le prochain article.}<br \/>|{Soci\u00e9t\u00e9 Jersiaise.,<a href=\"https:\/\/fr.wikipedia.org\/wiki\/Soci%C3%A9t%C3%A9_Jersiaise\" target=\"_blank\" rel=\"noopener noreferrer nofollow\">Ici.<\/a><span><\/span>}<br \/>|{Th\u00e9orie de la restauration.,<a href=\"https:\/\/fr.wikipedia.org\/wiki\/Th%C3%A9orie_de_la_restauration\" target=\"_blank\" rel=\"noopener noreferrer nofollow\">Cliquer ICI.<\/a><span><\/span>}<br \/>|{Tr\u00e9sor national (Japon).,<a href=\"https:\/\/fr.wikipedia.org\/wiki\/Tr%C3%A9sor_national_(Japon)\" target=\"_blank\" rel=\"noopener noreferrer nofollow\">Le post d\u2019actualit\u00e9.<\/a><span><\/span>. Suite sur le prochain article.}<br \/>|{Web Journal on Cultural Patrimony.,<a href=\"https:\/\/fr.wikipedia.org\/wiki\/Web_Journal_on_Cultural_Patrimony\" target=\"_blank\" rel=\"noopener noreferrer nofollow\">Le dossier.<\/a><span><\/span>}<br \/>|{Whanganui.,<a href=\"https:\/\/fr.wikipedia.org\/wiki\/Whanganui\" target=\"_blank\" rel=\"noopener noreferrer nofollow\">Le texte de l\u2019article.<\/a><span><\/span>. Suite sur le prochain article.}<br \/>|{Wiki Loves Earth.,<a href=\"https:\/\/fr.wikipedia.org\/wiki\/Wiki_Loves_Earth\" target=\"_blank\" rel=\"noopener noreferrer nofollow\">Article complet.<\/a><span><\/span>}<br \/>|{Wiki Loves Monuments.,<a href=\"https:\/\/fr.wikipedia.org\/wiki\/Wiki_Loves_Monuments\" target=\"_blank\" rel=\"noopener noreferrer nofollow\">Ici.<\/a><span><\/span>}<br \/>|{vitrail.,<a href=\"https:\/\/fr.wikipedia.orghttps:\/\/fr.wikipedia.org\/wiki\/Vitrail\" target=\"_blank\" rel=\"noopener noreferrer nofollow\">Le texte de l\u2019article.<\/a><span><\/span>}<br \/>|{Les ICC Notes de l\u2019Institut canadien pour la conservation.,<a href=\"https:\/\/www.canada.ca\/fr\/institut-conservation\/services\/publications-conservation-preservation\/notes-institut-canadien-conservation.html\" target=\"_blank\" rel=\"noopener noreferrer nofollow\">Article complet.<\/a><span><\/span>}<br \/>|{Centre de conservation du Qu\u00e9bec .,<a href=\"https:\/\/www.ccq.gouv.qc.ca\/index-id%3d84.html\" target=\"_blank\" rel=\"noopener noreferrer nofollow\">A lire ici.<\/a><span><\/span>. Suite sur le prochain article.}<br \/>|{Monumental n\u00b022 Conservation, restauration, restauration, doctrines.,<a href=\"https:\/\/www.editions-du-patrimoine.fr\/Librairie\/Monumental\/Monumental-N-22-Conservation.-restauration-doctrines?pRelatedEditions=3\" target=\"_blank\" rel=\"noopener noreferrer nofollow\">Article complet.<\/a><span><\/span>}<br \/>|{Ge-conservacion.,<a href=\"https:\/\/www.ge-iic.com\/ojs\/index.php\/revista\/issue\/archive\" target=\"_blank\" rel=\"noopener noreferrer nofollow\">Le dossier.<\/a><span><\/span>}<br \/>|{en ligne ici.,<a href=\"https:\/\/www.ifla.org\/resources\/?_sfm_resource_topic=1200820&amp;_sfm_resource_type=All\" target=\"_blank\" rel=\"noopener noreferrer nofollow\">Ici.<\/a><span><\/span>}<br \/>|{News in Conservation.,<a href=\"https:\/\/www.iiconservation.org\/publications\/nic\" target=\"_blank\" rel=\"noopener noreferrer nofollow\">A lire ici.<\/a><span><\/span>. Suite sur le prochain article.}<br \/>|{Image permanence Institute.,<a href=\"https:\/\/www.imagepermanenceinstitute.org\/education\/publications.html\" target=\"_blank\" rel=\"noopener noreferrer nofollow\">A lire ici.<\/a><span><\/span>}<br \/>|{Les Preservation leaflets du NEDCC \u2013 Northeast document center.,<a href=\"https:\/\/www.nedcc.org\/free-resources\/preservation-leaflets\/overview\" target=\"_blank\" rel=\"noopener noreferrer nofollow\">L\u2019article ICI.<\/a><span><\/span>}<br \/>|{Conserve O Gram du National Park Service.,<a href=\"https:\/\/www.nps.gov\/museum\/publications\/conserveogram\/cons_toc.html\" target=\"_blank\" rel=\"noopener noreferrer nofollow\">Le post d\u2019actualit\u00e9.<\/a><span><\/span>}<br \/>|{Petite histoire de la restauration des monuments historiques.,<a href=\"https:\/\/www.tourisme93.com\/petite-histoire-de-la-restauration-des-monuments-historiques.html\" target=\"_blank\" rel=\"noopener noreferrer nofollow\">A lire ici.<\/a><span><\/span>}<br \/>}<br \/>{{Link.,<a href=\"https:\/\/www.site.cdcl.xyz\/2025\/06\/10\/maccabiah-2025-lance-avec-de-grands-noms-et-une-vision-audacieuse\/URL\" target=\"_blank\" rel=\"noopener noreferrer nofollow\">Le dossier.<\/a><span><\/span>}<br \/>|{B\u00e2timent restaur\u00e9 par Eug\u00e8ne Viollet-le-Duc.,<a href=\"https:\/\/www.site.cdcl.xyz\/wiki\/Cat%C3%A9gorie:B%C3%A2timent_restaur%C3%A9_par_Eug%C3%A8ne_Viollet-le-Duc\" target=\"_blank\" rel=\"noopener noreferrer nofollow\">A lire ici.<\/a><span><\/span>}<br \/>|{B\u00e2timent restaur\u00e9 par F\u00e9lix Duban.,<a href=\"https:\/\/www.site.cdcl.xyz\/wiki\/Cat%C3%A9gorie:B%C3%A2timent_restaur%C3%A9_par_F%C3%A9lix_Duban\" target=\"_blank\" rel=\"noopener noreferrer nofollow\">Le dossier.<\/a><span><\/span>}<br \/>|{B\u00e2timent restaur\u00e9 par Jean-Baptiste Lassus.,<a href=\"https:\/\/www.site.cdcl.xyz\/wiki\/Cat%C3%A9gorie:B%C3%A2timent_restaur%C3%A9_par_Jean-Baptiste_Lassus\" target=\"_blank\" rel=\"noopener noreferrer nofollow\">Ici.<\/a><span><\/span>}<br \/>|{Bien culturel folklorique important de la Cor\u00e9e du Sud.,<a href=\"https:\/\/www.site.cdcl.xyz\/wiki\/Cat%C3%A9gorie:Bien_culturel_folklorique_important_de_la_Cor%C3%A9e_du_Sud\" target=\"_blank\" rel=\"noopener noreferrer nofollow\">Le texte de l\u2019article.<\/a><span><\/span>}<br \/>|{Organisme \u00e0 d\u00e9couvrir GCI.,<a href=\"http:\/\/aata.getty.edu\/Home\" target=\"_blank\" rel=\"noopener noreferrer nofollow\">Le post d\u2019actualit\u00e9.<\/a><span><\/span>}<br \/>|{Du CICRP \u2013 Centre interr\u00e9gional de conservation et restauration du patrimoine.,<a href=\"http:\/\/cicrp.info\/fiches-pratiques\/\" target=\"_blank\" rel=\"noopener noreferrer nofollow\">L\u2019article de presse.<\/a><span><\/span>. Suite sur le prochain article.}<br \/>|{Organisme \u00e0 d\u00e9couvrir COol .,<a href=\"http:\/\/cool.conservation-us.org\/\" target=\"_blank\" rel=\"noopener noreferrer nofollow\">Article complet.<\/a><span><\/span>}<br \/>|{Le Corpus Vitrearum International .,<a href=\"http:\/\/cvi.cvma-freiburg.de\" target=\"_blank\" rel=\"noopener noreferrer nofollow\">Cliquer ICI.<\/a><span><\/span>. Suite sur le prochain article.}<br \/>|{E-conservation Journal .,<a href=\"http:\/\/e-conservation.org\/\" target=\"_blank\" rel=\"noopener noreferrer nofollow\">Cliquer ICI.<\/a><span><\/span>}<br \/>|{Organisme \u00e0 d\u00e9couvrir ICOM .,<a href=\"http:\/\/icom.museum\/que-faisons-nous\/ressources\/bibliographies\/L\/2.html\" target=\"_blank\" rel=\"noopener noreferrer nofollow\">L\u2019article de presse.<\/a><span><\/span>. Suite sur le prochain article.}<br \/>|{In Situ. Revue des patrimoines.,<a href=\"http:\/\/insitu.revues.org\" target=\"_blank\" rel=\"noopener noreferrer nofollow\">Article complet.<\/a><span><\/span>}<br \/>|{Organisme \u00e0 d\u00e9couvrir INP.,<a href=\"http:\/\/mediatheque-numerique.inp.fr\/\" target=\"_blank\" rel=\"noopener noreferrer nofollow\">L\u2019article de presse.<\/a><span><\/span>}<br \/>|{De la Biblioth\u00e8que nationale de France.,<a href=\"http:\/\/www.bnf.fr\/fr\/professionnels\/conservation_fiches_pratiques\/s.conservation_fiches_prevention.html\" target=\"_blank\" rel=\"noopener noreferrer nofollow\">Le post d\u2019actualit\u00e9.<\/a><span><\/span>. Suite sur le prochain article.}<br \/>|{CeROArt&nbsp;.,<a href=\"http:\/\/www.ceroart.org\/\" target=\"_blank\" rel=\"noopener noreferrer nofollow\">L\u2019article de presse.<\/a><span><\/span>}<br \/>|{Le Journal of Film Preservation.,<a href=\"http:\/\/www.fiafnet.org\/fr\/publications\/fep_journal.html\" target=\"_blank\" rel=\"noopener noreferrer nofollow\">Cliquer ICI.<\/a><span><\/span>}<br \/>|{Getty conservation Institute.,<a href=\"http:\/\/www.getty.edu\/search\/publications\" target=\"_blank\" rel=\"noopener noreferrer nofollow\">L\u2019article ICI.<\/a><span><\/span>}<br \/>|{Organisme \u00e0 d\u00e9couvrir ICOMOS.,<a href=\"http:\/\/www.international.icomos.org\/fr\/centre-de-documentation\" target=\"_blank\" rel=\"noopener noreferrer nofollow\">Le post d\u2019actualit\u00e9.<\/a><span><\/span>}<br \/>|{Organisme \u00e0 d\u00e9couvrir &nbsp;OCIM.,<a href=\"http:\/\/www.ocim.fr\/bibliographie\/\" target=\"_blank\" rel=\"noopener noreferrer nofollow\">Le post d\u2019actualit\u00e9.<\/a><span><\/span>}<br \/>|{Les Insectes mus\u00e9ophages del\u2019OCIM \u2013 Office de coop\u00e9ration et d\u2019information mus\u00e9ales.,<a href=\"http:\/\/www.ocim.fr\/repertoires\/insectes\/\" target=\"_blank\" rel=\"noopener noreferrer nofollow\">Article complet.<\/a><span><\/span>. Suite sur le prochain article.}<br \/>|{Du C2RMF \u2013 Centre de recherche et de restauration des mus\u00e9es de France.,<a href=\"https:\/\/c2rmf.fr\/fiches-techniques-0\" target=\"_blank\" rel=\"noopener noreferrer nofollow\">Cliquer ICI.<\/a><span><\/span>}<br \/>|{Guide pratique pour le marquage d\u2019identification des biens culturels \u2013 C2RMF.,<a href=\"https:\/\/c2rmf.fr\/sites\/c2rmf\/files\/guide_pratique_pour_le_marquage_2015.pdf\" target=\"_blank\" rel=\"noopener noreferrer nofollow\">L\u2019article ICI.<\/a><span><\/span>}<br \/>|{Vade-mecum de la conservation pr\u00e9ventive \u2013 C2RMF.,<a href=\"https:\/\/c2rmf.fr\/sites\/c2rmf\/files\/vademecum_cc.pdf\" target=\"_blank\" rel=\"noopener noreferrer nofollow\">A lire ici.<\/a><span><\/span>. Suite sur le prochain article.}<br \/>|{La conservation des objets mobiliers dans les \u00e9glises : outil d\u2019auto-\u00e9valuation.,<a href=\"https:\/\/culture.gouv.fr\/Media\/Thematiques\/Circulation-des-biens-culturels\/Files\/Ressources-doc-Guides-et-procedures\/Guide-La-conservation-des-objets-mobiliers-dans-les-eglises-2004\" target=\"_blank\" rel=\"noopener noreferrer nofollow\">L\u2019article de presse.<\/a><span><\/span>}<br \/>|{M\u00e9tiers de la restauration du patrimoine, statuts, conditions d\u2019exercice et fiscalit\u00e9, fiche pratique MC, 2018.,<a href=\"https:\/\/culture.gouv.fr\/Media\/Thematiques\/Conservation-restauration\/Fichiers\/Fiches-pratiques-manuels-et-revues\/Fiche-metiers-de-la-restauration-2019\" target=\"_blank\" rel=\"noopener noreferrer nofollow\">Article complet.<\/a><span><\/span>}<br \/>|{S\u00e9curit\u00e9 des biens culturels, de la pr\u00e9vention du vol \u00e0 la restitution de l\u2019objet vol\u00e9.,<a href=\"https:\/\/culture.gouv.fr\/Media\/Thematiques\/Conservation-restauration\/Fichiers\/Fiches-pratiques-manuels-et-revues\/Securite-des-biens-culturels-de-la-prevention-du-vol-a-la-restitution-de-l-objet-vole\" target=\"_blank\" rel=\"noopener noreferrer nofollow\">Article complet.<\/a><span><\/span>. Suite sur le prochain article.}<br \/>|{Petit Guide \u00e0 l\u2019usage des personnes souhaitant entretenir une s\u00e9pulture.,<a href=\"https:\/\/culture.gouv.fr\/Media\/Thematiques\/Conservation-restauration\/Fichiers\/Ressources-documentaires\/entretenir-une-sepulture\" target=\"_blank\" rel=\"noopener noreferrer nofollow\">L\u2019article de presse.<\/a><span><\/span>}<br \/>|{Rescuing the Hidden European Wooden Churches Heritage : an international methodology for implementing a database for restoration projects.,<a href=\"https:\/\/culture.gouv.fr\/Media\/Thematiques\/Conservation-restauration\/Fichiers\/Ressources-documentaires\/hiddenchurches\" target=\"_blank\" rel=\"noopener noreferrer nofollow\">L\u2019article de presse.<\/a><span><\/span>}<br \/>|{Guides de ma\u00eetrise d\u2019ouvrage et de ma\u00eetrise d\u2019\u0153uvre \u2013 Monuments historiques.,<a href=\"https:\/\/culture.gouv.fr\/Region\/Drac-Auvergne-Rhone-Alpes\/Demarches-aides\/Demarches-et-conseils-patrimoine-urbanisme-qualite-architecturale\/Guides-pratiques-travaux-sur-monuments-historiques\" target=\"_blank\" rel=\"noopener noreferrer nofollow\">A lire ici.<\/a><span><\/span>}<br \/>|{Charte de Venise.,<a href=\"https:\/\/fr.wikipedia.org\/wiki\/Charte_de_Venise\" target=\"_blank\" rel=\"noopener noreferrer nofollow\">L\u2019article ICI.<\/a><span><\/span>}<br \/>|{Charte de Washington.,<a href=\"https:\/\/fr.wikipedia.org\/wiki\/Charte_de_Washington\" target=\"_blank\" rel=\"noopener noreferrer nofollow\">Cliquer ICI.<\/a><span><\/span>}<br \/>|{CIDOC Conceptual Reference Model.,<a href=\"https:\/\/fr.wikipedia.org\/wiki\/CIDOC_Conceptual_Reference_Model\" target=\"_blank\" rel=\"noopener noreferrer nofollow\">A lire ici.<\/a><span><\/span>}<br \/>|{Club pour le vieux Prague.,<a href=\"https:\/\/fr.wikipedia.org\/wiki\/Club_pour_le_vieux_Prague\" target=\"_blank\" rel=\"noopener noreferrer nofollow\">Le dossier.<\/a><span><\/span>}<br \/>|{Code du patrimoine.,<a href=\"https:\/\/fr.wikipedia.org\/wiki\/Code_du_patrimoine\" target=\"_blank\" rel=\"noopener noreferrer nofollow\">L\u2019article de presse.<\/a><span><\/span>. Suite sur le prochain article.}<br \/>|{Collection Patrimoine culturel des pays francophones.,<a href=\"https:\/\/fr.wikipedia.org\/wiki\/Collection_Patrimoine_culturel_des_pays_francophones\" target=\"_blank\" rel=\"noopener noreferrer nofollow\">Le dossier.<\/a><span><\/span>}<br \/>|{Conservation architecturale.,<a href=\"https:\/\/fr.wikipedia.org\/wiki\/Conservation_architecturale\" target=\"_blank\" rel=\"noopener noreferrer nofollow\">Le texte de l\u2019article.<\/a><span><\/span>}<br \/>|{Conservation pr\u00e9ventive.,<a href=\"https:\/\/fr.wikipedia.org\/wiki\/Conservation_pr%C3%A9ventive\" target=\"_blank\" rel=\"noopener noreferrer nofollow\">L\u2019article ICI.<\/a><span><\/span>}<br \/>|{Convention sur la protection du patrimoine culturel subaquatique.,<a href=\"https:\/\/fr.wikipedia.org\/wiki\/Convention_sur_la_protection_du_patrimoine_culturel_subaquatique\" target=\"_blank\" rel=\"noopener noreferrer nofollow\">Article complet.<\/a><span><\/span>}<br \/>|{Din l-Art \u0126elwa.,<a href=\"https:\/\/fr.wikipedia.org\/wiki\/Din_l-Art_%C4%A6elwa\" target=\"_blank\" rel=\"noopener noreferrer nofollow\">Le post d\u2019actualit\u00e9.<\/a><span><\/span>. Suite sur le prochain article.}<br \/>|{Docomomo International.,<a href=\"https:\/\/fr.wikipedia.org\/wiki\/Docomomo_International\" target=\"_blank\" rel=\"noopener noreferrer nofollow\">L\u2019article de presse.<\/a><span><\/span>}<br \/>|{Doctrines et techniques de conservation \u2013 restauration.,<a href=\"https:\/\/fr.wikipedia.org\/wiki\/Doctrines_et_techniques_de_conservation_-_restauration\" target=\"_blank\" rel=\"noopener noreferrer nofollow\">L\u2019article de presse.<\/a><span><\/span>}<br \/>|{Document de Nara sur l\u2019authenticit\u00e9.,<a href=\"https:\/\/fr.wikipedia.org\/wiki\/Document_de_Nara_sur_l%27authenticit%C3%A9\" target=\"_blank\" rel=\"noopener noreferrer nofollow\">Le post d\u2019actualit\u00e9.<\/a><span><\/span>}<br \/>|{Fa\u00e7adisme.,<a href=\"https:\/\/fr.wikipedia.org\/wiki\/Fa%C3%A7adisme\" target=\"_blank\" rel=\"noopener noreferrer nofollow\">Ici.<\/a><span><\/span>}<br \/>|{Fondation du patrimoine.,<a href=\"https:\/\/fr.wikipedia.org\/wiki\/Fondation_du_patrimoine\" target=\"_blank\" rel=\"noopener noreferrer nofollow\">Ici.<\/a><span><\/span>}<br \/>|{Fondation Mansart.,<a href=\"https:\/\/fr.wikipedia.org\/wiki\/Fondation_Mansart\" target=\"_blank\" rel=\"noopener noreferrer nofollow\">Le dossier.<\/a><span><\/span>}<br \/>|{Ieni-Kale.,<a href=\"https:\/\/fr.wikipedia.org\/wiki\/Ieni-Kale\" target=\"_blank\" rel=\"noopener noreferrer nofollow\">Ici.<\/a><span><\/span>. Suite sur le prochain article.}<br \/>|{In situ (conservation du patrimoine).,<a href=\"https:\/\/fr.wikipedia.org\/wiki\/In_situ_(conservation_du_patrimoine)\" target=\"_blank\" rel=\"noopener noreferrer nofollow\">Ici.<\/a><span><\/span>}<br \/>|{Injection de coulis de liant dans les ma\u00e7onneries.,<a href=\"https:\/\/fr.wikipedia.org\/wiki\/Injection_de_coulis_de_liant_dans_les_ma%C3%A7onneries\" target=\"_blank\" rel=\"noopener noreferrer nofollow\">Cliquer ICI.<\/a><span><\/span>}<br \/>|{Jacques Harmand.,<a href=\"https:\/\/fr.wikipedia.org\/wiki\/Jacques_Harmand\" target=\"_blank\" rel=\"noopener noreferrer nofollow\">Le texte de l\u2019article.<\/a><span><\/span>}<br \/>|{La Tribune de l\u2019art.,<a href=\"https:\/\/fr.wikipedia.org\/wiki\/La_Tribune_de_l%27art\" target=\"_blank\" rel=\"noopener noreferrer nofollow\">Le post d\u2019actualit\u00e9.<\/a><span><\/span>}<br \/>|{Nisso Pelossof.,<a href=\"https:\/\/fr.wikipedia.org\/wiki\/Nisso_Pelossof\" target=\"_blank\" rel=\"noopener noreferrer nofollow\">A lire ici.<\/a><span><\/span>. Suite sur le prochain article.}<br \/>|{Palais Daming.,<a href=\"https:\/\/fr.wikipedia.org\/wiki\/Palais_Daming\" target=\"_blank\" rel=\"noopener noreferrer nofollow\">Le post d\u2019actualit\u00e9.<\/a><span><\/span>}<br \/>|{Paris historique.,<a href=\"https:\/\/fr.wikipedia.org\/wiki\/Paris_historique\" target=\"_blank\" rel=\"noopener noreferrer nofollow\">Le post d\u2019actualit\u00e9.<\/a><span><\/span>}<br \/>|{Patrimoine d\u2019int\u00e9r\u00eat r\u00e9gional.,<a href=\"https:\/\/fr.wikipedia.org\/wiki\/Patrimoine_d%27int%C3%A9r%C3%AAt_r%C3%A9gional\" target=\"_blank\" rel=\"noopener noreferrer nofollow\">Le post d\u2019actualit\u00e9.<\/a><span><\/span>}<br \/>|{Patrimoine sans fronti\u00e8res.,<a href=\"https:\/\/fr.wikipedia.org\/wiki\/Patrimoine_sans_fronti%C3%A8res\" target=\"_blank\" rel=\"noopener noreferrer nofollow\">Le dossier.<\/a><span><\/span>. Suite sur le prochain article.}<br \/>|{Patrimoine syrien pendant la guerre civile.,<a href=\"https:\/\/fr.wikipedia.org\/wiki\/Patrimoine_syrien_pendant_la_guerre_civile\" target=\"_blank\" rel=\"noopener noreferrer nofollow\">L\u2019article ICI.<\/a><span><\/span>}<br \/>|{Patrimoine syrien pendant la guerre civile.,<a href=\"https:\/\/fr.wikipedia.org\/wiki\/Patrimoine_syrien_pendant_la_guerre_civile\" target=\"_blank\" rel=\"noopener noreferrer nofollow\">Ici.<\/a><span><\/span>}<br \/>|{Patrimonialisation.,<a href=\"https:\/\/fr.wikipedia.org\/wiki\/Patrimonialisation\" target=\"_blank\" rel=\"noopener noreferrer nofollow\">L\u2019article ICI.<\/a><span><\/span>}<br \/>|{Patrimonialisation (homonymie).,<a href=\"https:\/\/fr.wikipedia.org\/wiki\/Patrimonialisation_(homonymie)\" target=\"_blank\" rel=\"noopener noreferrer nofollow\">L\u2019article de presse.<\/a><span><\/span>}<br \/>|{Pont de Gorica.,<a href=\"https:\/\/fr.wikipedia.org\/wiki\/Pont_de_Gorica\" target=\"_blank\" rel=\"noopener noreferrer nofollow\">Ici.<\/a><span><\/span>}<br \/>|{Port d\u2019int\u00e9r\u00eat patrimonial.,<a href=\"https:\/\/fr.wikipedia.org\/wiki\/Port_d%27int%C3%A9r%C3%AAt_patrimonial\" target=\"_blank\" rel=\"noopener noreferrer nofollow\">Article complet.<\/a><span><\/span>}<br \/>|{Prix du patrimoine culturel de l\u2019UE\/Concours Europa Nostra.,<a href=\"https:\/\/fr.wikipedia.org\/wiki\/Prix_du_patrimoine_culturel_de_l%E2%80%99UE\/Concours_Europa_Nostra\" target=\"_blank\" rel=\"noopener noreferrer nofollow\">L\u2019article ICI.<\/a><span><\/span>. Suite sur le prochain article.}<br \/>|{R\u00e9seau culturel Terre catalane.,<a href=\"https:\/\/fr.wikipedia.org\/wiki\/R%C3%A9seau_culturel_Terre_catalane\" target=\"_blank\" rel=\"noopener noreferrer nofollow\">L\u2019article de presse.<\/a><span><\/span>. Suite sur le prochain article.}<br \/>|{Red Tail Project.,<a href=\"https:\/\/fr.wikipedia.org\/wiki\/Red_Tail_Project\" target=\"_blank\" rel=\"noopener noreferrer nofollow\">Le post d\u2019actualit\u00e9.<\/a><span><\/span>}<br \/>|{Registre patrimonial du Queensland.,<a href=\"https:\/\/fr.wikipedia.org\/wiki\/Registre_patrimonial_du_Queensland\" target=\"_blank\" rel=\"noopener noreferrer nofollow\">Cliquer ICI.<\/a><span><\/span>}<br \/>|{Ren\u00e9 Dinkel.,<a href=\"https:\/\/fr.wikipedia.org\/wiki\/Ren%C3%A9_Dinkel\" target=\"_blank\" rel=\"noopener noreferrer nofollow\">Article complet.<\/a><span><\/span>}<br \/>|{Renaissance du Lille Ancien.,<a href=\"https:\/\/fr.wikipedia.org\/wiki\/Renaissance_du_Lille_Ancien\" target=\"_blank\" rel=\"noopener noreferrer nofollow\">Article complet.<\/a><span><\/span>}<br \/>|{Restauration de la composition murale de la Maison de la Radio \u00e0 Strasbourg.,<a href=\"https:\/\/fr.wikipedia.org\/wiki\/Restauration_de_la_composition_murale_de_la_Maison_de_la_Radio_%C3%A0_Strasbourg\" target=\"_blank\" rel=\"noopener noreferrer nofollow\">Ici.<\/a><span><\/span>}<br \/>|{Ruine.,<a href=\"https:\/\/fr.wikipedia.org\/wiki\/Ruine\" target=\"_blank\" rel=\"noopener noreferrer nofollow\">Article complet.<\/a><span><\/span>}<br \/>|{Secteur sauvegard\u00e9 de Lille.,<a href=\"https:\/\/fr.wikipedia.org\/wiki\/Secteur_sauvegard%C3%A9_de_Lille\" target=\"_blank\" rel=\"noopener noreferrer nofollow\">Le texte de l\u2019article.<\/a><span><\/span>. Suite sur le prochain article.}<br \/>|{Secteur sauvegard\u00e9 de Lille.,<a href=\"https:\/\/fr.wikipedia.org\/wiki\/Secteur_sauvegard%C3%A9_de_Lille\" target=\"_blank\" rel=\"noopener noreferrer nofollow\">Le post d\u2019actualit\u00e9.<\/a><span><\/span>}<br \/>|{Secteur sauvegard\u00e9 de Sedan.,<a href=\"https:\/\/fr.wikipedia.org\/wiki\/Secteur_sauvegard%C3%A9_de_Sedan\" target=\"_blank\" rel=\"noopener noreferrer nofollow\">Article complet.<\/a><span><\/span>}<br \/>|{Secteur sauvegard\u00e9 de Sedan.,<a href=\"https:\/\/fr.wikipedia.org\/wiki\/Secteur_sauvegard%C3%A9_de_Sedan\" target=\"_blank\" rel=\"noopener noreferrer nofollow\">Le dossier.<\/a><span><\/span>}<br \/>|{Sites culturels construits d\u2019int\u00e9r\u00eat national en Finlande.,<a href=\"https:\/\/fr.wikipedia.org\/wiki\/Sites_culturels_construits_d%27int%C3%A9r%C3%AAt_national_en_Finlande\" target=\"_blank\" rel=\"noopener noreferrer nofollow\">L\u2019article de presse.<\/a><span><\/span>}<br \/>|{Sites culturels construits d\u2019int\u00e9r\u00eat national en Finlande.,<a href=\"https:\/\/fr.wikipedia.org\/wiki\/Sites_culturels_construits_d%27int%C3%A9r%C3%AAt_national_en_Finlande\" target=\"_blank\" rel=\"noopener noreferrer nofollow\">Le post d\u2019actualit\u00e9.<\/a><span><\/span>}<br \/>|{Sites historiques et culturels majeurs prot\u00e9g\u00e9s au niveau national.,<a href=\"https:\/\/fr.wikipedia.org\/wiki\/Sites_historiques_et_culturels_majeurs_prot%C3%A9g%C3%A9s_au_niveau_national\" target=\"_blank\" rel=\"noopener noreferrer nofollow\">Cliquer ICI.<\/a><span><\/span>}<br \/>|{Sites historiques et culturels majeurs prot\u00e9g\u00e9s au niveau national.,<a href=\"https:\/\/fr.wikipedia.org\/wiki\/Sites_historiques_et_culturels_majeurs_prot%C3%A9g%C3%A9s_au_niveau_national\" target=\"_blank\" rel=\"noopener noreferrer nofollow\">A lire ici.<\/a><span><\/span>. Suite sur le prochain article.}<br \/>|{Sites historiques et culturels majeurs prot\u00e9g\u00e9s au niveau national (Gansu).,<a href=\"https:\/\/fr.wikipedia.org\/wiki\/Sites_historiques_et_culturels_majeurs_prot%C3%A9g%C3%A9s_au_niveau_national_(Gansu)\" target=\"_blank\" rel=\"noopener noreferrer nofollow\">Ici.<\/a><span><\/span>. Suite sur le prochain article.}<br \/>|{Sites historiques et culturels majeurs prot\u00e9g\u00e9s au niveau national (Gansu).,<a href=\"https:\/\/fr.wikipedia.org\/wiki\/Sites_historiques_et_culturels_majeurs_prot%C3%A9g%C3%A9s_au_niveau_national_(Gansu)\" target=\"_blank\" rel=\"noopener noreferrer nofollow\">L\u2019article ICI.<\/a><span><\/span>}<br \/>|{Sites historiques et culturels majeurs prot\u00e9g\u00e9s au niveau national (Hebei).,<a href=\"https:\/\/fr.wikipedia.org\/wiki\/Sites_historiques_et_culturels_majeurs_prot%C3%A9g%C3%A9s_au_niveau_national_(Hebei)\" target=\"_blank\" rel=\"noopener noreferrer nofollow\">Le texte de l\u2019article.<\/a><span><\/span>. Suite sur le prochain article.}<br \/>|{Sites historiques et culturels majeurs prot\u00e9g\u00e9s au niveau national (Hebei).,<a href=\"https:\/\/fr.wikipedia.org\/wiki\/Sites_historiques_et_culturels_majeurs_prot%C3%A9g%C3%A9s_au_niveau_national_(Hebei)\" target=\"_blank\" rel=\"noopener noreferrer nofollow\">Article complet.<\/a><span><\/span>}<br \/>|{Sites historiques et culturels majeurs prot\u00e9g\u00e9s au niveau national (Heilongjiang).,<a href=\"https:\/\/fr.wikipedia.org\/wiki\/Sites_historiques_et_culturels_majeurs_prot%C3%A9g%C3%A9s_au_niveau_national_(Heilongjiang)\" target=\"_blank\" rel=\"noopener noreferrer nofollow\">L\u2019article ICI.<\/a><span><\/span>. Suite sur le prochain article.}<br \/>|{Sites historiques et culturels majeurs prot\u00e9g\u00e9s au niveau national (Heilongjiang).,<a href=\"https:\/\/fr.wikipedia.org\/wiki\/Sites_historiques_et_culturels_majeurs_prot%C3%A9g%C3%A9s_au_niveau_national_(Heilongjiang)\" target=\"_blank\" rel=\"noopener noreferrer nofollow\">Le post d\u2019actualit\u00e9.<\/a><span><\/span>}<br \/>|{Sites historiques et culturels majeurs prot\u00e9g\u00e9s au niveau national (Jiangxi).,<a href=\"https:\/\/fr.wikipedia.org\/wiki\/Sites_historiques_et_culturels_majeurs_prot%C3%A9g%C3%A9s_au_niveau_national_(Jiangxi)\" target=\"_blank\" rel=\"noopener noreferrer nofollow\">Ici.<\/a><span><\/span>}<br \/>|{Sites historiques et culturels majeurs prot\u00e9g\u00e9s au niveau national (Jiangxi).,<a href=\"https:\/\/fr.wikipedia.org\/wiki\/Sites_historiques_et_culturels_majeurs_prot%C3%A9g%C3%A9s_au_niveau_national_(Jiangxi)\" target=\"_blank\" rel=\"noopener noreferrer nofollow\">Le post d\u2019actualit\u00e9.<\/a><span><\/span>. Suite sur le prochain article.}<br \/>|{Sites historiques et culturels majeurs prot\u00e9g\u00e9s au niveau national (Liaoning).,<a href=\"https:\/\/fr.wikipedia.org\/wiki\/Sites_historiques_et_culturels_majeurs_prot%C3%A9g%C3%A9s_au_niveau_national_(Liaoning)\" target=\"_blank\" rel=\"noopener noreferrer nofollow\">Le texte de l\u2019article.<\/a><span><\/span>}<br \/>|{Sites historiques et culturels majeurs prot\u00e9g\u00e9s au niveau national (Liaoning).,<a href=\"https:\/\/fr.wikipedia.org\/wiki\/Sites_historiques_et_culturels_majeurs_prot%C3%A9g%C3%A9s_au_niveau_national_(Liaoning)\" target=\"_blank\" rel=\"noopener noreferrer nofollow\">Ici.<\/a><span><\/span>. Suite sur le prochain article.}<br \/>|{Sites historiques et culturels majeurs prot\u00e9g\u00e9s au niveau national (Mongolie int\u00e9rieure).,<a href=\"https:\/\/fr.wikipedia.org\/wiki\/Sites_historiques_et_culturels_majeurs_prot%C3%A9g%C3%A9s_au_niveau_national_(Mongolie_int%C3%A9rieure)\" target=\"_blank\" rel=\"noopener noreferrer nofollow\">L\u2019article ICI.<\/a><span><\/span>}<br \/>|{Sites historiques et culturels majeurs prot\u00e9g\u00e9s au niveau national (Mongolie int\u00e9rieure).,<a href=\"https:\/\/fr.wikipedia.org\/wiki\/Sites_historiques_et_culturels_majeurs_prot%C3%A9g%C3%A9s_au_niveau_national_(Mongolie_int%C3%A9rieure)\" target=\"_blank\" rel=\"noopener noreferrer nofollow\">L\u2019article de presse.<\/a><span><\/span>}<br \/>|{Sites historiques et culturels majeurs prot\u00e9g\u00e9s au niveau national (Ningxia).,<a href=\"https:\/\/fr.wikipedia.org\/wiki\/Sites_historiques_et_culturels_majeurs_prot%C3%A9g%C3%A9s_au_niveau_national_(Ningxia)\" target=\"_blank\" rel=\"noopener noreferrer nofollow\">A lire ici.<\/a><span><\/span>}<br \/>|{Sites historiques et culturels majeurs prot\u00e9g\u00e9s au niveau national (Ningxia).,<a href=\"https:\/\/fr.wikipedia.org\/wiki\/Sites_historiques_et_culturels_majeurs_prot%C3%A9g%C3%A9s_au_niveau_national_(Ningxia)\" target=\"_blank\" rel=\"noopener noreferrer nofollow\">Article complet.<\/a><span><\/span>}<br \/>|{Sites historiques et culturels majeurs prot\u00e9g\u00e9s au niveau national (Shaanxi).,<a href=\"https:\/\/fr.wikipedia.org\/wiki\/Sites_historiques_et_culturels_majeurs_prot%C3%A9g%C3%A9s_au_niveau_national_(Shaanxi)\" target=\"_blank\" rel=\"noopener noreferrer nofollow\">Le texte de l\u2019article.<\/a><span><\/span>}<br \/>|{Sites historiques et culturels majeurs prot\u00e9g\u00e9s au niveau national (Shaanxi).,<a href=\"https:\/\/fr.wikipedia.org\/wiki\/Sites_historiques_et_culturels_majeurs_prot%C3%A9g%C3%A9s_au_niveau_national_(Shaanxi)\" target=\"_blank\" rel=\"noopener noreferrer nofollow\">A lire ici.<\/a><span><\/span>. Suite sur le prochain article.}<br \/>|{Sites historiques et culturels majeurs prot\u00e9g\u00e9s au niveau national (Sichuan).,<a href=\"https:\/\/fr.wikipedia.org\/wiki\/Sites_historiques_et_culturels_majeurs_prot%C3%A9g%C3%A9s_au_niveau_national_(Sichuan)\" target=\"_blank\" rel=\"noopener noreferrer nofollow\">Le texte de l\u2019article.<\/a><span><\/span>}<br \/>|{Sites historiques et culturels majeurs prot\u00e9g\u00e9s au niveau national (Sichuan).,<a href=\"https:\/\/fr.wikipedia.org\/wiki\/Sites_historiques_et_culturels_majeurs_prot%C3%A9g%C3%A9s_au_niveau_national_(Sichuan)\" target=\"_blank\" rel=\"noopener noreferrer nofollow\">A lire ici.<\/a><span><\/span>. Suite sur le prochain article.}<br \/>|{Sites historiques et culturels majeurs prot\u00e9g\u00e9s au niveau national (Xinjiang).,<a href=\"https:\/\/fr.wikipedia.org\/wiki\/Sites_historiques_et_culturels_majeurs_prot%C3%A9g%C3%A9s_au_niveau_national_(Xinjiang)\" target=\"_blank\" rel=\"noopener noreferrer nofollow\">Article complet.<\/a><span><\/span>. Suite sur le prochain article.}<br \/>|{Sites historiques et culturels majeurs prot\u00e9g\u00e9s au niveau national (Xinjiang).,<a href=\"https:\/\/fr.wikipedia.org\/wiki\/Sites_historiques_et_culturels_majeurs_prot%C3%A9g%C3%A9s_au_niveau_national_(Xinjiang)\" target=\"_blank\" rel=\"noopener noreferrer nofollow\">L\u2019article ICI.<\/a><span><\/span>}<br \/>|{Sites historiques et culturels majeurs prot\u00e9g\u00e9s de la r\u00e9gion autonome du Tibet.,<a href=\"https:\/\/fr.wikipedia.org\/wiki\/Sites_historiques_et_culturels_majeurs_prot%C3%A9g%C3%A9s_de_la_r%C3%A9gion_autonome_du_Tibet\" target=\"_blank\" rel=\"noopener noreferrer nofollow\">Article complet.<\/a><span><\/span>}<br \/>|{Sites historiques et culturels majeurs prot\u00e9g\u00e9s de la r\u00e9gion autonome du Tibet.,<a href=\"https:\/\/fr.wikipedia.org\/wiki\/Sites_historiques_et_culturels_majeurs_prot%C3%A9g%C3%A9s_de_la_r%C3%A9gion_autonome_du_Tibet\" target=\"_blank\" rel=\"noopener noreferrer nofollow\">Le texte de l\u2019article.<\/a><span><\/span>}<br \/>|{Soci\u00e9t\u00e9 Jersiaise.,<a href=\"https:\/\/fr.wikipedia.org\/wiki\/Soci%C3%A9t%C3%A9_Jersiaise\" target=\"_blank\" rel=\"noopener noreferrer nofollow\">Le post d\u2019actualit\u00e9.<\/a><span><\/span>. Suite sur le prochain article.}<br \/>|{Soci\u00e9t\u00e9 Jersiaise.,<a href=\"https:\/\/fr.wikipedia.org\/wiki\/Soci%C3%A9t%C3%A9_Jersiaise\" target=\"_blank\" rel=\"noopener noreferrer nofollow\">Le post d\u2019actualit\u00e9.<\/a><span><\/span>}<br \/>|{Th\u00e9orie de la restauration.,<a href=\"https:\/\/fr.wikipedia.org\/wiki\/Th%C3%A9orie_de_la_restauration\" target=\"_blank\" rel=\"noopener noreferrer nofollow\">Le texte de l\u2019article.<\/a><span><\/span>}<br \/>|{Tr\u00e9sor national (Japon).,<a href=\"https:\/\/fr.wikipedia.org\/wiki\/Tr%C3%A9sor_national_(Japon)\" target=\"_blank\" rel=\"noopener noreferrer nofollow\">Ici.<\/a><span><\/span>}<br \/>|{Web Journal on Cultural Patrimony.,<a href=\"https:\/\/fr.wikipedia.org\/wiki\/Web_Journal_on_Cultural_Patrimony\" target=\"_blank\" rel=\"noopener noreferrer nofollow\">L\u2019article ICI.<\/a><span><\/span>. Suite sur le prochain article.}<br \/>|{Whanganui.,<a href=\"https:\/\/fr.wikipedia.org\/wiki\/Whanganui\" target=\"_blank\" rel=\"noopener noreferrer nofollow\">Le post d\u2019actualit\u00e9.<\/a><span><\/span>}<br \/>|{Wiki Loves Earth.,<a href=\"https:\/\/fr.wikipedia.org\/wiki\/Wiki_Loves_Earth\" target=\"_blank\" rel=\"noopener noreferrer nofollow\">L\u2019article ICI.<\/a><span><\/span>. Suite sur le prochain article.}<br \/>|{Wiki Loves Monuments.,<a href=\"https:\/\/fr.wikipedia.org\/wiki\/Wiki_Loves_Monuments\" target=\"_blank\" rel=\"noopener noreferrer nofollow\">Ici.<\/a><span><\/span>. Suite sur le prochain article.}<br \/>|{vitrail.,<a href=\"https:\/\/fr.wikipedia.orghttps:\/\/fr.wikipedia.org\/wiki\/Vitrail\" target=\"_blank\" rel=\"noopener noreferrer nofollow\">L\u2019article ICI.<\/a><span><\/span>}<br \/>|{Les ICC Notes de l\u2019Institut canadien pour la conservation.,<a href=\"https:\/\/www.canada.ca\/fr\/institut-conservation\/services\/publications-conservation-preservation\/notes-institut-canadien-conservation.html\" target=\"_blank\" rel=\"noopener noreferrer nofollow\">L\u2019article ICI.<\/a><span><\/span>}<br \/>|{Centre de conservation du Qu\u00e9bec .,<a href=\"https:\/\/www.ccq.gouv.qc.ca\/index-id%3d84.html\" target=\"_blank\" rel=\"noopener noreferrer nofollow\">A lire ici.<\/a><span><\/span>}<br \/>|{Monumental n\u00b022 Conservation, restauration, restauration, doctrines.,<a href=\"https:\/\/www.editions-du-patrimoine.fr\/Librairie\/Monumental\/Monumental-N-22-Conservation.-restauration-doctrines?pRelatedEditions=3\" target=\"_blank\" rel=\"noopener noreferrer nofollow\">A lire ici.<\/a><span><\/span>}<br \/>|{Ge-conservacion.,<a href=\"https:\/\/www.ge-iic.com\/ojs\/index.php\/revista\/issue\/archive\" target=\"_blank\" rel=\"noopener noreferrer nofollow\">Cliquer ICI.<\/a><span><\/span>}<br \/>|{en ligne ici.,<a href=\"https:\/\/www.ifla.org\/resources\/?_sfm_resource_topic=1200820&amp;_sfm_resource_type=All\" target=\"_blank\" rel=\"noopener noreferrer nofollow\">Ici.<\/a><span><\/span>}<br \/>|{News in Conservation.,<a href=\"https:\/\/www.iiconservation.org\/publications\/nic\" target=\"_blank\" rel=\"noopener noreferrer nofollow\">L\u2019article de presse.<\/a><span><\/span>. Suite sur le prochain article.}<br \/>|{Image permanence Institute.,<a href=\"https:\/\/www.imagepermanenceinstitute.org\/education\/publications.html\" target=\"_blank\" rel=\"noopener noreferrer nofollow\">A lire ici.<\/a><span><\/span>. Suite sur le prochain article.}<br \/>|{Les Preservation leaflets du NEDCC \u2013 Northeast document center.,<a href=\"https:\/\/www.nedcc.org\/free-resources\/preservation-leaflets\/overview\" target=\"_blank\" rel=\"noopener noreferrer nofollow\">Le texte de l\u2019article.<\/a><span><\/span>}<br \/>|{Conserve O Gram du National Park Service.,<a href=\"https:\/\/www.nps.gov\/museum\/publications\/conserveogram\/cons_toc.html\" target=\"_blank\" rel=\"noopener noreferrer nofollow\">Le texte de l\u2019article.<\/a><span><\/span>. Suite sur le prochain article.}<br \/>|{Petite histoire de la restauration des monuments historiques.,<a href=\"https:\/\/www.tourisme93.com\/petite-histoire-de-la-restauration-des-monuments-historiques.html\" target=\"_blank\" rel=\"noopener noreferrer nofollow\">A lire ici.<\/a><span><\/span>}<br \/>}<\/p>\n<p> Ce paragraphe parlant du sujet \u00ab\u00a0Temples de Nubie.\u00a0\u00bb a \u00e9t\u00e9 tri\u00e9 sur le web par les r\u00e9dacteurs de temples-de-nubie.fr. temples-de-nubie.fr est blog d&rsquo;information qui conserve des nouvelles publi\u00e9es sur le net dont le sujet central est \u00ab\u00a0Temples de Nubie.\u00a0\u00bb. La chronique se veut produite du mieux possible. Dans la mesure o\u00f9 vous d\u00e9sirez pr\u00e9senter des informations suppl\u00e9mentaires \u00e0 cet article sur le sujet \u00ab\u00a0Temples de Nubie.\u00a0\u00bb vous pouvez utiliser les coordonn\u00e9es affich\u00e9es sur ce site web. Il y a de pr\u00e9vu divers travaux autour du sujet \u00ab\u00a0Temples de Nubie.\u00a0\u00bb dans les jours \u00e0 venir, on vous invite \u00e0 naviguer sur notre site web \u00e0 plusieurs reprises.<\/p>\n","protected":false},"excerpt":{"rendered":"<p>Le 2025 Maccabiah a officiellement d\u00e9but\u00e9 dimanche soir avec un \u00e9v\u00e9nement de lancement festif \u00e0 Kfar Maccabiah \u00e0 Ramat Gan, pr\u00e9parant le terrain pour ce que les organisateurs disent seront le Maccabiah le plus important et le plus significatif de l&rsquo;histoire. Pr\u00e9vu du 8 au 22 juillet, l&rsquo;\u00e9v\u00e9nement international de sport juif r\u00e9unira plus de [&hellip;]<\/p>\n","protected":false},"author":3,"featured_media":170,"comment_status":"closed","ping_status":"closed","sticky":false,"template":"","format":"standard","meta":{"footnotes":""},"categories":[4],"tags":[],"class_list":["post-169","post","type-post","status-publish","format-standard","has-post-thumbnail","hentry","category-informations-theme-temples-de-nubie"],"yoast_head":"<!-- This site is optimized with the Yoast SEO plugin v27.5 - https:\/\/yoast.com\/product\/yoast-seo-wordpress\/ -->\n<title>Maccabiah 2025 lance avec de grands noms et une vision audacieuse - TEMPLES-DE-NUBIE<\/title>\n<meta name=\"robots\" content=\"index, follow, max-snippet:-1, max-image-preview:large, max-video-preview:-1\" \/>\n<link rel=\"canonical\" href=\"https:\/\/www.temples-de-nubie.fr\/blog\/maccabiah-2025-lance-avec-de-grands-noms-et-une-vision-audacieuse\/\" \/>\n<meta property=\"og:locale\" content=\"fr_FR\" \/>\n<meta property=\"og:type\" content=\"article\" \/>\n<meta property=\"og:title\" content=\"Maccabiah 2025 lance avec de grands noms et une vision audacieuse - TEMPLES-DE-NUBIE\" \/>\n<meta property=\"og:description\" content=\"Le 2025 Maccabiah a officiellement d\u00e9but\u00e9 dimanche soir avec un \u00e9v\u00e9nement de lancement festif \u00e0 Kfar Maccabiah \u00e0 Ramat Gan, pr\u00e9parant le terrain pour ce que les organisateurs disent seront le Maccabiah le plus important et le plus significatif de l&rsquo;histoire. Pr\u00e9vu du 8 au 22 juillet, l&rsquo;\u00e9v\u00e9nement international de sport juif r\u00e9unira plus de [&hellip;]\" \/>\n<meta property=\"og:url\" content=\"https:\/\/www.temples-de-nubie.fr\/blog\/maccabiah-2025-lance-avec-de-grands-noms-et-une-vision-audacieuse\/\" \/>\n<meta property=\"og:site_name\" content=\"TEMPLES-DE-NUBIE\" \/>\n<meta property=\"article:published_time\" content=\"2025-06-10T08:22:22+00:00\" \/>\n<meta property=\"og:image\" content=\"https:\/\/www.temples-de-nubie.fr\/blog\/wp-content\/uploads\/2025\/06\/maccabiah-2025-lance-avec-de-grands-noms-et-une-vision-audacieuse.jpg\" \/>\n<meta name=\"author\" content=\"Johana RIVET\" \/>\n<meta name=\"twitter:card\" content=\"summary_large_image\" \/>\n<meta name=\"twitter:label1\" content=\"\u00c9crit par\" \/>\n\t<meta name=\"twitter:data1\" content=\"Johana RIVET\" \/>\n\t<meta name=\"twitter:label2\" content=\"Dur\u00e9e de lecture estim\u00e9e\" \/>\n\t<meta name=\"twitter:data2\" content=\"22 minutes\" \/>\n<script type=\"application\/ld+json\" class=\"yoast-schema-graph\">{\"@context\":\"https:\\\/\\\/schema.org\",\"@graph\":[{\"@type\":\"Article\",\"@id\":\"https:\\\/\\\/www.temples-de-nubie.fr\\\/blog\\\/maccabiah-2025-lance-avec-de-grands-noms-et-une-vision-audacieuse\\\/#article\",\"isPartOf\":{\"@id\":\"https:\\\/\\\/www.temples-de-nubie.fr\\\/blog\\\/maccabiah-2025-lance-avec-de-grands-noms-et-une-vision-audacieuse\\\/\"},\"author\":{\"name\":\"Johana RIVET\",\"@id\":\"https:\\\/\\\/www.temples-de-nubie.fr\\\/blog\\\/#\\\/schema\\\/person\\\/dc169e68726228008f8559d372397a09\"},\"headline\":\"Maccabiah 2025 lance avec de grands noms et une vision audacieuse\",\"datePublished\":\"2025-06-10T08:22:22+00:00\",\"mainEntityOfPage\":{\"@id\":\"https:\\\/\\\/www.temples-de-nubie.fr\\\/blog\\\/maccabiah-2025-lance-avec-de-grands-noms-et-une-vision-audacieuse\\\/\"},\"wordCount\":4462,\"publisher\":{\"@id\":\"https:\\\/\\\/www.temples-de-nubie.fr\\\/blog\\\/#organization\"},\"image\":{\"@id\":\"https:\\\/\\\/www.temples-de-nubie.fr\\\/blog\\\/maccabiah-2025-lance-avec-de-grands-noms-et-une-vision-audacieuse\\\/#primaryimage\"},\"thumbnailUrl\":\"https:\\\/\\\/www.temples-de-nubie.fr\\\/blog\\\/wp-content\\\/uploads\\\/2025\\\/06\\\/maccabiah-2025-lance-avec-de-grands-noms-et-une-vision-audacieuse.jpg\",\"articleSection\":[\"Informations Th\u00e8me Temples De Nubie.:\"],\"inLanguage\":\"fr-FR\"},{\"@type\":\"WebPage\",\"@id\":\"https:\\\/\\\/www.temples-de-nubie.fr\\\/blog\\\/maccabiah-2025-lance-avec-de-grands-noms-et-une-vision-audacieuse\\\/\",\"url\":\"https:\\\/\\\/www.temples-de-nubie.fr\\\/blog\\\/maccabiah-2025-lance-avec-de-grands-noms-et-une-vision-audacieuse\\\/\",\"name\":\"Maccabiah 2025 lance avec de grands noms et une vision audacieuse - TEMPLES-DE-NUBIE\",\"isPartOf\":{\"@id\":\"https:\\\/\\\/www.temples-de-nubie.fr\\\/blog\\\/#website\"},\"primaryImageOfPage\":{\"@id\":\"https:\\\/\\\/www.temples-de-nubie.fr\\\/blog\\\/maccabiah-2025-lance-avec-de-grands-noms-et-une-vision-audacieuse\\\/#primaryimage\"},\"image\":{\"@id\":\"https:\\\/\\\/www.temples-de-nubie.fr\\\/blog\\\/maccabiah-2025-lance-avec-de-grands-noms-et-une-vision-audacieuse\\\/#primaryimage\"},\"thumbnailUrl\":\"https:\\\/\\\/www.temples-de-nubie.fr\\\/blog\\\/wp-content\\\/uploads\\\/2025\\\/06\\\/maccabiah-2025-lance-avec-de-grands-noms-et-une-vision-audacieuse.jpg\",\"datePublished\":\"2025-06-10T08:22:22+00:00\",\"breadcrumb\":{\"@id\":\"https:\\\/\\\/www.temples-de-nubie.fr\\\/blog\\\/maccabiah-2025-lance-avec-de-grands-noms-et-une-vision-audacieuse\\\/#breadcrumb\"},\"inLanguage\":\"fr-FR\",\"potentialAction\":[{\"@type\":\"ReadAction\",\"target\":[\"https:\\\/\\\/www.temples-de-nubie.fr\\\/blog\\\/maccabiah-2025-lance-avec-de-grands-noms-et-une-vision-audacieuse\\\/\"]}]},{\"@type\":\"ImageObject\",\"inLanguage\":\"fr-FR\",\"@id\":\"https:\\\/\\\/www.temples-de-nubie.fr\\\/blog\\\/maccabiah-2025-lance-avec-de-grands-noms-et-une-vision-audacieuse\\\/#primaryimage\",\"url\":\"https:\\\/\\\/www.temples-de-nubie.fr\\\/blog\\\/wp-content\\\/uploads\\\/2025\\\/06\\\/maccabiah-2025-lance-avec-de-grands-noms-et-une-vision-audacieuse.jpg\",\"contentUrl\":\"https:\\\/\\\/www.temples-de-nubie.fr\\\/blog\\\/wp-content\\\/uploads\\\/2025\\\/06\\\/maccabiah-2025-lance-avec-de-grands-noms-et-une-vision-audacieuse.jpg\",\"width\":2560,\"height\":1442},{\"@type\":\"BreadcrumbList\",\"@id\":\"https:\\\/\\\/www.temples-de-nubie.fr\\\/blog\\\/maccabiah-2025-lance-avec-de-grands-noms-et-une-vision-audacieuse\\\/#breadcrumb\",\"itemListElement\":[{\"@type\":\"ListItem\",\"position\":1,\"name\":\"Accueil\",\"item\":\"https:\\\/\\\/www.temples-de-nubie.fr\\\/blog\\\/\"},{\"@type\":\"ListItem\",\"position\":2,\"name\":\"Maccabiah 2025 lance avec de grands noms et une vision audacieuse\"}]},{\"@type\":\"WebSite\",\"@id\":\"https:\\\/\\\/www.temples-de-nubie.fr\\\/blog\\\/#website\",\"url\":\"https:\\\/\\\/www.temples-de-nubie.fr\\\/blog\\\/\",\"name\":\"TEMPLES-DE-NUBIE\",\"description\":\"Temples de Nubie.; conservations ressources, \u00e0 savoir et retenir.\",\"publisher\":{\"@id\":\"https:\\\/\\\/www.temples-de-nubie.fr\\\/blog\\\/#organization\"},\"potentialAction\":[{\"@type\":\"SearchAction\",\"target\":{\"@type\":\"EntryPoint\",\"urlTemplate\":\"https:\\\/\\\/www.temples-de-nubie.fr\\\/blog\\\/?s={search_term_string}\"},\"query-input\":{\"@type\":\"PropertyValueSpecification\",\"valueRequired\":true,\"valueName\":\"search_term_string\"}}],\"inLanguage\":\"fr-FR\"},{\"@type\":\"Organization\",\"@id\":\"https:\\\/\\\/www.temples-de-nubie.fr\\\/blog\\\/#organization\",\"name\":\"temples-de-nubie\",\"url\":\"https:\\\/\\\/www.temples-de-nubie.fr\\\/blog\\\/\",\"logo\":{\"@type\":\"ImageObject\",\"inLanguage\":\"fr-FR\",\"@id\":\"https:\\\/\\\/www.temples-de-nubie.fr\\\/blog\\\/#\\\/schema\\\/logo\\\/image\\\/\",\"url\":\"https:\\\/\\\/www.temples-de-nubie.fr\\\/blog\\\/wp-content\\\/uploads\\\/2023\\\/09\\\/cropped-temple-2.jpg\",\"contentUrl\":\"https:\\\/\\\/www.temples-de-nubie.fr\\\/blog\\\/wp-content\\\/uploads\\\/2023\\\/09\\\/cropped-temple-2.jpg\",\"width\":971,\"height\":170,\"caption\":\"temples-de-nubie\"},\"image\":{\"@id\":\"https:\\\/\\\/www.temples-de-nubie.fr\\\/blog\\\/#\\\/schema\\\/logo\\\/image\\\/\"}},{\"@type\":\"Person\",\"@id\":\"https:\\\/\\\/www.temples-de-nubie.fr\\\/blog\\\/#\\\/schema\\\/person\\\/dc169e68726228008f8559d372397a09\",\"name\":\"Johana RIVET\",\"image\":{\"@type\":\"ImageObject\",\"inLanguage\":\"fr-FR\",\"@id\":\"https:\\\/\\\/secure.gravatar.com\\\/avatar\\\/4193b46a713fb7f0cc3d083cce5f3f81882137f825dedf603b244770965e799a?s=96&d=mm&r=g\",\"url\":\"https:\\\/\\\/secure.gravatar.com\\\/avatar\\\/4193b46a713fb7f0cc3d083cce5f3f81882137f825dedf603b244770965e799a?s=96&d=mm&r=g\",\"contentUrl\":\"https:\\\/\\\/secure.gravatar.com\\\/avatar\\\/4193b46a713fb7f0cc3d083cce5f3f81882137f825dedf603b244770965e799a?s=96&d=mm&r=g\",\"caption\":\"Johana RIVET\"},\"url\":\"https:\\\/\\\/www.temples-de-nubie.fr\\\/blog\\\/author\\\/biejohana\\\/\"}]}<\/script>\n<!-- \/ Yoast SEO plugin. -->","yoast_head_json":{"title":"Maccabiah 2025 lance avec de grands noms et une vision audacieuse - TEMPLES-DE-NUBIE","robots":{"index":"index","follow":"follow","max-snippet":"max-snippet:-1","max-image-preview":"max-image-preview:large","max-video-preview":"max-video-preview:-1"},"canonical":"https:\/\/www.temples-de-nubie.fr\/blog\/maccabiah-2025-lance-avec-de-grands-noms-et-une-vision-audacieuse\/","og_locale":"fr_FR","og_type":"article","og_title":"Maccabiah 2025 lance avec de grands noms et une vision audacieuse - TEMPLES-DE-NUBIE","og_description":"Le 2025 Maccabiah a officiellement d\u00e9but\u00e9 dimanche soir avec un \u00e9v\u00e9nement de lancement festif \u00e0 Kfar Maccabiah \u00e0 Ramat Gan, pr\u00e9parant le terrain pour ce que les organisateurs disent seront le Maccabiah le plus important et le plus significatif de l&rsquo;histoire. Pr\u00e9vu du 8 au 22 juillet, l&rsquo;\u00e9v\u00e9nement international de sport juif r\u00e9unira plus de [&hellip;]","og_url":"https:\/\/www.temples-de-nubie.fr\/blog\/maccabiah-2025-lance-avec-de-grands-noms-et-une-vision-audacieuse\/","og_site_name":"TEMPLES-DE-NUBIE","article_published_time":"2025-06-10T08:22:22+00:00","og_image":[{"url":"https:\/\/www.temples-de-nubie.fr\/blog\/wp-content\/uploads\/2025\/06\/maccabiah-2025-lance-avec-de-grands-noms-et-une-vision-audacieuse.jpg","type":"","width":"","height":""}],"author":"Johana RIVET","twitter_card":"summary_large_image","twitter_misc":{"\u00c9crit par":"Johana RIVET","Dur\u00e9e de lecture estim\u00e9e":"22 minutes"},"schema":{"@context":"https:\/\/schema.org","@graph":[{"@type":"Article","@id":"https:\/\/www.temples-de-nubie.fr\/blog\/maccabiah-2025-lance-avec-de-grands-noms-et-une-vision-audacieuse\/#article","isPartOf":{"@id":"https:\/\/www.temples-de-nubie.fr\/blog\/maccabiah-2025-lance-avec-de-grands-noms-et-une-vision-audacieuse\/"},"author":{"name":"Johana RIVET","@id":"https:\/\/www.temples-de-nubie.fr\/blog\/#\/schema\/person\/dc169e68726228008f8559d372397a09"},"headline":"Maccabiah 2025 lance avec de grands noms et une vision audacieuse","datePublished":"2025-06-10T08:22:22+00:00","mainEntityOfPage":{"@id":"https:\/\/www.temples-de-nubie.fr\/blog\/maccabiah-2025-lance-avec-de-grands-noms-et-une-vision-audacieuse\/"},"wordCount":4462,"publisher":{"@id":"https:\/\/www.temples-de-nubie.fr\/blog\/#organization"},"image":{"@id":"https:\/\/www.temples-de-nubie.fr\/blog\/maccabiah-2025-lance-avec-de-grands-noms-et-une-vision-audacieuse\/#primaryimage"},"thumbnailUrl":"https:\/\/www.temples-de-nubie.fr\/blog\/wp-content\/uploads\/2025\/06\/maccabiah-2025-lance-avec-de-grands-noms-et-une-vision-audacieuse.jpg","articleSection":["Informations Th\u00e8me Temples De Nubie.:"],"inLanguage":"fr-FR"},{"@type":"WebPage","@id":"https:\/\/www.temples-de-nubie.fr\/blog\/maccabiah-2025-lance-avec-de-grands-noms-et-une-vision-audacieuse\/","url":"https:\/\/www.temples-de-nubie.fr\/blog\/maccabiah-2025-lance-avec-de-grands-noms-et-une-vision-audacieuse\/","name":"Maccabiah 2025 lance avec de grands noms et une vision audacieuse - TEMPLES-DE-NUBIE","isPartOf":{"@id":"https:\/\/www.temples-de-nubie.fr\/blog\/#website"},"primaryImageOfPage":{"@id":"https:\/\/www.temples-de-nubie.fr\/blog\/maccabiah-2025-lance-avec-de-grands-noms-et-une-vision-audacieuse\/#primaryimage"},"image":{"@id":"https:\/\/www.temples-de-nubie.fr\/blog\/maccabiah-2025-lance-avec-de-grands-noms-et-une-vision-audacieuse\/#primaryimage"},"thumbnailUrl":"https:\/\/www.temples-de-nubie.fr\/blog\/wp-content\/uploads\/2025\/06\/maccabiah-2025-lance-avec-de-grands-noms-et-une-vision-audacieuse.jpg","datePublished":"2025-06-10T08:22:22+00:00","breadcrumb":{"@id":"https:\/\/www.temples-de-nubie.fr\/blog\/maccabiah-2025-lance-avec-de-grands-noms-et-une-vision-audacieuse\/#breadcrumb"},"inLanguage":"fr-FR","potentialAction":[{"@type":"ReadAction","target":["https:\/\/www.temples-de-nubie.fr\/blog\/maccabiah-2025-lance-avec-de-grands-noms-et-une-vision-audacieuse\/"]}]},{"@type":"ImageObject","inLanguage":"fr-FR","@id":"https:\/\/www.temples-de-nubie.fr\/blog\/maccabiah-2025-lance-avec-de-grands-noms-et-une-vision-audacieuse\/#primaryimage","url":"https:\/\/www.temples-de-nubie.fr\/blog\/wp-content\/uploads\/2025\/06\/maccabiah-2025-lance-avec-de-grands-noms-et-une-vision-audacieuse.jpg","contentUrl":"https:\/\/www.temples-de-nubie.fr\/blog\/wp-content\/uploads\/2025\/06\/maccabiah-2025-lance-avec-de-grands-noms-et-une-vision-audacieuse.jpg","width":2560,"height":1442},{"@type":"BreadcrumbList","@id":"https:\/\/www.temples-de-nubie.fr\/blog\/maccabiah-2025-lance-avec-de-grands-noms-et-une-vision-audacieuse\/#breadcrumb","itemListElement":[{"@type":"ListItem","position":1,"name":"Accueil","item":"https:\/\/www.temples-de-nubie.fr\/blog\/"},{"@type":"ListItem","position":2,"name":"Maccabiah 2025 lance avec de grands noms et une vision audacieuse"}]},{"@type":"WebSite","@id":"https:\/\/www.temples-de-nubie.fr\/blog\/#website","url":"https:\/\/www.temples-de-nubie.fr\/blog\/","name":"TEMPLES-DE-NUBIE","description":"Temples de Nubie.; conservations ressources, \u00e0 savoir et retenir.","publisher":{"@id":"https:\/\/www.temples-de-nubie.fr\/blog\/#organization"},"potentialAction":[{"@type":"SearchAction","target":{"@type":"EntryPoint","urlTemplate":"https:\/\/www.temples-de-nubie.fr\/blog\/?s={search_term_string}"},"query-input":{"@type":"PropertyValueSpecification","valueRequired":true,"valueName":"search_term_string"}}],"inLanguage":"fr-FR"},{"@type":"Organization","@id":"https:\/\/www.temples-de-nubie.fr\/blog\/#organization","name":"temples-de-nubie","url":"https:\/\/www.temples-de-nubie.fr\/blog\/","logo":{"@type":"ImageObject","inLanguage":"fr-FR","@id":"https:\/\/www.temples-de-nubie.fr\/blog\/#\/schema\/logo\/image\/","url":"https:\/\/www.temples-de-nubie.fr\/blog\/wp-content\/uploads\/2023\/09\/cropped-temple-2.jpg","contentUrl":"https:\/\/www.temples-de-nubie.fr\/blog\/wp-content\/uploads\/2023\/09\/cropped-temple-2.jpg","width":971,"height":170,"caption":"temples-de-nubie"},"image":{"@id":"https:\/\/www.temples-de-nubie.fr\/blog\/#\/schema\/logo\/image\/"}},{"@type":"Person","@id":"https:\/\/www.temples-de-nubie.fr\/blog\/#\/schema\/person\/dc169e68726228008f8559d372397a09","name":"Johana RIVET","image":{"@type":"ImageObject","inLanguage":"fr-FR","@id":"https:\/\/secure.gravatar.com\/avatar\/4193b46a713fb7f0cc3d083cce5f3f81882137f825dedf603b244770965e799a?s=96&d=mm&r=g","url":"https:\/\/secure.gravatar.com\/avatar\/4193b46a713fb7f0cc3d083cce5f3f81882137f825dedf603b244770965e799a?s=96&d=mm&r=g","contentUrl":"https:\/\/secure.gravatar.com\/avatar\/4193b46a713fb7f0cc3d083cce5f3f81882137f825dedf603b244770965e799a?s=96&d=mm&r=g","caption":"Johana RIVET"},"url":"https:\/\/www.temples-de-nubie.fr\/blog\/author\/biejohana\/"}]}},"_links":{"self":[{"href":"https:\/\/www.temples-de-nubie.fr\/blog\/wp-json\/wp\/v2\/posts\/169","targetHints":{"allow":["GET"]}}],"collection":[{"href":"https:\/\/www.temples-de-nubie.fr\/blog\/wp-json\/wp\/v2\/posts"}],"about":[{"href":"https:\/\/www.temples-de-nubie.fr\/blog\/wp-json\/wp\/v2\/types\/post"}],"author":[{"embeddable":true,"href":"https:\/\/www.temples-de-nubie.fr\/blog\/wp-json\/wp\/v2\/users\/3"}],"replies":[{"embeddable":true,"href":"https:\/\/www.temples-de-nubie.fr\/blog\/wp-json\/wp\/v2\/comments?post=169"}],"version-history":[{"count":0,"href":"https:\/\/www.temples-de-nubie.fr\/blog\/wp-json\/wp\/v2\/posts\/169\/revisions"}],"wp:featuredmedia":[{"embeddable":true,"href":"https:\/\/www.temples-de-nubie.fr\/blog\/wp-json\/wp\/v2\/media\/170"}],"wp:attachment":[{"href":"https:\/\/www.temples-de-nubie.fr\/blog\/wp-json\/wp\/v2\/media?parent=169"}],"wp:term":[{"taxonomy":"category","embeddable":true,"href":"https:\/\/www.temples-de-nubie.fr\/blog\/wp-json\/wp\/v2\/categories?post=169"},{"taxonomy":"post_tag","embeddable":true,"href":"https:\/\/www.temples-de-nubie.fr\/blog\/wp-json\/wp\/v2\/tags?post=169"}],"curies":[{"name":"wp","href":"https:\/\/api.w.org\/{rel}","templated":true}]}}