{"id":172,"date":"2025-06-24T17:17:10","date_gmt":"2025-06-24T15:17:10","guid":{"rendered":"https:\/\/www.site.cdcl.xyz\/2025\/06\/24\/site-non-coule-faire-vivre-le-patrimoine-culturel-immateriel\/"},"modified":"2025-06-24T17:17:10","modified_gmt":"2025-06-24T15:17:10","slug":"site-non-coule-faire-vivre-le-patrimoine-culturel-immateriel","status":"publish","type":"post","link":"https:\/\/www.temples-de-nubie.fr\/blog\/site-non-coule-faire-vivre-le-patrimoine-culturel-immateriel\/","title":{"rendered":"Site non coul\u00e9 faire \u00abvivre le patrimoine Culturel Immat\u00e9riel\u00bb"},"content":{"rendered":"\n<div id>\n<p>Artisanat, Musiques, Danses, F\u00eates, Carnavals, Cuisines, Jeux ou Encore Connaissances et pratiques li\u00e9s \u00e0 la nature\u2026 Le Patrimoine Culturel Immat\u00e9riel (PCI) \u2013 AUSSI APPEL\u00c9 G\u00e9n\u00e9ration en G\u00e9n\u00e9ration. \u00ab <em>Le Pci est sans Doute que la Culture Peut Offrir de Plus inclusif, Une Culture vers Tous et Surtout Faite Patme. Toutes ces pratiques culturelles parfois les plus quodigennes, les plus ancestrales constituant notre-bien.<\/em> \u00bb, R\u00c9SUME LA MINISTRE DE LA CULTURE RACHIDA DATI. Aujourd&rsquo;hui, 549 Sont inclut \u00e0 L&rsquo;Ant\u00e9ritaire National du Patrimoine Culturel Immat\u00e9riel, Lanc\u00e9 en 2008 et Pilot\u00e9 Par le Minist\u00e8re de la Culture pour Mieux Les Identificateur et les Prot\u00e9ger.<\/p>\n<p>Ces pratiques Sont ancr\u00e9s dans les territoires \u2013 notamment ruraux \u2013 et rythment la vie par voie locale \u00e0 travers les \u00e9v\u00e9nes. Elles Restrent N\u00e9anmoins M\u00e9connues M\u00eame Si Elles Font L&rsquo;Objet d&rsquo;Un Engouement du public, la demande de reconnaissance et de valorisation ne cessante de Cro\u00e8re. C&rsquo;EST ELLER R\u00c9PONDRE \u00c0 TOS CES ENCEUX Que le Minist\u00e8re A Lanc\u00e9 le 23 JUIN LE SITE \u00abVivre le Patrimoine Culturel Immat\u00e9riel\u00bb.<\/p>\n<div class=\" ibexa-embed-type-image\">\n<figure role=\"group\" aria-label=\"Damien Carles \/ MC \/ SIPA PRESS\" class=\"attribute-picture \">\n<div class>\n<img decoding=\"async\" src=\"https:\/\/www.temples-de-nubie.fr\/blog\/wp-content\/uploads\/2025\/06\/site-non-coule-faire-vivre-le-patrimoine-culturel-immateriel.jpg\" alt=\"Photo de la Ministre ASSISE SUR UNE CHAISE AU MILIEU D'AUTRES PERSONNES. Elle Parle Avec Sa Vorine de Gauche et Sourit.\" class=\"fr-responsive-img alias_Grande \" data-height=\"550 \" data-width=\"825 \">\n<\/div><figcaption class=\"fr-content-media__caption\">\n<p> Damien Carles \/ MC \/ SIPA Press <\/p>\n<\/figcaption><\/figure>\n<\/div>\n<h2>National de l&rsquo;agenda de l&rsquo;ONU, Porte d&rsquo;Entr\u00e9e sur la Diversiti du Pci<\/h2>\n<p>Sur Cette Plateforme, le Grand Public Va B\u00e9n\u00e9ficier D&rsquo;UN OUTIL IN\u00c9DIT: UN AGENDA NATIONAL ENTI\u00c9MENT D\u00c9DI\u00c9 AUX \u00c9V\u00c9N\u00c9S LI\u00c9S AU PCI. Il se pr\u00e9vente sous forme de carte permettant de localisateur les \u00e9v\u00e9nes pr\u00e8s de chez Soi. \u00ab <em>Il permettra \u00e0 chacun de trouvateur in\u00e9 occasionne de decouvrir et Surtout de vivre ce patrimoine. Ce s\u00e9rum unit\u00e9 de vitrine et surtout invitation car le pci est avant-part des relations de l&rsquo;unification, une mani\u00e8re de tisser les liens avec lestes et notre territoire<\/em> \u00bb, R\u00e9seaux Rachida Dati.<\/p>\n<p>Notamment des s\u00e9r\u00f4les R\u00e9pertori\u00e9s des Ateliers, Conf\u00e9rences, d\u00e9montrations, f\u00eates, expositions ou spectacles. Un Venir par Exemple le Festival de Gwoka de Sainte-Anne, le Plus Ancien de Guadeloupe, du 9 au 14 Juillet, ou Encore le Carnaval de Douai, du 6 au 8 Juillet. CET Agenda se veut collaboratif et s\u00e9rum aliment\u00e9 par ceux et cellules quivrent aU quotidien couler la pr\u00e9servation et la transmission de ces savoir-faire. \u00ab <em>Aux C\u00f4t\u00e9s des Mus\u00e9s, des Chercheurs, des Institutions, CE SONT AUSSI Celes et Ceux qui incarnent ce patrimoine Vivant par Leur Savoir-Faire que nous Mettons \u00e0 l&rsquo;Honneur. C&rsquo;est gr\u00e2ce \u00e0 eux que les pratiques et savoirs se perp\u00e9tuent, s&rsquo;inscrivent dans nos Vies et nos territoires<\/em> \u00bb, Sougnine Rachida Dati.<\/p>\n<p>A CET Agenda s&rsquo;ajoutent Plusieurs Reportages Photo et Vid\u00e9os Qui Pr\u00e9senteront Quelques Pratiques inclus \u00e0 L&rsquo;Antvenaire et Destin\u00e9s \u00e0 Faire Connaiter, De Mani\u00e8re \u00e0 la FOIS ACCESSIBLE ET RIGOUREUSE, CE PATRIMOINE DANS DANS SA SAOVERVANT TH\u00c9MATIQUE ENCHATE. CET Engagement Constitu\u00e9 L&rsquo;UNE DES MESURES PHARE DU PLAN CULTURE ET RURATI MORT RENFORCER LA VISIBIL\u00c9 DE CE PATRIMOINE \u00c0 L&rsquo;\u00c9CHELLE LOCALE, Nationale et Internationale.<\/p>\n<\/div>\n<p> Ce paragraphe parlant du sujet \u00ab\u00a0Temples de Nubie.\u00a0\u00bb a \u00e9t\u00e9 tri\u00e9 sur le web par les r\u00e9dacteurs de temples-de-nubie.fr. temples-de-nubie.fr est blog d&rsquo;information qui conserve des nouvelles publi\u00e9es sur le net dont le sujet central est \u00ab\u00a0Temples de Nubie.\u00a0\u00bb. La chronique se veut produite du mieux possible. Dans la mesure o\u00f9 vous d\u00e9sirez pr\u00e9senter des informations suppl\u00e9mentaires \u00e0 cet article sur le sujet \u00ab\u00a0Temples de Nubie.\u00a0\u00bb vous pouvez utiliser les coordonn\u00e9es affich\u00e9es sur ce site web. Il y a de pr\u00e9vu divers travaux autour du sujet \u00ab\u00a0Temples de Nubie.\u00a0\u00bb dans les jours \u00e0 venir, on vous invite \u00e0 naviguer sur notre site web \u00e0 plusieurs reprises.<\/p>\n","protected":false},"excerpt":{"rendered":"<p>Artisanat, Musiques, Danses, F\u00eates, Carnavals, Cuisines, Jeux ou Encore Connaissances et pratiques li\u00e9s \u00e0 la nature\u2026 Le Patrimoine Culturel Immat\u00e9riel (PCI) \u2013 AUSSI APPEL\u00c9 G\u00e9n\u00e9ration en G\u00e9n\u00e9ration. \u00ab Le Pci est sans Doute que la Culture Peut Offrir de Plus inclusif, Une Culture vers Tous et Surtout Faite Patme. Toutes ces pratiques culturelles parfois les [&hellip;]<\/p>\n","protected":false},"author":3,"featured_media":173,"comment_status":"closed","ping_status":"closed","sticky":false,"template":"","format":"standard","meta":{"footnotes":""},"categories":[4],"tags":[],"class_list":["post-172","post","type-post","status-publish","format-standard","has-post-thumbnail","hentry","category-informations-theme-temples-de-nubie"],"yoast_head":"<!-- This site is optimized with the Yoast SEO plugin v27.5 - https:\/\/yoast.com\/product\/yoast-seo-wordpress\/ -->\n<title>Site non coul\u00e9 faire \u00abvivre le patrimoine Culturel Immat\u00e9riel\u00bb - TEMPLES-DE-NUBIE<\/title>\n<meta name=\"robots\" content=\"index, follow, max-snippet:-1, max-image-preview:large, max-video-preview:-1\" \/>\n<link rel=\"canonical\" href=\"https:\/\/www.temples-de-nubie.fr\/blog\/site-non-coule-faire-vivre-le-patrimoine-culturel-immateriel\/\" \/>\n<meta property=\"og:locale\" content=\"fr_FR\" \/>\n<meta property=\"og:type\" content=\"article\" \/>\n<meta property=\"og:title\" content=\"Site non coul\u00e9 faire \u00abvivre le patrimoine Culturel Immat\u00e9riel\u00bb - TEMPLES-DE-NUBIE\" \/>\n<meta property=\"og:description\" content=\"Artisanat, Musiques, Danses, F\u00eates, Carnavals, Cuisines, Jeux ou Encore Connaissances et pratiques li\u00e9s \u00e0 la nature\u2026 Le Patrimoine Culturel Immat\u00e9riel (PCI) \u2013 AUSSI APPEL\u00c9 G\u00e9n\u00e9ration en G\u00e9n\u00e9ration. \u00ab Le Pci est sans Doute que la Culture Peut Offrir de Plus inclusif, Une Culture vers Tous et Surtout Faite Patme. Toutes ces pratiques culturelles parfois les [&hellip;]\" \/>\n<meta property=\"og:url\" content=\"https:\/\/www.temples-de-nubie.fr\/blog\/site-non-coule-faire-vivre-le-patrimoine-culturel-immateriel\/\" \/>\n<meta property=\"og:site_name\" content=\"TEMPLES-DE-NUBIE\" \/>\n<meta property=\"article:published_time\" content=\"2025-06-24T15:17:10+00:00\" \/>\n<meta property=\"og:image\" content=\"https:\/\/www.temples-de-nubie.fr\/blog\/wp-content\/uploads\/2025\/06\/site-non-coule-faire-vivre-le-patrimoine-culturel-immateriel.jpg\" \/>\n<meta name=\"author\" content=\"Johana RIVET\" \/>\n<meta name=\"twitter:card\" content=\"summary_large_image\" \/>\n<meta name=\"twitter:label1\" content=\"\u00c9crit par\" \/>\n\t<meta name=\"twitter:data1\" content=\"Johana RIVET\" \/>\n\t<meta name=\"twitter:label2\" content=\"Dur\u00e9e de lecture estim\u00e9e\" \/>\n\t<meta name=\"twitter:data2\" content=\"3 minutes\" \/>\n<script type=\"application\/ld+json\" class=\"yoast-schema-graph\">{\"@context\":\"https:\\\/\\\/schema.org\",\"@graph\":[{\"@type\":\"Article\",\"@id\":\"https:\\\/\\\/www.temples-de-nubie.fr\\\/blog\\\/site-non-coule-faire-vivre-le-patrimoine-culturel-immateriel\\\/#article\",\"isPartOf\":{\"@id\":\"https:\\\/\\\/www.temples-de-nubie.fr\\\/blog\\\/site-non-coule-faire-vivre-le-patrimoine-culturel-immateriel\\\/\"},\"author\":{\"name\":\"Johana RIVET\",\"@id\":\"https:\\\/\\\/www.temples-de-nubie.fr\\\/blog\\\/#\\\/schema\\\/person\\\/dc169e68726228008f8559d372397a09\"},\"headline\":\"Site non coul\u00e9 faire \u00abvivre le patrimoine Culturel Immat\u00e9riel\u00bb\",\"datePublished\":\"2025-06-24T15:17:10+00:00\",\"mainEntityOfPage\":{\"@id\":\"https:\\\/\\\/www.temples-de-nubie.fr\\\/blog\\\/site-non-coule-faire-vivre-le-patrimoine-culturel-immateriel\\\/\"},\"wordCount\":618,\"publisher\":{\"@id\":\"https:\\\/\\\/www.temples-de-nubie.fr\\\/blog\\\/#organization\"},\"image\":{\"@id\":\"https:\\\/\\\/www.temples-de-nubie.fr\\\/blog\\\/site-non-coule-faire-vivre-le-patrimoine-culturel-immateriel\\\/#primaryimage\"},\"thumbnailUrl\":\"https:\\\/\\\/www.temples-de-nubie.fr\\\/blog\\\/wp-content\\\/uploads\\\/2025\\\/06\\\/site-non-coule-faire-vivre-le-patrimoine-culturel-immateriel.jpg\",\"articleSection\":[\"Informations Th\u00e8me Temples De Nubie.:\"],\"inLanguage\":\"fr-FR\"},{\"@type\":\"WebPage\",\"@id\":\"https:\\\/\\\/www.temples-de-nubie.fr\\\/blog\\\/site-non-coule-faire-vivre-le-patrimoine-culturel-immateriel\\\/\",\"url\":\"https:\\\/\\\/www.temples-de-nubie.fr\\\/blog\\\/site-non-coule-faire-vivre-le-patrimoine-culturel-immateriel\\\/\",\"name\":\"Site non coul\u00e9 faire \u00abvivre le patrimoine Culturel Immat\u00e9riel\u00bb - TEMPLES-DE-NUBIE\",\"isPartOf\":{\"@id\":\"https:\\\/\\\/www.temples-de-nubie.fr\\\/blog\\\/#website\"},\"primaryImageOfPage\":{\"@id\":\"https:\\\/\\\/www.temples-de-nubie.fr\\\/blog\\\/site-non-coule-faire-vivre-le-patrimoine-culturel-immateriel\\\/#primaryimage\"},\"image\":{\"@id\":\"https:\\\/\\\/www.temples-de-nubie.fr\\\/blog\\\/site-non-coule-faire-vivre-le-patrimoine-culturel-immateriel\\\/#primaryimage\"},\"thumbnailUrl\":\"https:\\\/\\\/www.temples-de-nubie.fr\\\/blog\\\/wp-content\\\/uploads\\\/2025\\\/06\\\/site-non-coule-faire-vivre-le-patrimoine-culturel-immateriel.jpg\",\"datePublished\":\"2025-06-24T15:17:10+00:00\",\"breadcrumb\":{\"@id\":\"https:\\\/\\\/www.temples-de-nubie.fr\\\/blog\\\/site-non-coule-faire-vivre-le-patrimoine-culturel-immateriel\\\/#breadcrumb\"},\"inLanguage\":\"fr-FR\",\"potentialAction\":[{\"@type\":\"ReadAction\",\"target\":[\"https:\\\/\\\/www.temples-de-nubie.fr\\\/blog\\\/site-non-coule-faire-vivre-le-patrimoine-culturel-immateriel\\\/\"]}]},{\"@type\":\"ImageObject\",\"inLanguage\":\"fr-FR\",\"@id\":\"https:\\\/\\\/www.temples-de-nubie.fr\\\/blog\\\/site-non-coule-faire-vivre-le-patrimoine-culturel-immateriel\\\/#primaryimage\",\"url\":\"https:\\\/\\\/www.temples-de-nubie.fr\\\/blog\\\/wp-content\\\/uploads\\\/2025\\\/06\\\/site-non-coule-faire-vivre-le-patrimoine-culturel-immateriel.jpg\",\"contentUrl\":\"https:\\\/\\\/www.temples-de-nubie.fr\\\/blog\\\/wp-content\\\/uploads\\\/2025\\\/06\\\/site-non-coule-faire-vivre-le-patrimoine-culturel-immateriel.jpg\",\"width\":825,\"height\":550},{\"@type\":\"BreadcrumbList\",\"@id\":\"https:\\\/\\\/www.temples-de-nubie.fr\\\/blog\\\/site-non-coule-faire-vivre-le-patrimoine-culturel-immateriel\\\/#breadcrumb\",\"itemListElement\":[{\"@type\":\"ListItem\",\"position\":1,\"name\":\"Accueil\",\"item\":\"https:\\\/\\\/www.temples-de-nubie.fr\\\/blog\\\/\"},{\"@type\":\"ListItem\",\"position\":2,\"name\":\"Site non coul\u00e9 faire \u00abvivre le patrimoine Culturel Immat\u00e9riel\u00bb\"}]},{\"@type\":\"WebSite\",\"@id\":\"https:\\\/\\\/www.temples-de-nubie.fr\\\/blog\\\/#website\",\"url\":\"https:\\\/\\\/www.temples-de-nubie.fr\\\/blog\\\/\",\"name\":\"TEMPLES-DE-NUBIE\",\"description\":\"Temples de Nubie.; conservations ressources, \u00e0 savoir et retenir.\",\"publisher\":{\"@id\":\"https:\\\/\\\/www.temples-de-nubie.fr\\\/blog\\\/#organization\"},\"potentialAction\":[{\"@type\":\"SearchAction\",\"target\":{\"@type\":\"EntryPoint\",\"urlTemplate\":\"https:\\\/\\\/www.temples-de-nubie.fr\\\/blog\\\/?s={search_term_string}\"},\"query-input\":{\"@type\":\"PropertyValueSpecification\",\"valueRequired\":true,\"valueName\":\"search_term_string\"}}],\"inLanguage\":\"fr-FR\"},{\"@type\":\"Organization\",\"@id\":\"https:\\\/\\\/www.temples-de-nubie.fr\\\/blog\\\/#organization\",\"name\":\"temples-de-nubie\",\"url\":\"https:\\\/\\\/www.temples-de-nubie.fr\\\/blog\\\/\",\"logo\":{\"@type\":\"ImageObject\",\"inLanguage\":\"fr-FR\",\"@id\":\"https:\\\/\\\/www.temples-de-nubie.fr\\\/blog\\\/#\\\/schema\\\/logo\\\/image\\\/\",\"url\":\"https:\\\/\\\/www.temples-de-nubie.fr\\\/blog\\\/wp-content\\\/uploads\\\/2023\\\/09\\\/cropped-temple-2.jpg\",\"contentUrl\":\"https:\\\/\\\/www.temples-de-nubie.fr\\\/blog\\\/wp-content\\\/uploads\\\/2023\\\/09\\\/cropped-temple-2.jpg\",\"width\":971,\"height\":170,\"caption\":\"temples-de-nubie\"},\"image\":{\"@id\":\"https:\\\/\\\/www.temples-de-nubie.fr\\\/blog\\\/#\\\/schema\\\/logo\\\/image\\\/\"}},{\"@type\":\"Person\",\"@id\":\"https:\\\/\\\/www.temples-de-nubie.fr\\\/blog\\\/#\\\/schema\\\/person\\\/dc169e68726228008f8559d372397a09\",\"name\":\"Johana RIVET\",\"image\":{\"@type\":\"ImageObject\",\"inLanguage\":\"fr-FR\",\"@id\":\"https:\\\/\\\/secure.gravatar.com\\\/avatar\\\/4193b46a713fb7f0cc3d083cce5f3f81882137f825dedf603b244770965e799a?s=96&d=mm&r=g\",\"url\":\"https:\\\/\\\/secure.gravatar.com\\\/avatar\\\/4193b46a713fb7f0cc3d083cce5f3f81882137f825dedf603b244770965e799a?s=96&d=mm&r=g\",\"contentUrl\":\"https:\\\/\\\/secure.gravatar.com\\\/avatar\\\/4193b46a713fb7f0cc3d083cce5f3f81882137f825dedf603b244770965e799a?s=96&d=mm&r=g\",\"caption\":\"Johana RIVET\"},\"url\":\"https:\\\/\\\/www.temples-de-nubie.fr\\\/blog\\\/author\\\/biejohana\\\/\"}]}<\/script>\n<!-- \/ Yoast SEO plugin. -->","yoast_head_json":{"title":"Site non coul\u00e9 faire \u00abvivre le patrimoine Culturel Immat\u00e9riel\u00bb - TEMPLES-DE-NUBIE","robots":{"index":"index","follow":"follow","max-snippet":"max-snippet:-1","max-image-preview":"max-image-preview:large","max-video-preview":"max-video-preview:-1"},"canonical":"https:\/\/www.temples-de-nubie.fr\/blog\/site-non-coule-faire-vivre-le-patrimoine-culturel-immateriel\/","og_locale":"fr_FR","og_type":"article","og_title":"Site non coul\u00e9 faire \u00abvivre le patrimoine Culturel Immat\u00e9riel\u00bb - TEMPLES-DE-NUBIE","og_description":"Artisanat, Musiques, Danses, F\u00eates, Carnavals, Cuisines, Jeux ou Encore Connaissances et pratiques li\u00e9s \u00e0 la nature\u2026 Le Patrimoine Culturel Immat\u00e9riel (PCI) \u2013 AUSSI APPEL\u00c9 G\u00e9n\u00e9ration en G\u00e9n\u00e9ration. \u00ab Le Pci est sans Doute que la Culture Peut Offrir de Plus inclusif, Une Culture vers Tous et Surtout Faite Patme. Toutes ces pratiques culturelles parfois les [&hellip;]","og_url":"https:\/\/www.temples-de-nubie.fr\/blog\/site-non-coule-faire-vivre-le-patrimoine-culturel-immateriel\/","og_site_name":"TEMPLES-DE-NUBIE","article_published_time":"2025-06-24T15:17:10+00:00","og_image":[{"url":"https:\/\/www.temples-de-nubie.fr\/blog\/wp-content\/uploads\/2025\/06\/site-non-coule-faire-vivre-le-patrimoine-culturel-immateriel.jpg","type":"","width":"","height":""}],"author":"Johana RIVET","twitter_card":"summary_large_image","twitter_misc":{"\u00c9crit par":"Johana RIVET","Dur\u00e9e de lecture estim\u00e9e":"3 minutes"},"schema":{"@context":"https:\/\/schema.org","@graph":[{"@type":"Article","@id":"https:\/\/www.temples-de-nubie.fr\/blog\/site-non-coule-faire-vivre-le-patrimoine-culturel-immateriel\/#article","isPartOf":{"@id":"https:\/\/www.temples-de-nubie.fr\/blog\/site-non-coule-faire-vivre-le-patrimoine-culturel-immateriel\/"},"author":{"name":"Johana RIVET","@id":"https:\/\/www.temples-de-nubie.fr\/blog\/#\/schema\/person\/dc169e68726228008f8559d372397a09"},"headline":"Site non coul\u00e9 faire \u00abvivre le patrimoine Culturel Immat\u00e9riel\u00bb","datePublished":"2025-06-24T15:17:10+00:00","mainEntityOfPage":{"@id":"https:\/\/www.temples-de-nubie.fr\/blog\/site-non-coule-faire-vivre-le-patrimoine-culturel-immateriel\/"},"wordCount":618,"publisher":{"@id":"https:\/\/www.temples-de-nubie.fr\/blog\/#organization"},"image":{"@id":"https:\/\/www.temples-de-nubie.fr\/blog\/site-non-coule-faire-vivre-le-patrimoine-culturel-immateriel\/#primaryimage"},"thumbnailUrl":"https:\/\/www.temples-de-nubie.fr\/blog\/wp-content\/uploads\/2025\/06\/site-non-coule-faire-vivre-le-patrimoine-culturel-immateriel.jpg","articleSection":["Informations Th\u00e8me Temples De Nubie.:"],"inLanguage":"fr-FR"},{"@type":"WebPage","@id":"https:\/\/www.temples-de-nubie.fr\/blog\/site-non-coule-faire-vivre-le-patrimoine-culturel-immateriel\/","url":"https:\/\/www.temples-de-nubie.fr\/blog\/site-non-coule-faire-vivre-le-patrimoine-culturel-immateriel\/","name":"Site non coul\u00e9 faire \u00abvivre le patrimoine Culturel Immat\u00e9riel\u00bb - TEMPLES-DE-NUBIE","isPartOf":{"@id":"https:\/\/www.temples-de-nubie.fr\/blog\/#website"},"primaryImageOfPage":{"@id":"https:\/\/www.temples-de-nubie.fr\/blog\/site-non-coule-faire-vivre-le-patrimoine-culturel-immateriel\/#primaryimage"},"image":{"@id":"https:\/\/www.temples-de-nubie.fr\/blog\/site-non-coule-faire-vivre-le-patrimoine-culturel-immateriel\/#primaryimage"},"thumbnailUrl":"https:\/\/www.temples-de-nubie.fr\/blog\/wp-content\/uploads\/2025\/06\/site-non-coule-faire-vivre-le-patrimoine-culturel-immateriel.jpg","datePublished":"2025-06-24T15:17:10+00:00","breadcrumb":{"@id":"https:\/\/www.temples-de-nubie.fr\/blog\/site-non-coule-faire-vivre-le-patrimoine-culturel-immateriel\/#breadcrumb"},"inLanguage":"fr-FR","potentialAction":[{"@type":"ReadAction","target":["https:\/\/www.temples-de-nubie.fr\/blog\/site-non-coule-faire-vivre-le-patrimoine-culturel-immateriel\/"]}]},{"@type":"ImageObject","inLanguage":"fr-FR","@id":"https:\/\/www.temples-de-nubie.fr\/blog\/site-non-coule-faire-vivre-le-patrimoine-culturel-immateriel\/#primaryimage","url":"https:\/\/www.temples-de-nubie.fr\/blog\/wp-content\/uploads\/2025\/06\/site-non-coule-faire-vivre-le-patrimoine-culturel-immateriel.jpg","contentUrl":"https:\/\/www.temples-de-nubie.fr\/blog\/wp-content\/uploads\/2025\/06\/site-non-coule-faire-vivre-le-patrimoine-culturel-immateriel.jpg","width":825,"height":550},{"@type":"BreadcrumbList","@id":"https:\/\/www.temples-de-nubie.fr\/blog\/site-non-coule-faire-vivre-le-patrimoine-culturel-immateriel\/#breadcrumb","itemListElement":[{"@type":"ListItem","position":1,"name":"Accueil","item":"https:\/\/www.temples-de-nubie.fr\/blog\/"},{"@type":"ListItem","position":2,"name":"Site non coul\u00e9 faire \u00abvivre le patrimoine Culturel Immat\u00e9riel\u00bb"}]},{"@type":"WebSite","@id":"https:\/\/www.temples-de-nubie.fr\/blog\/#website","url":"https:\/\/www.temples-de-nubie.fr\/blog\/","name":"TEMPLES-DE-NUBIE","description":"Temples de Nubie.; conservations ressources, \u00e0 savoir et retenir.","publisher":{"@id":"https:\/\/www.temples-de-nubie.fr\/blog\/#organization"},"potentialAction":[{"@type":"SearchAction","target":{"@type":"EntryPoint","urlTemplate":"https:\/\/www.temples-de-nubie.fr\/blog\/?s={search_term_string}"},"query-input":{"@type":"PropertyValueSpecification","valueRequired":true,"valueName":"search_term_string"}}],"inLanguage":"fr-FR"},{"@type":"Organization","@id":"https:\/\/www.temples-de-nubie.fr\/blog\/#organization","name":"temples-de-nubie","url":"https:\/\/www.temples-de-nubie.fr\/blog\/","logo":{"@type":"ImageObject","inLanguage":"fr-FR","@id":"https:\/\/www.temples-de-nubie.fr\/blog\/#\/schema\/logo\/image\/","url":"https:\/\/www.temples-de-nubie.fr\/blog\/wp-content\/uploads\/2023\/09\/cropped-temple-2.jpg","contentUrl":"https:\/\/www.temples-de-nubie.fr\/blog\/wp-content\/uploads\/2023\/09\/cropped-temple-2.jpg","width":971,"height":170,"caption":"temples-de-nubie"},"image":{"@id":"https:\/\/www.temples-de-nubie.fr\/blog\/#\/schema\/logo\/image\/"}},{"@type":"Person","@id":"https:\/\/www.temples-de-nubie.fr\/blog\/#\/schema\/person\/dc169e68726228008f8559d372397a09","name":"Johana RIVET","image":{"@type":"ImageObject","inLanguage":"fr-FR","@id":"https:\/\/secure.gravatar.com\/avatar\/4193b46a713fb7f0cc3d083cce5f3f81882137f825dedf603b244770965e799a?s=96&d=mm&r=g","url":"https:\/\/secure.gravatar.com\/avatar\/4193b46a713fb7f0cc3d083cce5f3f81882137f825dedf603b244770965e799a?s=96&d=mm&r=g","contentUrl":"https:\/\/secure.gravatar.com\/avatar\/4193b46a713fb7f0cc3d083cce5f3f81882137f825dedf603b244770965e799a?s=96&d=mm&r=g","caption":"Johana RIVET"},"url":"https:\/\/www.temples-de-nubie.fr\/blog\/author\/biejohana\/"}]}},"_links":{"self":[{"href":"https:\/\/www.temples-de-nubie.fr\/blog\/wp-json\/wp\/v2\/posts\/172","targetHints":{"allow":["GET"]}}],"collection":[{"href":"https:\/\/www.temples-de-nubie.fr\/blog\/wp-json\/wp\/v2\/posts"}],"about":[{"href":"https:\/\/www.temples-de-nubie.fr\/blog\/wp-json\/wp\/v2\/types\/post"}],"author":[{"embeddable":true,"href":"https:\/\/www.temples-de-nubie.fr\/blog\/wp-json\/wp\/v2\/users\/3"}],"replies":[{"embeddable":true,"href":"https:\/\/www.temples-de-nubie.fr\/blog\/wp-json\/wp\/v2\/comments?post=172"}],"version-history":[{"count":0,"href":"https:\/\/www.temples-de-nubie.fr\/blog\/wp-json\/wp\/v2\/posts\/172\/revisions"}],"wp:featuredmedia":[{"embeddable":true,"href":"https:\/\/www.temples-de-nubie.fr\/blog\/wp-json\/wp\/v2\/media\/173"}],"wp:attachment":[{"href":"https:\/\/www.temples-de-nubie.fr\/blog\/wp-json\/wp\/v2\/media?parent=172"}],"wp:term":[{"taxonomy":"category","embeddable":true,"href":"https:\/\/www.temples-de-nubie.fr\/blog\/wp-json\/wp\/v2\/categories?post=172"},{"taxonomy":"post_tag","embeddable":true,"href":"https:\/\/www.temples-de-nubie.fr\/blog\/wp-json\/wp\/v2\/tags?post=172"}],"curies":[{"name":"wp","href":"https:\/\/api.w.org\/{rel}","templated":true}]}}