{"id":188,"date":"2025-09-19T22:31:00","date_gmt":"2025-09-19T20:31:00","guid":{"rendered":"https:\/\/www.site.cdcl.xyz\/2025\/09\/19\/les-journees-du-patrimoine-a-lyon-a-travers-des-parcours\/"},"modified":"2025-09-19T22:31:00","modified_gmt":"2025-09-19T20:31:00","slug":"les-journees-du-patrimoine-a-lyon-a-travers-des-parcours","status":"publish","type":"post","link":"https:\/\/www.temples-de-nubie.fr\/blog\/les-journees-du-patrimoine-a-lyon-a-travers-des-parcours\/","title":{"rendered":"Les Journees du Patrimoine \u00e0 Lyon \u00e0 Travers des Parcours"},"content":{"rendered":"\n<div> <img decoding=\"async\" width=\"886\" height=\"553\" class=\"attachment-article size-article wp-post-image lazyload\" alt=\"Les-Journees-du-Patrimoine-a-Lyon-a-Travers-des-Parcours\" src=\"https:\/\/www.temples-de-nubie.fr\/blog\/wp-content\/uploads\/2025\/09\/les-journees-du-patrimoine-a-lyon-a-travers-des-parcours.jpg\" data-eio-rwidth=\"886\" data-eio-rheight=\"553\"><img decoding=\"async\" width=\"886\" height=\"553\" src=\"https:\/\/www.temples-de-nubie.fr\/blog\/wp-content\/uploads\/2025\/09\/les-journees-du-patrimoine-a-lyon-a-travers-des-parcours.jpg\" class=\"attachment-article size-article wp-post-image\" alt=\"Les-Journees-du-Patrimoine-a-Lyon-a-Travers-des-Parcours\" data-eio=\"l\"><\/p>\n<p>H\u00f4tel de Ville de Lyon. @Williampham<\/p>\n<\/div>\n<div>\n<div>\n<p class=\"content\">CE Week-End du 20 et 21 septembre, Lors des Journees Europ\u00e9ennes du Patrimoine, La Mh\u00e9tropole de Lyon Proposer des plusieurs Parcours Th\u00e9matiques pour D\u00e9couvrir la Ville de Mille et Une Fa\u00e7ons DiFf\u00e9rentes. <\/p>\n<\/div>\n<p>CE Week-End, Ouvrez Grand Vos Mirettes. Les Journies Europ\u00e9ennes du Patrimoine se tiensent \u00e0 Lyon Avec pour la th\u00e9matique le Patrimoine Architectural. Plus de 300 activites sont proposes tout au long du week-end. Et pour (re) d\u00e9couvrir la ville de fa\u00e7ons diff\u00e9rentes, La Mh\u00e9tropole de Lyon propose onze parcours th\u00e9matiques pour les creux vous votre sortie. <\/p>\n<p><strong>Les Femmes, La Nature, OU SENCORE LE Spectacle Vivant \u00e0 l&rsquo;Honneur<\/strong><\/p>\n<p>Vous Pensez Connautre Lyon par Coeur? FAItes le test des diff\u00e9rences parcours parcours. AU-Del\u00e0 des visites les classiques, onze itin\u00e9raires invitet Les Lyonnais \u00e0 l&rsquo;explorateur la ville sous les angles vari\u00e9s. <\/p>\n<p>Le ParCours Matrimoine Met en Avant L&rsquo;H\u00e9ritage des Femmes LongTemps Resets dans L&rsquo;Ombre. Le ParCours Nature Offre Quant \u00e0 Lui un Souffle d&rsquo;Air Frais au Coeur de la M\u00c9TROPOLE. Le Parcours insolite propose de decouvrir la ville hors des sentiers battus \u00e0 travers des travers des lies meconnus, des anecdotes surprenantes et des visites originales. D&rsquo;autres Parque, M\u00e9d\u00e9cine, spectacle vivant, patrimoine religoyux, science et eau Sont \u00e0 d\u00e9covrir lors de ces deux Journ\u00e9es. <\/p>\n<p>ALORS QUE VOUR SOYEZ SEUL, EN FAMILLE, AMOUREUX DE LA NATURE, INT\u00c9RESSES PAR DES R\u00c9CITS OUBLIESU OU AMATEUR D&rsquo;ISTOIRES INSOLITES, LES JOURES DU PATRIMOINE SAIT R\u00c9PONDRE \u00c0 TOUTES LES CURIOS\u00c9S. <\/p>\n<p>Plus d&rsquo;informations sur les parcours: <\/p>\n<\/div>\n<p> Ce paragraphe parlant du sujet \u00ab\u00a0Temples de Nubie.\u00a0\u00bb a \u00e9t\u00e9 tri\u00e9 sur le web par les r\u00e9dacteurs de temples-de-nubie.fr. temples-de-nubie.fr est blog d&rsquo;information qui conserve des nouvelles publi\u00e9es sur le net dont le sujet central est \u00ab\u00a0Temples de Nubie.\u00a0\u00bb. La chronique se veut produite du mieux possible. Dans la mesure o\u00f9 vous d\u00e9sirez pr\u00e9senter des informations suppl\u00e9mentaires \u00e0 cet article sur le sujet \u00ab\u00a0Temples de Nubie.\u00a0\u00bb vous pouvez utiliser les coordonn\u00e9es affich\u00e9es sur ce site web. Il y a de pr\u00e9vu divers travaux autour du sujet \u00ab\u00a0Temples de Nubie.\u00a0\u00bb dans les jours \u00e0 venir, on vous invite \u00e0 naviguer sur notre site web \u00e0 plusieurs reprises.<\/p>\n","protected":false},"excerpt":{"rendered":"<p>H\u00f4tel de Ville de Lyon. @Williampham CE Week-End du 20 et 21 septembre, Lors des Journees Europ\u00e9ennes du Patrimoine, La Mh\u00e9tropole de Lyon Proposer des plusieurs Parcours Th\u00e9matiques pour D\u00e9couvrir la Ville de Mille et Une Fa\u00e7ons DiFf\u00e9rentes. CE Week-End, Ouvrez Grand Vos Mirettes. Les Journies Europ\u00e9ennes du Patrimoine se tiensent \u00e0 Lyon Avec pour [&hellip;]<\/p>\n","protected":false},"author":3,"featured_media":189,"comment_status":"closed","ping_status":"closed","sticky":false,"template":"","format":"standard","meta":{"footnotes":""},"categories":[4],"tags":[],"class_list":["post-188","post","type-post","status-publish","format-standard","has-post-thumbnail","hentry","category-informations-theme-temples-de-nubie"],"yoast_head":"<!-- This site is optimized with the Yoast SEO plugin v27.5 - https:\/\/yoast.com\/product\/yoast-seo-wordpress\/ -->\n<title>Les Journees du Patrimoine \u00e0 Lyon \u00e0 Travers des Parcours - TEMPLES-DE-NUBIE<\/title>\n<meta name=\"robots\" content=\"index, follow, max-snippet:-1, max-image-preview:large, max-video-preview:-1\" \/>\n<link rel=\"canonical\" href=\"https:\/\/www.temples-de-nubie.fr\/blog\/les-journees-du-patrimoine-a-lyon-a-travers-des-parcours\/\" \/>\n<meta property=\"og:locale\" content=\"fr_FR\" \/>\n<meta property=\"og:type\" content=\"article\" \/>\n<meta property=\"og:title\" content=\"Les Journees du Patrimoine \u00e0 Lyon \u00e0 Travers des Parcours - TEMPLES-DE-NUBIE\" \/>\n<meta property=\"og:description\" content=\"H\u00f4tel de Ville de Lyon. @Williampham CE Week-End du 20 et 21 septembre, Lors des Journees Europ\u00e9ennes du Patrimoine, La Mh\u00e9tropole de Lyon Proposer des plusieurs Parcours Th\u00e9matiques pour D\u00e9couvrir la Ville de Mille et Une Fa\u00e7ons DiFf\u00e9rentes. CE Week-End, Ouvrez Grand Vos Mirettes. Les Journies Europ\u00e9ennes du Patrimoine se tiensent \u00e0 Lyon Avec pour [&hellip;]\" \/>\n<meta property=\"og:url\" content=\"https:\/\/www.temples-de-nubie.fr\/blog\/les-journees-du-patrimoine-a-lyon-a-travers-des-parcours\/\" \/>\n<meta property=\"og:site_name\" content=\"TEMPLES-DE-NUBIE\" \/>\n<meta property=\"article:published_time\" content=\"2025-09-19T20:31:00+00:00\" \/>\n<meta property=\"og:image\" content=\"https:\/\/www.temples-de-nubie.fr\/blog\/wp-content\/uploads\/2025\/09\/les-journees-du-patrimoine-a-lyon-a-travers-des-parcours.jpg\" \/>\n<meta name=\"author\" content=\"Johana RIVET\" \/>\n<meta name=\"twitter:card\" content=\"summary_large_image\" \/>\n<meta name=\"twitter:label1\" content=\"\u00c9crit par\" \/>\n\t<meta name=\"twitter:data1\" content=\"Johana RIVET\" \/>\n\t<meta name=\"twitter:label2\" content=\"Dur\u00e9e de lecture estim\u00e9e\" \/>\n\t<meta name=\"twitter:data2\" content=\"2 minutes\" \/>\n<script type=\"application\/ld+json\" class=\"yoast-schema-graph\">{\"@context\":\"https:\\\/\\\/schema.org\",\"@graph\":[{\"@type\":\"Article\",\"@id\":\"https:\\\/\\\/www.temples-de-nubie.fr\\\/blog\\\/les-journees-du-patrimoine-a-lyon-a-travers-des-parcours\\\/#article\",\"isPartOf\":{\"@id\":\"https:\\\/\\\/www.temples-de-nubie.fr\\\/blog\\\/les-journees-du-patrimoine-a-lyon-a-travers-des-parcours\\\/\"},\"author\":{\"name\":\"Johana RIVET\",\"@id\":\"https:\\\/\\\/www.temples-de-nubie.fr\\\/blog\\\/#\\\/schema\\\/person\\\/dc169e68726228008f8559d372397a09\"},\"headline\":\"Les Journees du Patrimoine \u00e0 Lyon \u00e0 Travers des Parcours\",\"datePublished\":\"2025-09-19T20:31:00+00:00\",\"mainEntityOfPage\":{\"@id\":\"https:\\\/\\\/www.temples-de-nubie.fr\\\/blog\\\/les-journees-du-patrimoine-a-lyon-a-travers-des-parcours\\\/\"},\"wordCount\":390,\"publisher\":{\"@id\":\"https:\\\/\\\/www.temples-de-nubie.fr\\\/blog\\\/#organization\"},\"image\":{\"@id\":\"https:\\\/\\\/www.temples-de-nubie.fr\\\/blog\\\/les-journees-du-patrimoine-a-lyon-a-travers-des-parcours\\\/#primaryimage\"},\"thumbnailUrl\":\"https:\\\/\\\/www.temples-de-nubie.fr\\\/blog\\\/wp-content\\\/uploads\\\/2025\\\/09\\\/les-journees-du-patrimoine-a-lyon-a-travers-des-parcours.jpg\",\"articleSection\":[\"Informations Th\u00e8me Temples De Nubie.:\"],\"inLanguage\":\"fr-FR\"},{\"@type\":\"WebPage\",\"@id\":\"https:\\\/\\\/www.temples-de-nubie.fr\\\/blog\\\/les-journees-du-patrimoine-a-lyon-a-travers-des-parcours\\\/\",\"url\":\"https:\\\/\\\/www.temples-de-nubie.fr\\\/blog\\\/les-journees-du-patrimoine-a-lyon-a-travers-des-parcours\\\/\",\"name\":\"Les Journees du Patrimoine \u00e0 Lyon \u00e0 Travers des Parcours - TEMPLES-DE-NUBIE\",\"isPartOf\":{\"@id\":\"https:\\\/\\\/www.temples-de-nubie.fr\\\/blog\\\/#website\"},\"primaryImageOfPage\":{\"@id\":\"https:\\\/\\\/www.temples-de-nubie.fr\\\/blog\\\/les-journees-du-patrimoine-a-lyon-a-travers-des-parcours\\\/#primaryimage\"},\"image\":{\"@id\":\"https:\\\/\\\/www.temples-de-nubie.fr\\\/blog\\\/les-journees-du-patrimoine-a-lyon-a-travers-des-parcours\\\/#primaryimage\"},\"thumbnailUrl\":\"https:\\\/\\\/www.temples-de-nubie.fr\\\/blog\\\/wp-content\\\/uploads\\\/2025\\\/09\\\/les-journees-du-patrimoine-a-lyon-a-travers-des-parcours.jpg\",\"datePublished\":\"2025-09-19T20:31:00+00:00\",\"breadcrumb\":{\"@id\":\"https:\\\/\\\/www.temples-de-nubie.fr\\\/blog\\\/les-journees-du-patrimoine-a-lyon-a-travers-des-parcours\\\/#breadcrumb\"},\"inLanguage\":\"fr-FR\",\"potentialAction\":[{\"@type\":\"ReadAction\",\"target\":[\"https:\\\/\\\/www.temples-de-nubie.fr\\\/blog\\\/les-journees-du-patrimoine-a-lyon-a-travers-des-parcours\\\/\"]}]},{\"@type\":\"ImageObject\",\"inLanguage\":\"fr-FR\",\"@id\":\"https:\\\/\\\/www.temples-de-nubie.fr\\\/blog\\\/les-journees-du-patrimoine-a-lyon-a-travers-des-parcours\\\/#primaryimage\",\"url\":\"https:\\\/\\\/www.temples-de-nubie.fr\\\/blog\\\/wp-content\\\/uploads\\\/2025\\\/09\\\/les-journees-du-patrimoine-a-lyon-a-travers-des-parcours.jpg\",\"contentUrl\":\"https:\\\/\\\/www.temples-de-nubie.fr\\\/blog\\\/wp-content\\\/uploads\\\/2025\\\/09\\\/les-journees-du-patrimoine-a-lyon-a-travers-des-parcours.jpg\",\"width\":886,\"height\":553},{\"@type\":\"BreadcrumbList\",\"@id\":\"https:\\\/\\\/www.temples-de-nubie.fr\\\/blog\\\/les-journees-du-patrimoine-a-lyon-a-travers-des-parcours\\\/#breadcrumb\",\"itemListElement\":[{\"@type\":\"ListItem\",\"position\":1,\"name\":\"Accueil\",\"item\":\"https:\\\/\\\/www.temples-de-nubie.fr\\\/blog\\\/\"},{\"@type\":\"ListItem\",\"position\":2,\"name\":\"Les Journees du Patrimoine \u00e0 Lyon \u00e0 Travers des Parcours\"}]},{\"@type\":\"WebSite\",\"@id\":\"https:\\\/\\\/www.temples-de-nubie.fr\\\/blog\\\/#website\",\"url\":\"https:\\\/\\\/www.temples-de-nubie.fr\\\/blog\\\/\",\"name\":\"TEMPLES-DE-NUBIE\",\"description\":\"Temples de Nubie.; conservations ressources, \u00e0 savoir et retenir.\",\"publisher\":{\"@id\":\"https:\\\/\\\/www.temples-de-nubie.fr\\\/blog\\\/#organization\"},\"potentialAction\":[{\"@type\":\"SearchAction\",\"target\":{\"@type\":\"EntryPoint\",\"urlTemplate\":\"https:\\\/\\\/www.temples-de-nubie.fr\\\/blog\\\/?s={search_term_string}\"},\"query-input\":{\"@type\":\"PropertyValueSpecification\",\"valueRequired\":true,\"valueName\":\"search_term_string\"}}],\"inLanguage\":\"fr-FR\"},{\"@type\":\"Organization\",\"@id\":\"https:\\\/\\\/www.temples-de-nubie.fr\\\/blog\\\/#organization\",\"name\":\"temples-de-nubie\",\"url\":\"https:\\\/\\\/www.temples-de-nubie.fr\\\/blog\\\/\",\"logo\":{\"@type\":\"ImageObject\",\"inLanguage\":\"fr-FR\",\"@id\":\"https:\\\/\\\/www.temples-de-nubie.fr\\\/blog\\\/#\\\/schema\\\/logo\\\/image\\\/\",\"url\":\"https:\\\/\\\/www.temples-de-nubie.fr\\\/blog\\\/wp-content\\\/uploads\\\/2023\\\/09\\\/cropped-temple-2.jpg\",\"contentUrl\":\"https:\\\/\\\/www.temples-de-nubie.fr\\\/blog\\\/wp-content\\\/uploads\\\/2023\\\/09\\\/cropped-temple-2.jpg\",\"width\":971,\"height\":170,\"caption\":\"temples-de-nubie\"},\"image\":{\"@id\":\"https:\\\/\\\/www.temples-de-nubie.fr\\\/blog\\\/#\\\/schema\\\/logo\\\/image\\\/\"}},{\"@type\":\"Person\",\"@id\":\"https:\\\/\\\/www.temples-de-nubie.fr\\\/blog\\\/#\\\/schema\\\/person\\\/dc169e68726228008f8559d372397a09\",\"name\":\"Johana RIVET\",\"image\":{\"@type\":\"ImageObject\",\"inLanguage\":\"fr-FR\",\"@id\":\"https:\\\/\\\/secure.gravatar.com\\\/avatar\\\/4193b46a713fb7f0cc3d083cce5f3f81882137f825dedf603b244770965e799a?s=96&d=mm&r=g\",\"url\":\"https:\\\/\\\/secure.gravatar.com\\\/avatar\\\/4193b46a713fb7f0cc3d083cce5f3f81882137f825dedf603b244770965e799a?s=96&d=mm&r=g\",\"contentUrl\":\"https:\\\/\\\/secure.gravatar.com\\\/avatar\\\/4193b46a713fb7f0cc3d083cce5f3f81882137f825dedf603b244770965e799a?s=96&d=mm&r=g\",\"caption\":\"Johana RIVET\"},\"url\":\"https:\\\/\\\/www.temples-de-nubie.fr\\\/blog\\\/author\\\/biejohana\\\/\"}]}<\/script>\n<!-- \/ Yoast SEO plugin. -->","yoast_head_json":{"title":"Les Journees du Patrimoine \u00e0 Lyon \u00e0 Travers des Parcours - TEMPLES-DE-NUBIE","robots":{"index":"index","follow":"follow","max-snippet":"max-snippet:-1","max-image-preview":"max-image-preview:large","max-video-preview":"max-video-preview:-1"},"canonical":"https:\/\/www.temples-de-nubie.fr\/blog\/les-journees-du-patrimoine-a-lyon-a-travers-des-parcours\/","og_locale":"fr_FR","og_type":"article","og_title":"Les Journees du Patrimoine \u00e0 Lyon \u00e0 Travers des Parcours - TEMPLES-DE-NUBIE","og_description":"H\u00f4tel de Ville de Lyon. @Williampham CE Week-End du 20 et 21 septembre, Lors des Journees Europ\u00e9ennes du Patrimoine, La Mh\u00e9tropole de Lyon Proposer des plusieurs Parcours Th\u00e9matiques pour D\u00e9couvrir la Ville de Mille et Une Fa\u00e7ons DiFf\u00e9rentes. CE Week-End, Ouvrez Grand Vos Mirettes. Les Journies Europ\u00e9ennes du Patrimoine se tiensent \u00e0 Lyon Avec pour [&hellip;]","og_url":"https:\/\/www.temples-de-nubie.fr\/blog\/les-journees-du-patrimoine-a-lyon-a-travers-des-parcours\/","og_site_name":"TEMPLES-DE-NUBIE","article_published_time":"2025-09-19T20:31:00+00:00","og_image":[{"url":"https:\/\/www.temples-de-nubie.fr\/blog\/wp-content\/uploads\/2025\/09\/les-journees-du-patrimoine-a-lyon-a-travers-des-parcours.jpg","type":"","width":"","height":""}],"author":"Johana RIVET","twitter_card":"summary_large_image","twitter_misc":{"\u00c9crit par":"Johana RIVET","Dur\u00e9e de lecture estim\u00e9e":"2 minutes"},"schema":{"@context":"https:\/\/schema.org","@graph":[{"@type":"Article","@id":"https:\/\/www.temples-de-nubie.fr\/blog\/les-journees-du-patrimoine-a-lyon-a-travers-des-parcours\/#article","isPartOf":{"@id":"https:\/\/www.temples-de-nubie.fr\/blog\/les-journees-du-patrimoine-a-lyon-a-travers-des-parcours\/"},"author":{"name":"Johana RIVET","@id":"https:\/\/www.temples-de-nubie.fr\/blog\/#\/schema\/person\/dc169e68726228008f8559d372397a09"},"headline":"Les Journees du Patrimoine \u00e0 Lyon \u00e0 Travers des Parcours","datePublished":"2025-09-19T20:31:00+00:00","mainEntityOfPage":{"@id":"https:\/\/www.temples-de-nubie.fr\/blog\/les-journees-du-patrimoine-a-lyon-a-travers-des-parcours\/"},"wordCount":390,"publisher":{"@id":"https:\/\/www.temples-de-nubie.fr\/blog\/#organization"},"image":{"@id":"https:\/\/www.temples-de-nubie.fr\/blog\/les-journees-du-patrimoine-a-lyon-a-travers-des-parcours\/#primaryimage"},"thumbnailUrl":"https:\/\/www.temples-de-nubie.fr\/blog\/wp-content\/uploads\/2025\/09\/les-journees-du-patrimoine-a-lyon-a-travers-des-parcours.jpg","articleSection":["Informations Th\u00e8me Temples De Nubie.:"],"inLanguage":"fr-FR"},{"@type":"WebPage","@id":"https:\/\/www.temples-de-nubie.fr\/blog\/les-journees-du-patrimoine-a-lyon-a-travers-des-parcours\/","url":"https:\/\/www.temples-de-nubie.fr\/blog\/les-journees-du-patrimoine-a-lyon-a-travers-des-parcours\/","name":"Les Journees du Patrimoine \u00e0 Lyon \u00e0 Travers des Parcours - TEMPLES-DE-NUBIE","isPartOf":{"@id":"https:\/\/www.temples-de-nubie.fr\/blog\/#website"},"primaryImageOfPage":{"@id":"https:\/\/www.temples-de-nubie.fr\/blog\/les-journees-du-patrimoine-a-lyon-a-travers-des-parcours\/#primaryimage"},"image":{"@id":"https:\/\/www.temples-de-nubie.fr\/blog\/les-journees-du-patrimoine-a-lyon-a-travers-des-parcours\/#primaryimage"},"thumbnailUrl":"https:\/\/www.temples-de-nubie.fr\/blog\/wp-content\/uploads\/2025\/09\/les-journees-du-patrimoine-a-lyon-a-travers-des-parcours.jpg","datePublished":"2025-09-19T20:31:00+00:00","breadcrumb":{"@id":"https:\/\/www.temples-de-nubie.fr\/blog\/les-journees-du-patrimoine-a-lyon-a-travers-des-parcours\/#breadcrumb"},"inLanguage":"fr-FR","potentialAction":[{"@type":"ReadAction","target":["https:\/\/www.temples-de-nubie.fr\/blog\/les-journees-du-patrimoine-a-lyon-a-travers-des-parcours\/"]}]},{"@type":"ImageObject","inLanguage":"fr-FR","@id":"https:\/\/www.temples-de-nubie.fr\/blog\/les-journees-du-patrimoine-a-lyon-a-travers-des-parcours\/#primaryimage","url":"https:\/\/www.temples-de-nubie.fr\/blog\/wp-content\/uploads\/2025\/09\/les-journees-du-patrimoine-a-lyon-a-travers-des-parcours.jpg","contentUrl":"https:\/\/www.temples-de-nubie.fr\/blog\/wp-content\/uploads\/2025\/09\/les-journees-du-patrimoine-a-lyon-a-travers-des-parcours.jpg","width":886,"height":553},{"@type":"BreadcrumbList","@id":"https:\/\/www.temples-de-nubie.fr\/blog\/les-journees-du-patrimoine-a-lyon-a-travers-des-parcours\/#breadcrumb","itemListElement":[{"@type":"ListItem","position":1,"name":"Accueil","item":"https:\/\/www.temples-de-nubie.fr\/blog\/"},{"@type":"ListItem","position":2,"name":"Les Journees du Patrimoine \u00e0 Lyon \u00e0 Travers des Parcours"}]},{"@type":"WebSite","@id":"https:\/\/www.temples-de-nubie.fr\/blog\/#website","url":"https:\/\/www.temples-de-nubie.fr\/blog\/","name":"TEMPLES-DE-NUBIE","description":"Temples de Nubie.; conservations ressources, \u00e0 savoir et retenir.","publisher":{"@id":"https:\/\/www.temples-de-nubie.fr\/blog\/#organization"},"potentialAction":[{"@type":"SearchAction","target":{"@type":"EntryPoint","urlTemplate":"https:\/\/www.temples-de-nubie.fr\/blog\/?s={search_term_string}"},"query-input":{"@type":"PropertyValueSpecification","valueRequired":true,"valueName":"search_term_string"}}],"inLanguage":"fr-FR"},{"@type":"Organization","@id":"https:\/\/www.temples-de-nubie.fr\/blog\/#organization","name":"temples-de-nubie","url":"https:\/\/www.temples-de-nubie.fr\/blog\/","logo":{"@type":"ImageObject","inLanguage":"fr-FR","@id":"https:\/\/www.temples-de-nubie.fr\/blog\/#\/schema\/logo\/image\/","url":"https:\/\/www.temples-de-nubie.fr\/blog\/wp-content\/uploads\/2023\/09\/cropped-temple-2.jpg","contentUrl":"https:\/\/www.temples-de-nubie.fr\/blog\/wp-content\/uploads\/2023\/09\/cropped-temple-2.jpg","width":971,"height":170,"caption":"temples-de-nubie"},"image":{"@id":"https:\/\/www.temples-de-nubie.fr\/blog\/#\/schema\/logo\/image\/"}},{"@type":"Person","@id":"https:\/\/www.temples-de-nubie.fr\/blog\/#\/schema\/person\/dc169e68726228008f8559d372397a09","name":"Johana RIVET","image":{"@type":"ImageObject","inLanguage":"fr-FR","@id":"https:\/\/secure.gravatar.com\/avatar\/4193b46a713fb7f0cc3d083cce5f3f81882137f825dedf603b244770965e799a?s=96&d=mm&r=g","url":"https:\/\/secure.gravatar.com\/avatar\/4193b46a713fb7f0cc3d083cce5f3f81882137f825dedf603b244770965e799a?s=96&d=mm&r=g","contentUrl":"https:\/\/secure.gravatar.com\/avatar\/4193b46a713fb7f0cc3d083cce5f3f81882137f825dedf603b244770965e799a?s=96&d=mm&r=g","caption":"Johana RIVET"},"url":"https:\/\/www.temples-de-nubie.fr\/blog\/author\/biejohana\/"}]}},"_links":{"self":[{"href":"https:\/\/www.temples-de-nubie.fr\/blog\/wp-json\/wp\/v2\/posts\/188","targetHints":{"allow":["GET"]}}],"collection":[{"href":"https:\/\/www.temples-de-nubie.fr\/blog\/wp-json\/wp\/v2\/posts"}],"about":[{"href":"https:\/\/www.temples-de-nubie.fr\/blog\/wp-json\/wp\/v2\/types\/post"}],"author":[{"embeddable":true,"href":"https:\/\/www.temples-de-nubie.fr\/blog\/wp-json\/wp\/v2\/users\/3"}],"replies":[{"embeddable":true,"href":"https:\/\/www.temples-de-nubie.fr\/blog\/wp-json\/wp\/v2\/comments?post=188"}],"version-history":[{"count":0,"href":"https:\/\/www.temples-de-nubie.fr\/blog\/wp-json\/wp\/v2\/posts\/188\/revisions"}],"wp:featuredmedia":[{"embeddable":true,"href":"https:\/\/www.temples-de-nubie.fr\/blog\/wp-json\/wp\/v2\/media\/189"}],"wp:attachment":[{"href":"https:\/\/www.temples-de-nubie.fr\/blog\/wp-json\/wp\/v2\/media?parent=188"}],"wp:term":[{"taxonomy":"category","embeddable":true,"href":"https:\/\/www.temples-de-nubie.fr\/blog\/wp-json\/wp\/v2\/categories?post=188"},{"taxonomy":"post_tag","embeddable":true,"href":"https:\/\/www.temples-de-nubie.fr\/blog\/wp-json\/wp\/v2\/tags?post=188"}],"curies":[{"name":"wp","href":"https:\/\/api.w.org\/{rel}","templated":true}]}}