{"id":192,"date":"2025-11-26T19:59:00","date_gmt":"2025-11-26T18:59:00","guid":{"rendered":"https:\/\/www.site.cdcl.xyz\/2025\/11\/26\/coteau-leglise-saint-marc-va-retrouver-son-eclat\/"},"modified":"2025-11-26T19:59:00","modified_gmt":"2025-11-26T18:59:00","slug":"coteau-leglise-saint-marc-va-retrouver-son-eclat","status":"publish","type":"post","link":"https:\/\/www.temples-de-nubie.fr\/blog\/coteau-leglise-saint-marc-va-retrouver-son-eclat\/","title":{"rendered":"COTEAU. L&rsquo;\u00e9glise Saint-Marc va retrouver son \u00e9clat"},"content":{"rendered":"\n<div>\n<p class=\"typo-p1-paragraph\">C&rsquo;est un chantier attendu depuis longtemps qui va se concr\u00e9tiser, rendu possible gr\u00e2ce \u00e0 une large mobilisation des habitants, des associations, des fondations et de la municipalit\u00e9.<\/p>\n<p class=\"typo-p1-paragraph\">Comme beaucoup d&rsquo;\u00e9difices du XIX <sup>e<\/sup> si\u00e8cle, l&rsquo;\u00e9glise Saint-Marc a souffert des effets du temps, du manque d&rsquo;entretien r\u00e9gulier et de la pollution atmosph\u00e9rique. Si des travaux ont ponctuellement \u00e9t\u00e9 entrepris \u2014 notamment la pose d&rsquo;un carrelage et l&rsquo;installation d&rsquo;un chauffage \u00e0 air puls\u00e9 dans les ann\u00e9es 1970 \u2014, ces interventions n&rsquo;ont pas suffi \u00e0 freiner la d\u00e9gradation du monument.<\/p>\n<p class=\"typo-p1-paragraph\">Les diagnostics r\u00e9cents sont sans appel : peintures alt\u00e9r\u00e9es, fresques endommag\u00e9es, boiseries voil\u00e9es, remont\u00e9es d&rsquo;humidit\u00e9 et traces de salp\u00eatre. Par ailleurs, des infiltrations d&rsquo;eau fragilisent encore certains murs, accentuant la d\u00e9t\u00e9rioration g\u00e9n\u00e9rale.<\/p>\n<p class=\"typo-p1-paragraph\"><b> Des ext\u00e9rieurs d\u00e9j\u00e0 sauvegard\u00e9s<\/b><\/p>\n<p class=\"typo-p1-paragraph\">Heureusement, la Ville, propri\u00e9taire du b\u00e2timent en vertu de la loi du 9 d\u00e9cembre 1805, a d\u00e9j\u00e0 men\u00e9 une premi\u00e8re campagne de sauvegarde. En 2016, une r\u00e9fection compl\u00e8te des fa\u00e7ades, de la toiture et du clocher a \u00e9t\u00e9 r\u00e9alis\u00e9e pour un montant de 800.000 \u20ac, redonnant \u00e0 l&rsquo;\u00e9difice son allure et assurant sa s\u00e9curit\u00e9. Ce premier chantier a permis de pr\u00e9server la structure. Mais il reste encore \u00e0 redonner \u00e0 l&rsquo;\u00e9glise toute sa beaut\u00e9 int\u00e9rieure, marqu\u00e9e par pr\u00e8s de deux si\u00e8cles d&rsquo;usure.<\/p>\n<p class=\"typo-p1-paragraph\"><b>Une restauration int\u00e9rieure ambitieuse<\/b><\/p>\n<p class=\"typo-p1-paragraph\">Le nouveau programme de restauration, actuellement en phase d&rsquo;\u00e9tudes et de diagnostics, pr\u00e9voit une remise en \u00e9tat complet de la nef et du ch\u0153ur : restauration des fresques, r\u00e9fection des enduits, traitement des boiseries et menuiseries, r\u00e9novation de l&rsquo;\u00e9clairage et mise en valeur patrimoniale.<\/p>\n<p class=\"typo-p1-paragraph\">Sous la ma\u00eetrise d&rsquo;ouvrage de la mairie, les travaux d\u00e9buteront fin 2026 et s&rsquo;\u00e9chelonneront jusqu&rsquo;en 2027.<\/p>\n<p class=\"typo-p1-paragraph\">Pour accompagner financi\u00e8rement le projet, la municipalit\u00e9 a confi\u00e9 \u00e0 l&rsquo;association \u00ab Le Coteau d&rsquo;hier et de demain \u00bb l&rsquo;ouverture d&rsquo;une souscription publique. Les dons, d\u00e9ductibles des imp\u00f4ts, seront vers\u00e9s sur un compte bloqu\u00e9 exclusivement d\u00e9di\u00e9 aux travaux.<\/p>\n<p class=\"typo-p1-paragraph\">Un m\u00e9c\u00e9nat d&rsquo;entreprise est \u00e9galement en pr\u00e9paration, impliquant artisans et soci\u00e9t\u00e9s locales, tandis que la Fondation du Patrimoine et la Fondation Saint-Ir\u00e9n\u00e9e apportent leur soutien financier. La Ville contribuera, elle aussi, activement \u00e0 cette op\u00e9ration collective.<\/p>\n<p class=\"typo-p1-paragraph\">Plus qu&rsquo;un simple chantier, cette restauration est une aventure humaine et patrimoniale. Elle incarne la volont\u00e9 d&rsquo;une commune de pr\u00e9server son identit\u00e9 et de transmettre son h\u00e9ritage aux g\u00e9n\u00e9rations futures. \u00ab Restaurer Saint-Marc, c&rsquo;est bien plus qu&rsquo;une op\u00e9ration de travaux : c&rsquo;est redonner vie \u00e0 un lieu embl\u00e9matique qui unit les Costellois depuis pr\u00e8s de deux si\u00e8cles \u00bb, souligne la municipalit\u00e9.<\/p>\n<\/div>\n<p> Ce paragraphe parlant du sujet \u00ab\u00a0Temples de Nubie.\u00a0\u00bb a \u00e9t\u00e9 tri\u00e9 sur le web par les r\u00e9dacteurs de temples-de-nubie.fr. temples-de-nubie.fr est blog d&rsquo;information qui conserve des nouvelles publi\u00e9es sur le net dont le sujet central est \u00ab\u00a0Temples de Nubie.\u00a0\u00bb. La chronique se veut produite du mieux possible. Dans la mesure o\u00f9 vous d\u00e9sirez pr\u00e9senter des informations suppl\u00e9mentaires \u00e0 cet article sur le sujet \u00ab\u00a0Temples de Nubie.\u00a0\u00bb vous pouvez utiliser les coordonn\u00e9es affich\u00e9es sur ce site web. Il y a de pr\u00e9vu divers travaux autour du sujet \u00ab\u00a0Temples de Nubie.\u00a0\u00bb dans les jours \u00e0 venir, on vous invite \u00e0 naviguer sur notre site web \u00e0 plusieurs reprises.<\/p>\n","protected":false},"excerpt":{"rendered":"<p>C&rsquo;est un chantier attendu depuis longtemps qui va se concr\u00e9tiser, rendu possible gr\u00e2ce \u00e0 une large mobilisation des habitants, des associations, des fondations et de la municipalit\u00e9. Comme beaucoup d&rsquo;\u00e9difices du XIX e si\u00e8cle, l&rsquo;\u00e9glise Saint-Marc a souffert des effets du temps, du manque d&rsquo;entretien r\u00e9gulier et de la pollution atmosph\u00e9rique. Si des travaux ont [&hellip;]<\/p>\n","protected":false},"author":3,"featured_media":0,"comment_status":"closed","ping_status":"closed","sticky":false,"template":"","format":"standard","meta":{"footnotes":""},"categories":[4],"tags":[],"class_list":["post-192","post","type-post","status-publish","format-standard","hentry","category-informations-theme-temples-de-nubie"],"yoast_head":"<!-- This site is optimized with the Yoast SEO plugin v27.5 - https:\/\/yoast.com\/product\/yoast-seo-wordpress\/ -->\n<title>COTEAU. L&#039;\u00e9glise Saint-Marc va retrouver son \u00e9clat - TEMPLES-DE-NUBIE<\/title>\n<meta name=\"robots\" content=\"index, follow, max-snippet:-1, max-image-preview:large, max-video-preview:-1\" \/>\n<link rel=\"canonical\" href=\"https:\/\/www.temples-de-nubie.fr\/blog\/coteau-leglise-saint-marc-va-retrouver-son-eclat\/\" \/>\n<meta property=\"og:locale\" content=\"fr_FR\" \/>\n<meta property=\"og:type\" content=\"article\" \/>\n<meta property=\"og:title\" content=\"COTEAU. L&#039;\u00e9glise Saint-Marc va retrouver son \u00e9clat - TEMPLES-DE-NUBIE\" \/>\n<meta property=\"og:description\" content=\"C&rsquo;est un chantier attendu depuis longtemps qui va se concr\u00e9tiser, rendu possible gr\u00e2ce \u00e0 une large mobilisation des habitants, des associations, des fondations et de la municipalit\u00e9. Comme beaucoup d&rsquo;\u00e9difices du XIX e si\u00e8cle, l&rsquo;\u00e9glise Saint-Marc a souffert des effets du temps, du manque d&rsquo;entretien r\u00e9gulier et de la pollution atmosph\u00e9rique. Si des travaux ont [&hellip;]\" \/>\n<meta property=\"og:url\" content=\"https:\/\/www.temples-de-nubie.fr\/blog\/coteau-leglise-saint-marc-va-retrouver-son-eclat\/\" \/>\n<meta property=\"og:site_name\" content=\"TEMPLES-DE-NUBIE\" \/>\n<meta property=\"article:published_time\" content=\"2025-11-26T18:59:00+00:00\" \/>\n<meta name=\"author\" content=\"Johana RIVET\" \/>\n<meta name=\"twitter:card\" content=\"summary_large_image\" \/>\n<meta name=\"twitter:label1\" content=\"\u00c9crit par\" \/>\n\t<meta name=\"twitter:data1\" content=\"Johana RIVET\" \/>\n\t<meta name=\"twitter:label2\" content=\"Dur\u00e9e de lecture estim\u00e9e\" \/>\n\t<meta name=\"twitter:data2\" content=\"3 minutes\" \/>\n<script type=\"application\/ld+json\" class=\"yoast-schema-graph\">{\"@context\":\"https:\\\/\\\/schema.org\",\"@graph\":[{\"@type\":\"Article\",\"@id\":\"https:\\\/\\\/www.temples-de-nubie.fr\\\/blog\\\/coteau-leglise-saint-marc-va-retrouver-son-eclat\\\/#article\",\"isPartOf\":{\"@id\":\"https:\\\/\\\/www.temples-de-nubie.fr\\\/blog\\\/coteau-leglise-saint-marc-va-retrouver-son-eclat\\\/\"},\"author\":{\"name\":\"Johana RIVET\",\"@id\":\"https:\\\/\\\/www.temples-de-nubie.fr\\\/blog\\\/#\\\/schema\\\/person\\\/dc169e68726228008f8559d372397a09\"},\"headline\":\"COTEAU. L&rsquo;\u00e9glise Saint-Marc va retrouver son \u00e9clat\",\"datePublished\":\"2025-11-26T18:59:00+00:00\",\"mainEntityOfPage\":{\"@id\":\"https:\\\/\\\/www.temples-de-nubie.fr\\\/blog\\\/coteau-leglise-saint-marc-va-retrouver-son-eclat\\\/\"},\"wordCount\":592,\"publisher\":{\"@id\":\"https:\\\/\\\/www.temples-de-nubie.fr\\\/blog\\\/#organization\"},\"articleSection\":[\"Informations Th\u00e8me Temples De Nubie.:\"],\"inLanguage\":\"fr-FR\"},{\"@type\":\"WebPage\",\"@id\":\"https:\\\/\\\/www.temples-de-nubie.fr\\\/blog\\\/coteau-leglise-saint-marc-va-retrouver-son-eclat\\\/\",\"url\":\"https:\\\/\\\/www.temples-de-nubie.fr\\\/blog\\\/coteau-leglise-saint-marc-va-retrouver-son-eclat\\\/\",\"name\":\"COTEAU. L'\u00e9glise Saint-Marc va retrouver son \u00e9clat - TEMPLES-DE-NUBIE\",\"isPartOf\":{\"@id\":\"https:\\\/\\\/www.temples-de-nubie.fr\\\/blog\\\/#website\"},\"datePublished\":\"2025-11-26T18:59:00+00:00\",\"breadcrumb\":{\"@id\":\"https:\\\/\\\/www.temples-de-nubie.fr\\\/blog\\\/coteau-leglise-saint-marc-va-retrouver-son-eclat\\\/#breadcrumb\"},\"inLanguage\":\"fr-FR\",\"potentialAction\":[{\"@type\":\"ReadAction\",\"target\":[\"https:\\\/\\\/www.temples-de-nubie.fr\\\/blog\\\/coteau-leglise-saint-marc-va-retrouver-son-eclat\\\/\"]}]},{\"@type\":\"BreadcrumbList\",\"@id\":\"https:\\\/\\\/www.temples-de-nubie.fr\\\/blog\\\/coteau-leglise-saint-marc-va-retrouver-son-eclat\\\/#breadcrumb\",\"itemListElement\":[{\"@type\":\"ListItem\",\"position\":1,\"name\":\"Accueil\",\"item\":\"https:\\\/\\\/www.temples-de-nubie.fr\\\/blog\\\/\"},{\"@type\":\"ListItem\",\"position\":2,\"name\":\"COTEAU. L&rsquo;\u00e9glise Saint-Marc va retrouver son \u00e9clat\"}]},{\"@type\":\"WebSite\",\"@id\":\"https:\\\/\\\/www.temples-de-nubie.fr\\\/blog\\\/#website\",\"url\":\"https:\\\/\\\/www.temples-de-nubie.fr\\\/blog\\\/\",\"name\":\"TEMPLES-DE-NUBIE\",\"description\":\"Temples de Nubie.; conservations ressources, \u00e0 savoir et retenir.\",\"publisher\":{\"@id\":\"https:\\\/\\\/www.temples-de-nubie.fr\\\/blog\\\/#organization\"},\"potentialAction\":[{\"@type\":\"SearchAction\",\"target\":{\"@type\":\"EntryPoint\",\"urlTemplate\":\"https:\\\/\\\/www.temples-de-nubie.fr\\\/blog\\\/?s={search_term_string}\"},\"query-input\":{\"@type\":\"PropertyValueSpecification\",\"valueRequired\":true,\"valueName\":\"search_term_string\"}}],\"inLanguage\":\"fr-FR\"},{\"@type\":\"Organization\",\"@id\":\"https:\\\/\\\/www.temples-de-nubie.fr\\\/blog\\\/#organization\",\"name\":\"temples-de-nubie\",\"url\":\"https:\\\/\\\/www.temples-de-nubie.fr\\\/blog\\\/\",\"logo\":{\"@type\":\"ImageObject\",\"inLanguage\":\"fr-FR\",\"@id\":\"https:\\\/\\\/www.temples-de-nubie.fr\\\/blog\\\/#\\\/schema\\\/logo\\\/image\\\/\",\"url\":\"https:\\\/\\\/www.temples-de-nubie.fr\\\/blog\\\/wp-content\\\/uploads\\\/2023\\\/09\\\/cropped-temple-2.jpg\",\"contentUrl\":\"https:\\\/\\\/www.temples-de-nubie.fr\\\/blog\\\/wp-content\\\/uploads\\\/2023\\\/09\\\/cropped-temple-2.jpg\",\"width\":971,\"height\":170,\"caption\":\"temples-de-nubie\"},\"image\":{\"@id\":\"https:\\\/\\\/www.temples-de-nubie.fr\\\/blog\\\/#\\\/schema\\\/logo\\\/image\\\/\"}},{\"@type\":\"Person\",\"@id\":\"https:\\\/\\\/www.temples-de-nubie.fr\\\/blog\\\/#\\\/schema\\\/person\\\/dc169e68726228008f8559d372397a09\",\"name\":\"Johana RIVET\",\"image\":{\"@type\":\"ImageObject\",\"inLanguage\":\"fr-FR\",\"@id\":\"https:\\\/\\\/secure.gravatar.com\\\/avatar\\\/4193b46a713fb7f0cc3d083cce5f3f81882137f825dedf603b244770965e799a?s=96&d=mm&r=g\",\"url\":\"https:\\\/\\\/secure.gravatar.com\\\/avatar\\\/4193b46a713fb7f0cc3d083cce5f3f81882137f825dedf603b244770965e799a?s=96&d=mm&r=g\",\"contentUrl\":\"https:\\\/\\\/secure.gravatar.com\\\/avatar\\\/4193b46a713fb7f0cc3d083cce5f3f81882137f825dedf603b244770965e799a?s=96&d=mm&r=g\",\"caption\":\"Johana RIVET\"},\"url\":\"https:\\\/\\\/www.temples-de-nubie.fr\\\/blog\\\/author\\\/biejohana\\\/\"}]}<\/script>\n<!-- \/ Yoast SEO plugin. -->","yoast_head_json":{"title":"COTEAU. L'\u00e9glise Saint-Marc va retrouver son \u00e9clat - TEMPLES-DE-NUBIE","robots":{"index":"index","follow":"follow","max-snippet":"max-snippet:-1","max-image-preview":"max-image-preview:large","max-video-preview":"max-video-preview:-1"},"canonical":"https:\/\/www.temples-de-nubie.fr\/blog\/coteau-leglise-saint-marc-va-retrouver-son-eclat\/","og_locale":"fr_FR","og_type":"article","og_title":"COTEAU. L'\u00e9glise Saint-Marc va retrouver son \u00e9clat - TEMPLES-DE-NUBIE","og_description":"C&rsquo;est un chantier attendu depuis longtemps qui va se concr\u00e9tiser, rendu possible gr\u00e2ce \u00e0 une large mobilisation des habitants, des associations, des fondations et de la municipalit\u00e9. Comme beaucoup d&rsquo;\u00e9difices du XIX e si\u00e8cle, l&rsquo;\u00e9glise Saint-Marc a souffert des effets du temps, du manque d&rsquo;entretien r\u00e9gulier et de la pollution atmosph\u00e9rique. Si des travaux ont [&hellip;]","og_url":"https:\/\/www.temples-de-nubie.fr\/blog\/coteau-leglise-saint-marc-va-retrouver-son-eclat\/","og_site_name":"TEMPLES-DE-NUBIE","article_published_time":"2025-11-26T18:59:00+00:00","author":"Johana RIVET","twitter_card":"summary_large_image","twitter_misc":{"\u00c9crit par":"Johana RIVET","Dur\u00e9e de lecture estim\u00e9e":"3 minutes"},"schema":{"@context":"https:\/\/schema.org","@graph":[{"@type":"Article","@id":"https:\/\/www.temples-de-nubie.fr\/blog\/coteau-leglise-saint-marc-va-retrouver-son-eclat\/#article","isPartOf":{"@id":"https:\/\/www.temples-de-nubie.fr\/blog\/coteau-leglise-saint-marc-va-retrouver-son-eclat\/"},"author":{"name":"Johana RIVET","@id":"https:\/\/www.temples-de-nubie.fr\/blog\/#\/schema\/person\/dc169e68726228008f8559d372397a09"},"headline":"COTEAU. L&rsquo;\u00e9glise Saint-Marc va retrouver son \u00e9clat","datePublished":"2025-11-26T18:59:00+00:00","mainEntityOfPage":{"@id":"https:\/\/www.temples-de-nubie.fr\/blog\/coteau-leglise-saint-marc-va-retrouver-son-eclat\/"},"wordCount":592,"publisher":{"@id":"https:\/\/www.temples-de-nubie.fr\/blog\/#organization"},"articleSection":["Informations Th\u00e8me Temples De Nubie.:"],"inLanguage":"fr-FR"},{"@type":"WebPage","@id":"https:\/\/www.temples-de-nubie.fr\/blog\/coteau-leglise-saint-marc-va-retrouver-son-eclat\/","url":"https:\/\/www.temples-de-nubie.fr\/blog\/coteau-leglise-saint-marc-va-retrouver-son-eclat\/","name":"COTEAU. L'\u00e9glise Saint-Marc va retrouver son \u00e9clat - TEMPLES-DE-NUBIE","isPartOf":{"@id":"https:\/\/www.temples-de-nubie.fr\/blog\/#website"},"datePublished":"2025-11-26T18:59:00+00:00","breadcrumb":{"@id":"https:\/\/www.temples-de-nubie.fr\/blog\/coteau-leglise-saint-marc-va-retrouver-son-eclat\/#breadcrumb"},"inLanguage":"fr-FR","potentialAction":[{"@type":"ReadAction","target":["https:\/\/www.temples-de-nubie.fr\/blog\/coteau-leglise-saint-marc-va-retrouver-son-eclat\/"]}]},{"@type":"BreadcrumbList","@id":"https:\/\/www.temples-de-nubie.fr\/blog\/coteau-leglise-saint-marc-va-retrouver-son-eclat\/#breadcrumb","itemListElement":[{"@type":"ListItem","position":1,"name":"Accueil","item":"https:\/\/www.temples-de-nubie.fr\/blog\/"},{"@type":"ListItem","position":2,"name":"COTEAU. L&rsquo;\u00e9glise Saint-Marc va retrouver son \u00e9clat"}]},{"@type":"WebSite","@id":"https:\/\/www.temples-de-nubie.fr\/blog\/#website","url":"https:\/\/www.temples-de-nubie.fr\/blog\/","name":"TEMPLES-DE-NUBIE","description":"Temples de Nubie.; conservations ressources, \u00e0 savoir et retenir.","publisher":{"@id":"https:\/\/www.temples-de-nubie.fr\/blog\/#organization"},"potentialAction":[{"@type":"SearchAction","target":{"@type":"EntryPoint","urlTemplate":"https:\/\/www.temples-de-nubie.fr\/blog\/?s={search_term_string}"},"query-input":{"@type":"PropertyValueSpecification","valueRequired":true,"valueName":"search_term_string"}}],"inLanguage":"fr-FR"},{"@type":"Organization","@id":"https:\/\/www.temples-de-nubie.fr\/blog\/#organization","name":"temples-de-nubie","url":"https:\/\/www.temples-de-nubie.fr\/blog\/","logo":{"@type":"ImageObject","inLanguage":"fr-FR","@id":"https:\/\/www.temples-de-nubie.fr\/blog\/#\/schema\/logo\/image\/","url":"https:\/\/www.temples-de-nubie.fr\/blog\/wp-content\/uploads\/2023\/09\/cropped-temple-2.jpg","contentUrl":"https:\/\/www.temples-de-nubie.fr\/blog\/wp-content\/uploads\/2023\/09\/cropped-temple-2.jpg","width":971,"height":170,"caption":"temples-de-nubie"},"image":{"@id":"https:\/\/www.temples-de-nubie.fr\/blog\/#\/schema\/logo\/image\/"}},{"@type":"Person","@id":"https:\/\/www.temples-de-nubie.fr\/blog\/#\/schema\/person\/dc169e68726228008f8559d372397a09","name":"Johana RIVET","image":{"@type":"ImageObject","inLanguage":"fr-FR","@id":"https:\/\/secure.gravatar.com\/avatar\/4193b46a713fb7f0cc3d083cce5f3f81882137f825dedf603b244770965e799a?s=96&d=mm&r=g","url":"https:\/\/secure.gravatar.com\/avatar\/4193b46a713fb7f0cc3d083cce5f3f81882137f825dedf603b244770965e799a?s=96&d=mm&r=g","contentUrl":"https:\/\/secure.gravatar.com\/avatar\/4193b46a713fb7f0cc3d083cce5f3f81882137f825dedf603b244770965e799a?s=96&d=mm&r=g","caption":"Johana RIVET"},"url":"https:\/\/www.temples-de-nubie.fr\/blog\/author\/biejohana\/"}]}},"_links":{"self":[{"href":"https:\/\/www.temples-de-nubie.fr\/blog\/wp-json\/wp\/v2\/posts\/192","targetHints":{"allow":["GET"]}}],"collection":[{"href":"https:\/\/www.temples-de-nubie.fr\/blog\/wp-json\/wp\/v2\/posts"}],"about":[{"href":"https:\/\/www.temples-de-nubie.fr\/blog\/wp-json\/wp\/v2\/types\/post"}],"author":[{"embeddable":true,"href":"https:\/\/www.temples-de-nubie.fr\/blog\/wp-json\/wp\/v2\/users\/3"}],"replies":[{"embeddable":true,"href":"https:\/\/www.temples-de-nubie.fr\/blog\/wp-json\/wp\/v2\/comments?post=192"}],"version-history":[{"count":0,"href":"https:\/\/www.temples-de-nubie.fr\/blog\/wp-json\/wp\/v2\/posts\/192\/revisions"}],"wp:attachment":[{"href":"https:\/\/www.temples-de-nubie.fr\/blog\/wp-json\/wp\/v2\/media?parent=192"}],"wp:term":[{"taxonomy":"category","embeddable":true,"href":"https:\/\/www.temples-de-nubie.fr\/blog\/wp-json\/wp\/v2\/categories?post=192"},{"taxonomy":"post_tag","embeddable":true,"href":"https:\/\/www.temples-de-nubie.fr\/blog\/wp-json\/wp\/v2\/tags?post=192"}],"curies":[{"name":"wp","href":"https:\/\/api.w.org\/{rel}","templated":true}]}}