{"id":58,"date":"2023-10-04T15:19:32","date_gmt":"2023-10-04T13:19:32","guid":{"rendered":"https:\/\/www.site.cdcl.xyz\/2023\/10\/04\/alumni-a-la-rencontre-de-marguerite-boulanger-autrice-et-illustratrice-de-bd\/"},"modified":"2023-10-04T15:19:32","modified_gmt":"2023-10-04T13:19:32","slug":"alumni-a-la-rencontre-de-marguerite-boulanger-autrice-et-illustratrice-de-bd","status":"publish","type":"post","link":"https:\/\/www.temples-de-nubie.fr\/blog\/alumni-a-la-rencontre-de-marguerite-boulanger-autrice-et-illustratrice-de-bd\/","title":{"rendered":"ALUMNI : \u00c0 la rencontre de Marguerite Boulanger. Autrice et illustratrice de BD"},"content":{"rendered":"\n<div>\n<p><span><strong><span class=\"cl-primary\">1. Peux-tu nous parler de ton parcours \u00e9tudiant ?<\/span><\/strong><\/span><\/p>\n<p>J\u2019ai suivi un Dipl\u00f4me National d\u2019Art en sc\u00e9nographie \u00e0 Monaco pendant trois ans. Ensuite, j\u2019ai \u00e9t\u00e9 admis en 1\u00e8re ann\u00e9e de <strong>Master Illustration \u2013 bande dessin\u00e9e<\/strong> \u00e0 l\u2019\u00e9cole de cond\u00e9 Paris, dont j\u2019ai \u00e9t\u00e9 dipl\u00f4m\u00e9e en juin 2022. J\u2019ai \u00e9galement eu la chance de b\u00e9n\u00e9ficier d\u2019une r\u00e9sidence d\u2019un an dans un espace de coworking au sein de l\u2019\u00e9cole.<\/p>\n<p><span><strong><span class=\"cl-primary\">2. Qu\u2019as-tu fait apr\u00e8s l\u2019obtention du dipl\u00f4me ?<\/span><\/strong><\/span><\/p>\n<p>J\u2019ai travaill\u00e9 sur la publication de ma premi\u00e8re bande dessin\u00e9e, qui \u00e9tait mon projet de fin d\u2019\u00e9tude.<\/p>\n<p><span><strong><span class=\"cl-primary\">3. Comment est n\u00e9e l\u2019id\u00e9e de ta bande dessin\u00e9e ?<\/span><\/strong><\/span><\/p>\n<p>Mon inspiration est le lieu de mon d\u00e9sir d\u2019\u00e9crire. Pendant mon Mast\u00e8re, j\u2019ai \u00e9t\u00e9 suivi par deux tuteurs, France Barrois et St\u00e9phane Oiry, qui m\u2019ont apport\u00e9 de pr\u00e9cieux conseils sur la narration et l\u2019illustration. Pour ce projet, j\u2019ai choisi comme point de d\u00e9part mon propre point de vue, \u00e0 travers une h\u00e9ro\u00efne qui observe attentivement ses voisins et porte un regard singulier sur le monde qui l\u2019entoure.<\/p>\n<p><span><strong><span class=\"cl-primary\">4. Quels sont les th\u00e8mes principaux de ta BD ?<\/span><\/strong><\/span><\/p>\n<p>L\u2019histoire se d\u00e9roule comme une balade, suivant l\u2019h\u00e9ro\u00efne tout au long d\u2019une journ\u00e9e, au travers de ses d\u00e9ambulations et des r\u00e9flexions qui l\u2019animent. Les th\u00e8mes explor\u00e9s sont la solitude, l\u2019ordinaire, l\u2019introspection et son choix de rester \u00e0 distance tout en observant les autres.<\/p>\n<p><span><strong><span class=\"cl-primary\">5. <\/span><\/strong><span class=\"cl-primary\"><strong>Quels d\u00e9fis as-tu rencontr\u00e9s lors de la cr\u00e9ation de ta BD et comment les as-tu surmont\u00e9s ? <\/strong><\/span><\/span><\/p>\n<p>J\u2019ai d\u00e9couvert la complexit\u00e9 de construire une histoire coh\u00e9rente. J\u2019ai r\u00e9solu cela en segmentant le r\u00e9cit par lieu, cr\u00e9ant ainsi un parcours visuel et narratif harmonieux. Un autre d\u00e9fi fut la mise en couleur. J\u2019ai choisi d\u2019utiliser une palette restreinte, puis j\u2019ai associ\u00e9 trois couleurs \u00e0 chaque s\u00e9quence pour repr\u00e9senter les diff\u00e9rents lieux.<\/p>\n<p><span><strong><span class=\"cl-primary\">6. <\/span><\/strong><span class=\"cl-primary\"><strong>Combien de temps as-tu pass\u00e9 \u00e0 la cr\u00e9ation de ce projet ?<\/strong><\/span><\/span><\/p>\n<p>J\u2019ai consacr\u00e9 quelques mois \u00e0 l\u2019exploration de l\u2019id\u00e9e avant de fixer mon projet de fin d\u2019\u00e9tude. Ensuite, j\u2019ai travaill\u00e9 pendant environ 7 mois pour le r\u00e9aliser.<\/p>\n<p><span><strong><span class=\"cl-primary\">7. Quelles comp\u00e9tences acquises \u00e0 l\u2019\u00e9cole de cond\u00e9 ont \u00e9t\u00e9 particuli\u00e8rement utiles dans la cr\u00e9ation de ta BD ?<\/span><\/strong><\/span><\/p>\n<p>J\u2019ai appris \u00e0 prendre du recul sur mon \u00e9criture, \u00e0 perfectionner mon style graphique et \u00e0 repousser mes limites en dessinant des sc\u00e8nes que j\u2019ai trouv\u00e9es au d\u00e9but difficiles mais essentielles \u00e0 l\u2019histoire. Mes tuteurs m\u2019ont apport\u00e9 un soutien pr\u00e9cieux<strong> <\/strong>et ont renforc\u00e9 ma confiance en moi. J\u2019ai \u00e9galement appris \u00e0 faire vivre l\u2019\u00e9criture et l\u2019illustration de fa\u00e7on harmonieuse et contemporaine.<\/p>\n<p><span><strong><span class=\"cl-primary\">8. <\/span><\/strong><span class=\"cl-primary\"><strong>Comment d\u00e9crirais-tu ton style artistique ? <\/strong><\/span><\/span><\/p>\n<p>Je le d\u00e9finirais comme \u00e9tant \u00e9pur\u00e9, synth\u00e9tique, parfois maladroit. J\u2019aime jouer avec les mots, cr\u00e9er un d\u00e9calage avec l\u2019illustration, avec une pointe d\u2019humour.<\/p>\n<p><span><strong><span class=\"cl-primary\">9. <\/span><\/strong><span class=\"cl-primary\"><strong>Comment as-tu trouv\u00e9 un \u00e9diteur pour ta BD ? <\/strong><\/span><\/span><\/p>\n<p>En 2\u00e8me ann\u00e9e de Mast\u00e8re, des rencontres avec des \u00e9diteurs, des Directeurs Artistiques et des agents d\u2019illustrateurs ont \u00e9t\u00e9 organis\u00e9es \u00e0 l\u2019\u00e9cole, ce qui m\u2019a permis de pr\u00e9senter mon travail. L\u2019\u00e9ditrice d\u2019Hachette a \u00e9t\u00e9 s\u00e9duite par mon projet et m\u2019a recontact\u00e9 quelques mois plus tard pour me proposer de le publier.<\/p>\n<p><span><strong><span class=\"cl-primary\">dix. <\/span><\/strong><span class=\"cl-primary\"><strong>Comment s\u2019est d\u00e9roul\u00e9 la collaboration avec la maison d\u2019\u00e9dition pour la publication de ta BD ?<\/strong><\/span><\/span><\/p>\n<p>Les \u00e9changes se sont tr\u00e8s bien d\u00e9roul\u00e9s. Ils ont accept\u00e9 de publier mon projet tel qu\u2019il \u00e9tait. J\u2019ai ensuite organis\u00e9 un lancement en librairie, incluant une s\u00e9ance de d\u00e9dicaces, qui s\u2019est av\u00e9r\u00e9e tr\u00e8s r\u00e9ussie : nous avons vendu les 75 exemplaires que nous avions pr\u00e9vus. L\u2019accueil chaleureux m\u2019a profond\u00e9ment touch\u00e9.<\/p>\n<p>Ma BD est \u00e0 pr\u00e9sent disponible \u00e0 la FNAC, chez Cultura, en librairie, ainsi qu\u2019en ligne en suivant ce lien : Shopper la BD<\/p>\n<p><span><strong><span class=\"cl-primary\">11. <\/span><\/strong><\/span><span class=\"cl-primary\"><strong><span>Quels sont vos futurs projets en tant qu\u2019autrice-illustratrice de BD ?<\/span> <\/strong><\/span><\/p>\n<p>Je travaille actuellement sur ma prochaine bande dessin\u00e9e qui verra le jour en 2024. En parall\u00e8le, je participe \u00e0 une exposition mettant en avant des femmes chercheuses, qui seront visibles au Festival de BD de Montr\u00e9al.<\/p>\n<p><span><strong><span class=\"cl-primary\">12. <\/span><\/strong><strong><span class=\"cl-primary\">Enfin, quels conseils donnerais-tu aux jeunes illustrateurs ou \u00e9tudiants ?<\/span><\/strong><\/span><\/p>\n<p>Je leur conseillerais de ne pas se comparer aux autres. Suivre d\u2019autres illustrateurs sur Instagram par exemple est une grande source d\u2019inspiration, mais cela peut aussi engendrer de l\u2019anxi\u00e9t\u00e9. Par ailleurs, il me semble important de cultiver sa cr\u00e9ativit\u00e9 dans des domaines artistiques vari\u00e9s, tels que le spectacle vivant, le th\u00e9\u00e2tre ou la danse afin d\u2019enrichir sa propre approche artistique.<\/p>\n<\/div>\n<p> Ce paragraphe parlant du sujet \u00ab\u00a0Temples de Nubie.\u00a0\u00bb a \u00e9t\u00e9 tri\u00e9 sur le web par les r\u00e9dacteurs de temples-de-nubie.fr. temples-de-nubie.fr est blog d&rsquo;information qui conserve des nouvelles publi\u00e9es sur le net dont le sujet central est \u00ab\u00a0Temples de Nubie.\u00a0\u00bb. La chronique se veut produite du mieux possible. Dans la mesure o\u00f9 vous d\u00e9sirez pr\u00e9senter des informations suppl\u00e9mentaires \u00e0 cet article sur le sujet \u00ab\u00a0Temples de Nubie.\u00a0\u00bb vous pouvez utiliser les coordonn\u00e9es affich\u00e9es sur ce site web. Il y a de pr\u00e9vu divers travaux autour du sujet \u00ab\u00a0Temples de Nubie.\u00a0\u00bb dans les jours \u00e0 venir, on vous invite \u00e0 naviguer sur notre site web \u00e0 plusieurs reprises.<\/p>\n","protected":false},"excerpt":{"rendered":"<p>1. Peux-tu nous parler de ton parcours \u00e9tudiant ? J\u2019ai suivi un Dipl\u00f4me National d\u2019Art en sc\u00e9nographie \u00e0 Monaco pendant trois ans. Ensuite, j\u2019ai \u00e9t\u00e9 admis en 1\u00e8re ann\u00e9e de Master Illustration \u2013 bande dessin\u00e9e \u00e0 l\u2019\u00e9cole de cond\u00e9 Paris, dont j\u2019ai \u00e9t\u00e9 dipl\u00f4m\u00e9e en juin 2022. J\u2019ai \u00e9galement eu la chance de b\u00e9n\u00e9ficier d\u2019une [&hellip;]<\/p>\n","protected":false},"author":3,"featured_media":0,"comment_status":"closed","ping_status":"closed","sticky":false,"template":"","format":"standard","meta":{"footnotes":""},"categories":[4],"tags":[],"class_list":["post-58","post","type-post","status-publish","format-standard","hentry","category-informations-theme-temples-de-nubie"],"yoast_head":"<!-- This site is optimized with the Yoast SEO plugin v27.5 - https:\/\/yoast.com\/product\/yoast-seo-wordpress\/ -->\n<title>ALUMNI : \u00c0 la rencontre de Marguerite Boulanger. Autrice et illustratrice de BD - TEMPLES-DE-NUBIE<\/title>\n<meta name=\"robots\" content=\"index, follow, max-snippet:-1, max-image-preview:large, max-video-preview:-1\" \/>\n<link rel=\"canonical\" href=\"https:\/\/www.temples-de-nubie.fr\/blog\/alumni-a-la-rencontre-de-marguerite-boulanger-autrice-et-illustratrice-de-bd\/\" \/>\n<meta property=\"og:locale\" content=\"fr_FR\" \/>\n<meta property=\"og:type\" content=\"article\" \/>\n<meta property=\"og:title\" content=\"ALUMNI : \u00c0 la rencontre de Marguerite Boulanger. Autrice et illustratrice de BD - TEMPLES-DE-NUBIE\" \/>\n<meta property=\"og:description\" content=\"1. Peux-tu nous parler de ton parcours \u00e9tudiant ? J\u2019ai suivi un Dipl\u00f4me National d\u2019Art en sc\u00e9nographie \u00e0 Monaco pendant trois ans. Ensuite, j\u2019ai \u00e9t\u00e9 admis en 1\u00e8re ann\u00e9e de Master Illustration \u2013 bande dessin\u00e9e \u00e0 l\u2019\u00e9cole de cond\u00e9 Paris, dont j\u2019ai \u00e9t\u00e9 dipl\u00f4m\u00e9e en juin 2022. J\u2019ai \u00e9galement eu la chance de b\u00e9n\u00e9ficier d\u2019une [&hellip;]\" \/>\n<meta property=\"og:url\" content=\"https:\/\/www.temples-de-nubie.fr\/blog\/alumni-a-la-rencontre-de-marguerite-boulanger-autrice-et-illustratrice-de-bd\/\" \/>\n<meta property=\"og:site_name\" content=\"TEMPLES-DE-NUBIE\" \/>\n<meta property=\"article:published_time\" content=\"2023-10-04T13:19:32+00:00\" \/>\n<meta name=\"author\" content=\"Johana RIVET\" \/>\n<meta name=\"twitter:card\" content=\"summary_large_image\" \/>\n<meta name=\"twitter:label1\" content=\"\u00c9crit par\" \/>\n\t<meta name=\"twitter:data1\" content=\"Johana RIVET\" \/>\n\t<meta name=\"twitter:label2\" content=\"Dur\u00e9e de lecture estim\u00e9e\" \/>\n\t<meta name=\"twitter:data2\" content=\"5 minutes\" \/>\n<script type=\"application\/ld+json\" class=\"yoast-schema-graph\">{\"@context\":\"https:\\\/\\\/schema.org\",\"@graph\":[{\"@type\":\"Article\",\"@id\":\"https:\\\/\\\/www.temples-de-nubie.fr\\\/blog\\\/alumni-a-la-rencontre-de-marguerite-boulanger-autrice-et-illustratrice-de-bd\\\/#article\",\"isPartOf\":{\"@id\":\"https:\\\/\\\/www.temples-de-nubie.fr\\\/blog\\\/alumni-a-la-rencontre-de-marguerite-boulanger-autrice-et-illustratrice-de-bd\\\/\"},\"author\":{\"name\":\"Johana RIVET\",\"@id\":\"https:\\\/\\\/www.temples-de-nubie.fr\\\/blog\\\/#\\\/schema\\\/person\\\/dc169e68726228008f8559d372397a09\"},\"headline\":\"ALUMNI : \u00c0 la rencontre de Marguerite Boulanger. Autrice et illustratrice de BD\",\"datePublished\":\"2023-10-04T13:19:32+00:00\",\"mainEntityOfPage\":{\"@id\":\"https:\\\/\\\/www.temples-de-nubie.fr\\\/blog\\\/alumni-a-la-rencontre-de-marguerite-boulanger-autrice-et-illustratrice-de-bd\\\/\"},\"wordCount\":942,\"publisher\":{\"@id\":\"https:\\\/\\\/www.temples-de-nubie.fr\\\/blog\\\/#organization\"},\"articleSection\":[\"Informations Th\u00e8me Temples De Nubie.:\"],\"inLanguage\":\"fr-FR\"},{\"@type\":\"WebPage\",\"@id\":\"https:\\\/\\\/www.temples-de-nubie.fr\\\/blog\\\/alumni-a-la-rencontre-de-marguerite-boulanger-autrice-et-illustratrice-de-bd\\\/\",\"url\":\"https:\\\/\\\/www.temples-de-nubie.fr\\\/blog\\\/alumni-a-la-rencontre-de-marguerite-boulanger-autrice-et-illustratrice-de-bd\\\/\",\"name\":\"ALUMNI : \u00c0 la rencontre de Marguerite Boulanger. Autrice et illustratrice de BD - TEMPLES-DE-NUBIE\",\"isPartOf\":{\"@id\":\"https:\\\/\\\/www.temples-de-nubie.fr\\\/blog\\\/#website\"},\"datePublished\":\"2023-10-04T13:19:32+00:00\",\"breadcrumb\":{\"@id\":\"https:\\\/\\\/www.temples-de-nubie.fr\\\/blog\\\/alumni-a-la-rencontre-de-marguerite-boulanger-autrice-et-illustratrice-de-bd\\\/#breadcrumb\"},\"inLanguage\":\"fr-FR\",\"potentialAction\":[{\"@type\":\"ReadAction\",\"target\":[\"https:\\\/\\\/www.temples-de-nubie.fr\\\/blog\\\/alumni-a-la-rencontre-de-marguerite-boulanger-autrice-et-illustratrice-de-bd\\\/\"]}]},{\"@type\":\"BreadcrumbList\",\"@id\":\"https:\\\/\\\/www.temples-de-nubie.fr\\\/blog\\\/alumni-a-la-rencontre-de-marguerite-boulanger-autrice-et-illustratrice-de-bd\\\/#breadcrumb\",\"itemListElement\":[{\"@type\":\"ListItem\",\"position\":1,\"name\":\"Accueil\",\"item\":\"https:\\\/\\\/www.temples-de-nubie.fr\\\/blog\\\/\"},{\"@type\":\"ListItem\",\"position\":2,\"name\":\"ALUMNI : \u00c0 la rencontre de Marguerite Boulanger. Autrice et illustratrice de BD\"}]},{\"@type\":\"WebSite\",\"@id\":\"https:\\\/\\\/www.temples-de-nubie.fr\\\/blog\\\/#website\",\"url\":\"https:\\\/\\\/www.temples-de-nubie.fr\\\/blog\\\/\",\"name\":\"TEMPLES-DE-NUBIE\",\"description\":\"Temples de Nubie.; conservations ressources, \u00e0 savoir et retenir.\",\"publisher\":{\"@id\":\"https:\\\/\\\/www.temples-de-nubie.fr\\\/blog\\\/#organization\"},\"potentialAction\":[{\"@type\":\"SearchAction\",\"target\":{\"@type\":\"EntryPoint\",\"urlTemplate\":\"https:\\\/\\\/www.temples-de-nubie.fr\\\/blog\\\/?s={search_term_string}\"},\"query-input\":{\"@type\":\"PropertyValueSpecification\",\"valueRequired\":true,\"valueName\":\"search_term_string\"}}],\"inLanguage\":\"fr-FR\"},{\"@type\":\"Organization\",\"@id\":\"https:\\\/\\\/www.temples-de-nubie.fr\\\/blog\\\/#organization\",\"name\":\"temples-de-nubie\",\"url\":\"https:\\\/\\\/www.temples-de-nubie.fr\\\/blog\\\/\",\"logo\":{\"@type\":\"ImageObject\",\"inLanguage\":\"fr-FR\",\"@id\":\"https:\\\/\\\/www.temples-de-nubie.fr\\\/blog\\\/#\\\/schema\\\/logo\\\/image\\\/\",\"url\":\"https:\\\/\\\/www.temples-de-nubie.fr\\\/blog\\\/wp-content\\\/uploads\\\/2023\\\/09\\\/cropped-temple-2.jpg\",\"contentUrl\":\"https:\\\/\\\/www.temples-de-nubie.fr\\\/blog\\\/wp-content\\\/uploads\\\/2023\\\/09\\\/cropped-temple-2.jpg\",\"width\":971,\"height\":170,\"caption\":\"temples-de-nubie\"},\"image\":{\"@id\":\"https:\\\/\\\/www.temples-de-nubie.fr\\\/blog\\\/#\\\/schema\\\/logo\\\/image\\\/\"}},{\"@type\":\"Person\",\"@id\":\"https:\\\/\\\/www.temples-de-nubie.fr\\\/blog\\\/#\\\/schema\\\/person\\\/dc169e68726228008f8559d372397a09\",\"name\":\"Johana RIVET\",\"image\":{\"@type\":\"ImageObject\",\"inLanguage\":\"fr-FR\",\"@id\":\"https:\\\/\\\/secure.gravatar.com\\\/avatar\\\/4193b46a713fb7f0cc3d083cce5f3f81882137f825dedf603b244770965e799a?s=96&d=mm&r=g\",\"url\":\"https:\\\/\\\/secure.gravatar.com\\\/avatar\\\/4193b46a713fb7f0cc3d083cce5f3f81882137f825dedf603b244770965e799a?s=96&d=mm&r=g\",\"contentUrl\":\"https:\\\/\\\/secure.gravatar.com\\\/avatar\\\/4193b46a713fb7f0cc3d083cce5f3f81882137f825dedf603b244770965e799a?s=96&d=mm&r=g\",\"caption\":\"Johana RIVET\"},\"url\":\"https:\\\/\\\/www.temples-de-nubie.fr\\\/blog\\\/author\\\/biejohana\\\/\"}]}<\/script>\n<!-- \/ Yoast SEO plugin. -->","yoast_head_json":{"title":"ALUMNI : \u00c0 la rencontre de Marguerite Boulanger. Autrice et illustratrice de BD - TEMPLES-DE-NUBIE","robots":{"index":"index","follow":"follow","max-snippet":"max-snippet:-1","max-image-preview":"max-image-preview:large","max-video-preview":"max-video-preview:-1"},"canonical":"https:\/\/www.temples-de-nubie.fr\/blog\/alumni-a-la-rencontre-de-marguerite-boulanger-autrice-et-illustratrice-de-bd\/","og_locale":"fr_FR","og_type":"article","og_title":"ALUMNI : \u00c0 la rencontre de Marguerite Boulanger. Autrice et illustratrice de BD - TEMPLES-DE-NUBIE","og_description":"1. Peux-tu nous parler de ton parcours \u00e9tudiant ? J\u2019ai suivi un Dipl\u00f4me National d\u2019Art en sc\u00e9nographie \u00e0 Monaco pendant trois ans. Ensuite, j\u2019ai \u00e9t\u00e9 admis en 1\u00e8re ann\u00e9e de Master Illustration \u2013 bande dessin\u00e9e \u00e0 l\u2019\u00e9cole de cond\u00e9 Paris, dont j\u2019ai \u00e9t\u00e9 dipl\u00f4m\u00e9e en juin 2022. J\u2019ai \u00e9galement eu la chance de b\u00e9n\u00e9ficier d\u2019une [&hellip;]","og_url":"https:\/\/www.temples-de-nubie.fr\/blog\/alumni-a-la-rencontre-de-marguerite-boulanger-autrice-et-illustratrice-de-bd\/","og_site_name":"TEMPLES-DE-NUBIE","article_published_time":"2023-10-04T13:19:32+00:00","author":"Johana RIVET","twitter_card":"summary_large_image","twitter_misc":{"\u00c9crit par":"Johana RIVET","Dur\u00e9e de lecture estim\u00e9e":"5 minutes"},"schema":{"@context":"https:\/\/schema.org","@graph":[{"@type":"Article","@id":"https:\/\/www.temples-de-nubie.fr\/blog\/alumni-a-la-rencontre-de-marguerite-boulanger-autrice-et-illustratrice-de-bd\/#article","isPartOf":{"@id":"https:\/\/www.temples-de-nubie.fr\/blog\/alumni-a-la-rencontre-de-marguerite-boulanger-autrice-et-illustratrice-de-bd\/"},"author":{"name":"Johana RIVET","@id":"https:\/\/www.temples-de-nubie.fr\/blog\/#\/schema\/person\/dc169e68726228008f8559d372397a09"},"headline":"ALUMNI : \u00c0 la rencontre de Marguerite Boulanger. Autrice et illustratrice de BD","datePublished":"2023-10-04T13:19:32+00:00","mainEntityOfPage":{"@id":"https:\/\/www.temples-de-nubie.fr\/blog\/alumni-a-la-rencontre-de-marguerite-boulanger-autrice-et-illustratrice-de-bd\/"},"wordCount":942,"publisher":{"@id":"https:\/\/www.temples-de-nubie.fr\/blog\/#organization"},"articleSection":["Informations Th\u00e8me Temples De Nubie.:"],"inLanguage":"fr-FR"},{"@type":"WebPage","@id":"https:\/\/www.temples-de-nubie.fr\/blog\/alumni-a-la-rencontre-de-marguerite-boulanger-autrice-et-illustratrice-de-bd\/","url":"https:\/\/www.temples-de-nubie.fr\/blog\/alumni-a-la-rencontre-de-marguerite-boulanger-autrice-et-illustratrice-de-bd\/","name":"ALUMNI : \u00c0 la rencontre de Marguerite Boulanger. Autrice et illustratrice de BD - TEMPLES-DE-NUBIE","isPartOf":{"@id":"https:\/\/www.temples-de-nubie.fr\/blog\/#website"},"datePublished":"2023-10-04T13:19:32+00:00","breadcrumb":{"@id":"https:\/\/www.temples-de-nubie.fr\/blog\/alumni-a-la-rencontre-de-marguerite-boulanger-autrice-et-illustratrice-de-bd\/#breadcrumb"},"inLanguage":"fr-FR","potentialAction":[{"@type":"ReadAction","target":["https:\/\/www.temples-de-nubie.fr\/blog\/alumni-a-la-rencontre-de-marguerite-boulanger-autrice-et-illustratrice-de-bd\/"]}]},{"@type":"BreadcrumbList","@id":"https:\/\/www.temples-de-nubie.fr\/blog\/alumni-a-la-rencontre-de-marguerite-boulanger-autrice-et-illustratrice-de-bd\/#breadcrumb","itemListElement":[{"@type":"ListItem","position":1,"name":"Accueil","item":"https:\/\/www.temples-de-nubie.fr\/blog\/"},{"@type":"ListItem","position":2,"name":"ALUMNI : \u00c0 la rencontre de Marguerite Boulanger. Autrice et illustratrice de BD"}]},{"@type":"WebSite","@id":"https:\/\/www.temples-de-nubie.fr\/blog\/#website","url":"https:\/\/www.temples-de-nubie.fr\/blog\/","name":"TEMPLES-DE-NUBIE","description":"Temples de Nubie.; conservations ressources, \u00e0 savoir et retenir.","publisher":{"@id":"https:\/\/www.temples-de-nubie.fr\/blog\/#organization"},"potentialAction":[{"@type":"SearchAction","target":{"@type":"EntryPoint","urlTemplate":"https:\/\/www.temples-de-nubie.fr\/blog\/?s={search_term_string}"},"query-input":{"@type":"PropertyValueSpecification","valueRequired":true,"valueName":"search_term_string"}}],"inLanguage":"fr-FR"},{"@type":"Organization","@id":"https:\/\/www.temples-de-nubie.fr\/blog\/#organization","name":"temples-de-nubie","url":"https:\/\/www.temples-de-nubie.fr\/blog\/","logo":{"@type":"ImageObject","inLanguage":"fr-FR","@id":"https:\/\/www.temples-de-nubie.fr\/blog\/#\/schema\/logo\/image\/","url":"https:\/\/www.temples-de-nubie.fr\/blog\/wp-content\/uploads\/2023\/09\/cropped-temple-2.jpg","contentUrl":"https:\/\/www.temples-de-nubie.fr\/blog\/wp-content\/uploads\/2023\/09\/cropped-temple-2.jpg","width":971,"height":170,"caption":"temples-de-nubie"},"image":{"@id":"https:\/\/www.temples-de-nubie.fr\/blog\/#\/schema\/logo\/image\/"}},{"@type":"Person","@id":"https:\/\/www.temples-de-nubie.fr\/blog\/#\/schema\/person\/dc169e68726228008f8559d372397a09","name":"Johana RIVET","image":{"@type":"ImageObject","inLanguage":"fr-FR","@id":"https:\/\/secure.gravatar.com\/avatar\/4193b46a713fb7f0cc3d083cce5f3f81882137f825dedf603b244770965e799a?s=96&d=mm&r=g","url":"https:\/\/secure.gravatar.com\/avatar\/4193b46a713fb7f0cc3d083cce5f3f81882137f825dedf603b244770965e799a?s=96&d=mm&r=g","contentUrl":"https:\/\/secure.gravatar.com\/avatar\/4193b46a713fb7f0cc3d083cce5f3f81882137f825dedf603b244770965e799a?s=96&d=mm&r=g","caption":"Johana RIVET"},"url":"https:\/\/www.temples-de-nubie.fr\/blog\/author\/biejohana\/"}]}},"_links":{"self":[{"href":"https:\/\/www.temples-de-nubie.fr\/blog\/wp-json\/wp\/v2\/posts\/58","targetHints":{"allow":["GET"]}}],"collection":[{"href":"https:\/\/www.temples-de-nubie.fr\/blog\/wp-json\/wp\/v2\/posts"}],"about":[{"href":"https:\/\/www.temples-de-nubie.fr\/blog\/wp-json\/wp\/v2\/types\/post"}],"author":[{"embeddable":true,"href":"https:\/\/www.temples-de-nubie.fr\/blog\/wp-json\/wp\/v2\/users\/3"}],"replies":[{"embeddable":true,"href":"https:\/\/www.temples-de-nubie.fr\/blog\/wp-json\/wp\/v2\/comments?post=58"}],"version-history":[{"count":0,"href":"https:\/\/www.temples-de-nubie.fr\/blog\/wp-json\/wp\/v2\/posts\/58\/revisions"}],"wp:attachment":[{"href":"https:\/\/www.temples-de-nubie.fr\/blog\/wp-json\/wp\/v2\/media?parent=58"}],"wp:term":[{"taxonomy":"category","embeddable":true,"href":"https:\/\/www.temples-de-nubie.fr\/blog\/wp-json\/wp\/v2\/categories?post=58"},{"taxonomy":"post_tag","embeddable":true,"href":"https:\/\/www.temples-de-nubie.fr\/blog\/wp-json\/wp\/v2\/tags?post=58"}],"curies":[{"name":"wp","href":"https:\/\/api.w.org\/{rel}","templated":true}]}}