{"id":64,"date":"2023-11-02T15:36:30","date_gmt":"2023-11-02T14:36:30","guid":{"rendered":"https:\/\/www.site.cdcl.xyz\/2023\/11\/02\/culture-innovation-attractivite-les-defis-de-la-cite-internationale-de-la-langue-francaise\/"},"modified":"2023-11-02T15:36:30","modified_gmt":"2023-11-02T14:36:30","slug":"culture-innovation-attractivite-les-defis-de-la-cite-internationale-de-la-langue-francaise","status":"publish","type":"post","link":"https:\/\/www.temples-de-nubie.fr\/blog\/culture-innovation-attractivite-les-defis-de-la-cite-internationale-de-la-langue-francaise\/","title":{"rendered":"Culture, innovation, attractivit\u00e9\u2026 les d\u00e9fis de la Cit\u00e9 internationale de la langue fran\u00e7aise"},"content":{"rendered":"\n<div id>\n<div class=\"align-left ez-embed-type-image\">\n<div class=\"story\">\n<div class=\"cls rs_skip\">\n<figure role=\"figure\" aria-label=\"Emmanuel Macron, Pr\u00e9sident de la R\u00e9publique, entour\u00e9 de Rima Abdul Malak, ministre de la Culture, et de Paul Rondin, directeur de la Cit\u00e9 \u00a9 Pr\u00e9sidence de la R\u00e9publique\" class=\"attribute-picture \"> <img decoding=\"async\" src=\"https:\/\/www.temples-de-nubie.fr\/blog\/wp-content\/uploads\/2023\/11\/culture-innovation-attractivite-les-defis-de-la-cite-internationale-de-la-langue-francaise.jpg\" alt=\"tout avec sourire rondin.jpg\" class=\" alias_Moyenne_360x440 \" data-height=\"240 \" data-width=\"360 \"><figcaption>\n<div class=\"new_copyright\"> <button class=\"copyright-circle\" type=\"button\"><br \/><span>c<\/span><br \/><\/button><\/p>\n<p> Emmanuel Macron, Pr\u00e9sident de la R\u00e9publique, entour\u00e9 de Rima Abdul Malak, ministre de la Culture, et de Paul Rondin, directeur de la Cit\u00e9 \u00a9 Pr\u00e9sidence de la R\u00e9publique <\/p>\n<\/div>\n<\/figcaption><\/figure>\n<\/div>\n<\/div>\n<\/div>\n<p>C\u2019est un choix hautement symbolique. Le ch\u00e2teau de Villers-Cotter\u00eats, situ\u00e9 dans l\u2019Aisne (Hauts-de-France), o\u00f9 la Cit\u00e9 internationale de la langue fran\u00e7aise a \u00e9t\u00e9 inaugur\u00e9e le 30 octobre par le Pr\u00e9sident de la R\u00e9publique, est le lieu m\u00eame o\u00f9 Fran\u00e7ois Ier signa, en 1539, une ordonnance c\u00e9l\u00e8bre, qui fit du fran\u00e7ais la langue de l\u2019administration et du droit en lieu et place du latin.<\/p>\n<p>Ce ch\u00e2teau exceptionnel, vestige de la Renaissance, a fait l\u2019objet d\u2019une restauration exemplaire. \u00ab <em>Gr\u00e2ce au Centre des monuments nationaux, dont le savoir-faire et l\u2019investissement sans faille doivent \u00eatre salu\u00e9s, tout a \u00e9t\u00e9 fait pour que ce patrimoine en tout point exceptionnel ne disparaisse pas<\/em> \u00bb, souligne Paul Rondin, directeur de la Cit\u00e9 internationale de la langue fran\u00e7aise.<\/p>\n<p>Un \u00ab <em>lieu de m\u00e9moire <\/em>\u00bb r\u00e9solument ouvert sur le monde : c\u2019est tout le sens du projet de cette Cit\u00e9, premier \u00e9quipement d\u2019envergure nationale enti\u00e8rement consacr\u00e9 au fran\u00e7ais. Son ambition ? Faire vivre notre langue dans toute sa diversit\u00e9 \u00e0 travers une programmation culturelle ambitieuse.<\/p>\n<p>A Villers-Cotter\u00eats, dans cet \u00ab <em>\u00e9crin magnifique <\/em>\u00bb, \u00ab <em>la langue fran\u00e7aise a enfin trouv\u00e9 un lieu \u00e0 sa mesure <\/em>\u00bb, s\u2019est f\u00e9licit\u00e9e Rima Abdul Malak, ministre de la Culture.<\/p>\n<h2>Une offre diversifi\u00e9e pour parler \u00e0 tous les publics<\/h2>\n<div class=\"align-left ez-embed-type-image\">\n<div class=\"story\">\n<div class=\"cls rs_skip\">\n<figure role=\"figure\" aria-label=\"La biblioth\u00e8que magique \u00a9 Pr\u00e9sidence de la R\u00e9publique\" class=\"attribute-picture \"> <img decoding=\"async\" src=\"https:\/\/www.temples-de-nubie.fr\/blog\/wp-content\/uploads\/2023\/11\/culture-innovation-attractivite-les-defis-de-la-cite-internationale-de-la-langue-francaise-1.jpg\" alt=\"VC-BIBLIOTHEQUE-MAGIQUE.jpg\" class=\" alias_Moyenne_360x440 \" data-height=\"240 \" data-width=\"360 \"><figcaption>\n<div class=\"new_copyright\"> <button class=\"copyright-circle\" type=\"button\"><br \/><span>c<\/span><br \/><\/button><\/p>\n<p> La biblioth\u00e8que magique \u00a9 Pr\u00e9sidence de la R\u00e9publique <\/p>\n<\/div>\n<\/figcaption><\/figure>\n<\/div>\n<\/div>\n<\/div>\n<p>Au ch\u00e2teau de Villers-Cotter\u00eats, le public, amateurs \u00e9clair\u00e9s ou simples curieux, pourra d\u00e9couvrir toute la richesse de l\u2019offre culturelle de la Cit\u00e9 qui fait rayonner la langue fran\u00e7aise sous toutes ses dimensions. A commencer par le \u00ab parcours de visite \u00bb, con\u00e7u sous l\u2019\u00e9gide de l\u2019acad\u00e9micienne Barbara Cassin, du metteur en sc\u00e8ne Hassane Kassi Kouyate, qui dirige les Francophonies de Limoges, de Xavier North, ancien d\u00e9l\u00e9gu\u00e9 g\u00e9n\u00e9ral \u00e0 la langue fran\u00e7aise et aux langues de France au minist\u00e8re de la Culture, et de Zeev Gourarier, directeur scientifique du MUCEM, \u00e0 Marseille.<\/p>\n<p>Cette programmation raconte l\u2019aventure de la langue fran\u00e7aise \u00e0 travers sa culture, son histoire, sa dimension sociale et ses relations avec les autres langues, dans une sc\u00e9nographie originale centr\u00e9e autour d\u2019un ensemble d\u2019exp\u00e9riences ludiques et participatives.<\/p>\n<h2>Un p\u00f4le de r\u00e9f\u00e9rence d\u00e9di\u00e9 aux technologies de la langue<\/h2>\n<div class=\"align-left ez-embed-type-image\">\n<div class=\"story\">\n<div class=\"cls rs_skip\">\n<figure role=\"figure\" aria-label=\"Cit\u00e9 internationale de la langue francaise \u00a9Didier Plowy\" class=\"attribute-picture \"> <img decoding=\"async\" src=\"https:\/\/www.temples-de-nubie.fr\/blog\/wp-content\/uploads\/2023\/11\/culture-innovation-attractivite-les-defis-de-la-cite-internationale-de-la-langue-francaise-3.jpg\" alt=\"Cit\u00e9 Int. de la langue fran\u00e7aise (c) Didier Plowy 2.jpg\" class=\" alias_Moyenne_360x440 \" data-height=\"240 \" data-width=\"360 \"><figcaption>\n<div class=\"new_copyright\"> <button class=\"copyright-circle\" type=\"button\"><br \/><span>c<\/span><br \/><\/button><\/p>\n<p> Cit\u00e9 internationale de la langue fran\u00e7aise \u00a9Didier Plowy <\/p>\n<\/div>\n<\/figcaption><\/figure>\n<\/div>\n<\/div>\n<\/div>\n<p>La Cit\u00e9 internationale de la langue fran\u00e7aise va \u00eatre aussi un v\u00e9ritable laboratoire des langues et de la francophonie.<\/p>\n<p>Artistes, chercheurs, p\u00e9dagogues mais aussi entrepreneurs y viendront en r\u00e9sidence, depuis la France et l\u2019\u00e9tranger, mener \u00e0 un bien un projet (de recherche ou de cr\u00e9ation) en lien avec le fran\u00e7ais, dont ils pr\u00e9senteront les r\u00e9sultats dans les espaces de la Citer.<\/p>\n<p>Celle-ci, en lien avec de nombreux partenaires, verra na\u00eetre le Centre de r\u00e9f\u00e9rence fran\u00e7ais puis europ\u00e9en d\u00e9di\u00e9 aux technologies du langage, un incubateur unique en Europe.<\/p>\n<p>Stages, formations, rencontres professionnelles, ateliers et autres caf\u00e9s p\u00e9dagogiques vont sans rel\u00e2che bruisser dans le ch\u00e2teau, o\u00f9 se croiseront d\u2019un jour \u00e0 l\u2019autre tels professeurs en formation, enseignant le fran\u00e7ais \u00e0 des personnes allophones, tels \u00ab apprenants \u00bb venus s \u2018approprier la langue, tels professionnels de la lutte contre l\u2019illettrisme et l\u2019illectronisme, venus se rencontrer et se former \u00e0 l\u2019utilisation de nouvelles ressources dans les espaces partag\u00e9s de la Cit\u00e9.<\/p>\n<p>Des jeunes des Hauts-de-France, du Qu\u00e9bec, de pays d\u2019Afrique ou d\u2019ailleurs vont profiter des programmes de mobilit\u00e9, que la Cit\u00e9 organise d\u2019ores et d\u00e9j\u00e0 avec ses diff\u00e9rents partenaires internationaux, pour partir ou venir renforcer leurs comp\u00e9tences professionnelles et leur employabilit\u00e9. Des \u00e9trangers primo-arrivants, venus \u00e0 la Cit\u00e9 internationale pourront aussi mettre \u00e0 profit le programme civique et culturel de leur contrat d\u2019int\u00e9gration r\u00e9publicaine.<\/p>\n<h2>La Cit\u00e9 internationale de la langue fran\u00e7aise et le ch\u00e2teau de Villers-Cotter\u00eats, enti\u00e8rement inscrits dans le territoire<\/h2>\n<div class=\"align-left ez-embed-type-image\">\n<div class=\"story\">\n<div class=\"cls rs_skip\">\n<figure role=\"figure\" aria-label=\"L'aventure du fran\u00e7ais \u00a9 Pr\u00e9sidence de la R\u00e9publique\" class=\"attribute-picture \"> <img decoding=\"async\" src=\"https:\/\/www.site.cdcl.xyz\/wp-content\/uploads\/2023\/11\/1698943755_371_Culture-innovation-attractivite\u2026-les-defis-de-la-Cite-internationale-de.jpg\" alt=\"VC-LABYRINTHE-MOTS.jpg\" class=\" alias_Moyenne_360x440 \" data-height=\"240 \" data-width=\"360 \"><figcaption>\n<div class=\"new_copyright\"> <button class=\"copyright-circle\" type=\"button\"><br \/><span>c<\/span><br \/><\/button><\/p>\n<p> L\u2019aventure du fran\u00e7ais \u00a9 Pr\u00e9sidence de la R\u00e9publique <\/p>\n<\/div>\n<\/figcaption><\/figure>\n<\/div>\n<\/div>\n<\/div>\n<p>Le ch\u00e2teau et la Cit\u00e9 internationale de la langue fran\u00e7aise s\u2019inscrivent au c\u0153ur d\u2019un territoire embl\u00e9matique de l\u2019histoire litt\u00e9raire et historique de notre pays. Ville de naissance d\u2019Alexandre Dumas, Villers-Cotter\u00eats est une \u00e9tape de la \u00ab Route europ\u00e9enne d\u2019Artagnan \u00bb qui b\u00e9n\u00e9ficie du label d\u00e9livr\u00e9 par le Conseil de l\u2019Europe, \u00ab Itin\u00e9raire culturel europ\u00e9en \u00bb.<\/p>\n<p>Villers-Cotter\u00eats est \u00e9galement situ\u00e9e \u00e0 10 km de la Fert\u00e9-Milon, ville de Racine, \u00e0 40 km de Ch\u00e2teau-Thierry, ville de La Fontaine, \u00e0 35 km de Villeneuve-sur-F\u00e8re, ville de Paul et Camille Claudel ou encore \u00e0 40 km d\u2019Ermenonville o\u00f9 plan encore l\u2019\u00e2me de Jean-Jacques Rousseau.<\/p>\n<p>Sans oublier, les ch\u00e2teaux de Pierrefonds, de Septmonts, de Compi\u00e8gne, de Chantilly, de Cond\u00e9 qui font la richesse patrimoniale du territoire dans lequel la Cit\u00e9 s\u2019inscrit.<\/p>\n<p>Par ailleurs, le ch\u00e2teau de Villers-Cotter\u00eats s\u2019inscrit dans un patrimoine naturel exceptionnel. Avec plus de 13 000 hectares bois\u00e9s, la for\u00eat domaniale de Retz a re\u00e7u le label For\u00eat d\u2019Exception, d\u00e9livr\u00e9 par l\u2019Office national des for\u00eats, qui consacre la qualit\u00e9 de ce massif forestier, mais aussi l\u2019exemplarit\u00e9 des actions men\u00e9es par les partenaires engag\u00e9s. Ses hautes et majestueuses futaies sont de cath\u00e9drales de v\u00e9ritables \u00eatres, fa\u00e7onn\u00e9es par l\u2019homme et per\u00e7ues comme des dons de la nature. Ses ch\u00eanes centenaires sont issus d\u2019une sylviculture h\u00e9rit\u00e9e de plusieurs g\u00e9n\u00e9rations de forestiers ont fourni en 2021 le mat\u00e9riau de construction d\u2019un vaisseau de la marine royale de Louis XIV, le Jean Bart, suivant des techniques traditionnelles remontant au XVIIe si\u00e8cle.<\/p>\n<div class=\"encadre clearfix\">\n<h2>Archives nationales : l\u2019ordonnance de Villers-Cotter\u00eats pr\u00eate \u00e0 la Cit\u00e9<\/h2>\n<div class=\" ez-embed-type-image\">\n<div class=\"story\">\n<div class=\"cls rs_skip\">\n<figure role=\"figure\" aria-label=\"L'ordonnance de Villers-Cotter\u00eats \u00a9 Pr\u00e9sidence de la R\u00e9publique\" class=\"attribute-picture \"><img decoding=\"async\" src=\"https:\/\/www.temples-de-nubie.fr\/blog\/wp-content\/uploads\/2023\/11\/culture-innovation-attractivite-les-defis-de-la-cite-internationale-de-la-langue-francaise-7.jpg\" alt=\"ORDONNANCE-VILLERS-COTTERETS.jpg\" class=\" alias_Grande \" data-height=\"550 \" data-width=\"825 \"><figcaption>\n<div class=\"new_copyright\"><button class=\"copyright-circle\" type=\"button\"><span>c<\/span><\/button><\/p>\n<p> L\u2019ordonnance de Villers-Cotter\u00eats \u00a9 Pr\u00e9sidence de la R\u00e9publique <\/p>\n<\/div>\n<\/figcaption><\/figure>\n<\/div>\n<\/div>\n<\/div>\n<p>C\u2019est un texte devenu mythique : l\u2019ordonnance de Villers-Cotter\u00eats. C\u2019est aussi la plus ancienne loi encore en vigueur en France. On admet volontiers qu\u2019elle acte la naissance du fran\u00e7ais. Plus exactement, le texte ordonne, dans son article 111, la r\u00e9daction des actes de justice \u00ab en langue maternelle fran\u00e7ois et non autrement \u00bb.<\/p>\n<p>Il s\u2019agissait davantage d\u2019une mesure technique, pour contribuer au d\u00e9sengorgement des tribunaux et \u00e0 la bonne compr\u00e9hension des justiciables mais cet acte fera date et sera fondateur.<\/p>\n<p>Ce papier vieux de 484 ans, imprim\u00e9 en 1539, vestige d\u2019un tirage de 20 000 exemplaires distribu\u00e9s \u00e0 Paris et en province par le libraire parisien Galiot du Pr\u00e9, a quitt\u00e9 le lundi 9 octobre les Archives nationales pour rejoindre la Cit\u00e9 internationale de la langue fran\u00e7aise. Le public pourra examiner ce texte fondateur sous sa vitrine au ch\u00e2teau de Villers-Cotter\u00eats, jusqu\u2019au mois de janvier, date \u00e0 laquelle son retour est pr\u00e9vu aux Archives nationales de France.<\/p>\n<\/p><\/div>\n<\/p><\/div>\n<p> Ce paragraphe parlant du sujet \u00ab\u00a0Temples de Nubie.\u00a0\u00bb a \u00e9t\u00e9 tri\u00e9 sur le web par les r\u00e9dacteurs de temples-de-nubie.fr. temples-de-nubie.fr est blog d&rsquo;information qui conserve des nouvelles publi\u00e9es sur le net dont le sujet central est \u00ab\u00a0Temples de Nubie.\u00a0\u00bb. La chronique se veut produite du mieux possible. Dans la mesure o\u00f9 vous d\u00e9sirez pr\u00e9senter des informations suppl\u00e9mentaires \u00e0 cet article sur le sujet \u00ab\u00a0Temples de Nubie.\u00a0\u00bb vous pouvez utiliser les coordonn\u00e9es affich\u00e9es sur ce site web. Il y a de pr\u00e9vu divers travaux autour du sujet \u00ab\u00a0Temples de Nubie.\u00a0\u00bb dans les jours \u00e0 venir, on vous invite \u00e0 naviguer sur notre site web \u00e0 plusieurs reprises.<\/p>\n","protected":false},"excerpt":{"rendered":"<p>c Emmanuel Macron, Pr\u00e9sident de la R\u00e9publique, entour\u00e9 de Rima Abdul Malak, ministre de la Culture, et de Paul Rondin, directeur de la Cit\u00e9 \u00a9 Pr\u00e9sidence de la R\u00e9publique C\u2019est un choix hautement symbolique. Le ch\u00e2teau de Villers-Cotter\u00eats, situ\u00e9 dans l\u2019Aisne (Hauts-de-France), o\u00f9 la Cit\u00e9 internationale de la langue fran\u00e7aise a \u00e9t\u00e9 inaugur\u00e9e le 30 [&hellip;]<\/p>\n","protected":false},"author":3,"featured_media":66,"comment_status":"closed","ping_status":"closed","sticky":false,"template":"","format":"standard","meta":{"footnotes":""},"categories":[4],"tags":[],"class_list":["post-64","post","type-post","status-publish","format-standard","has-post-thumbnail","hentry","category-informations-theme-temples-de-nubie"],"yoast_head":"<!-- This site is optimized with the Yoast SEO plugin v27.5 - https:\/\/yoast.com\/product\/yoast-seo-wordpress\/ -->\n<title>Culture, innovation, attractivit\u00e9\u2026 les d\u00e9fis de la Cit\u00e9 internationale de la langue fran\u00e7aise - TEMPLES-DE-NUBIE<\/title>\n<meta name=\"robots\" content=\"index, follow, max-snippet:-1, max-image-preview:large, max-video-preview:-1\" \/>\n<link rel=\"canonical\" href=\"https:\/\/www.temples-de-nubie.fr\/blog\/culture-innovation-attractivite-les-defis-de-la-cite-internationale-de-la-langue-francaise\/\" \/>\n<meta property=\"og:locale\" content=\"fr_FR\" \/>\n<meta property=\"og:type\" content=\"article\" \/>\n<meta property=\"og:title\" content=\"Culture, innovation, attractivit\u00e9\u2026 les d\u00e9fis de la Cit\u00e9 internationale de la langue fran\u00e7aise - TEMPLES-DE-NUBIE\" \/>\n<meta property=\"og:description\" content=\"c Emmanuel Macron, Pr\u00e9sident de la R\u00e9publique, entour\u00e9 de Rima Abdul Malak, ministre de la Culture, et de Paul Rondin, directeur de la Cit\u00e9 \u00a9 Pr\u00e9sidence de la R\u00e9publique C\u2019est un choix hautement symbolique. Le ch\u00e2teau de Villers-Cotter\u00eats, situ\u00e9 dans l\u2019Aisne (Hauts-de-France), o\u00f9 la Cit\u00e9 internationale de la langue fran\u00e7aise a \u00e9t\u00e9 inaugur\u00e9e le 30 [&hellip;]\" \/>\n<meta property=\"og:url\" content=\"https:\/\/www.temples-de-nubie.fr\/blog\/culture-innovation-attractivite-les-defis-de-la-cite-internationale-de-la-langue-francaise\/\" \/>\n<meta property=\"og:site_name\" content=\"TEMPLES-DE-NUBIE\" \/>\n<meta property=\"article:published_time\" content=\"2023-11-02T14:36:30+00:00\" \/>\n<meta property=\"og:image\" content=\"https:\/\/www.temples-de-nubie.fr\/blog\/wp-content\/uploads\/2023\/11\/culture-innovation-attractivite-les-defis-de-la-cite-internationale-de-la-langue-francaise.jpg\" \/>\n<meta name=\"author\" content=\"Johana RIVET\" \/>\n<meta name=\"twitter:card\" content=\"summary_large_image\" \/>\n<meta name=\"twitter:label1\" content=\"\u00c9crit par\" \/>\n\t<meta name=\"twitter:data1\" content=\"Johana RIVET\" \/>\n\t<meta name=\"twitter:label2\" content=\"Dur\u00e9e de lecture estim\u00e9e\" \/>\n\t<meta name=\"twitter:data2\" content=\"7 minutes\" \/>\n<script type=\"application\/ld+json\" class=\"yoast-schema-graph\">{\"@context\":\"https:\\\/\\\/schema.org\",\"@graph\":[{\"@type\":\"Article\",\"@id\":\"https:\\\/\\\/www.temples-de-nubie.fr\\\/blog\\\/culture-innovation-attractivite-les-defis-de-la-cite-internationale-de-la-langue-francaise\\\/#article\",\"isPartOf\":{\"@id\":\"https:\\\/\\\/www.temples-de-nubie.fr\\\/blog\\\/culture-innovation-attractivite-les-defis-de-la-cite-internationale-de-la-langue-francaise\\\/\"},\"author\":{\"name\":\"Johana RIVET\",\"@id\":\"https:\\\/\\\/www.temples-de-nubie.fr\\\/blog\\\/#\\\/schema\\\/person\\\/dc169e68726228008f8559d372397a09\"},\"headline\":\"Culture, innovation, attractivit\u00e9\u2026 les d\u00e9fis de la Cit\u00e9 internationale de la langue fran\u00e7aise\",\"datePublished\":\"2023-11-02T14:36:30+00:00\",\"mainEntityOfPage\":{\"@id\":\"https:\\\/\\\/www.temples-de-nubie.fr\\\/blog\\\/culture-innovation-attractivite-les-defis-de-la-cite-internationale-de-la-langue-francaise\\\/\"},\"wordCount\":1319,\"publisher\":{\"@id\":\"https:\\\/\\\/www.temples-de-nubie.fr\\\/blog\\\/#organization\"},\"image\":{\"@id\":\"https:\\\/\\\/www.temples-de-nubie.fr\\\/blog\\\/culture-innovation-attractivite-les-defis-de-la-cite-internationale-de-la-langue-francaise\\\/#primaryimage\"},\"thumbnailUrl\":\"https:\\\/\\\/www.temples-de-nubie.fr\\\/blog\\\/wp-content\\\/uploads\\\/2023\\\/11\\\/culture-innovation-attractivite-les-defis-de-la-cite-internationale-de-la-langue-francaise.jpg\",\"articleSection\":[\"Informations Th\u00e8me Temples De Nubie.:\"],\"inLanguage\":\"fr-FR\"},{\"@type\":\"WebPage\",\"@id\":\"https:\\\/\\\/www.temples-de-nubie.fr\\\/blog\\\/culture-innovation-attractivite-les-defis-de-la-cite-internationale-de-la-langue-francaise\\\/\",\"url\":\"https:\\\/\\\/www.temples-de-nubie.fr\\\/blog\\\/culture-innovation-attractivite-les-defis-de-la-cite-internationale-de-la-langue-francaise\\\/\",\"name\":\"Culture, innovation, attractivit\u00e9\u2026 les d\u00e9fis de la Cit\u00e9 internationale de la langue fran\u00e7aise - TEMPLES-DE-NUBIE\",\"isPartOf\":{\"@id\":\"https:\\\/\\\/www.temples-de-nubie.fr\\\/blog\\\/#website\"},\"primaryImageOfPage\":{\"@id\":\"https:\\\/\\\/www.temples-de-nubie.fr\\\/blog\\\/culture-innovation-attractivite-les-defis-de-la-cite-internationale-de-la-langue-francaise\\\/#primaryimage\"},\"image\":{\"@id\":\"https:\\\/\\\/www.temples-de-nubie.fr\\\/blog\\\/culture-innovation-attractivite-les-defis-de-la-cite-internationale-de-la-langue-francaise\\\/#primaryimage\"},\"thumbnailUrl\":\"https:\\\/\\\/www.temples-de-nubie.fr\\\/blog\\\/wp-content\\\/uploads\\\/2023\\\/11\\\/culture-innovation-attractivite-les-defis-de-la-cite-internationale-de-la-langue-francaise.jpg\",\"datePublished\":\"2023-11-02T14:36:30+00:00\",\"breadcrumb\":{\"@id\":\"https:\\\/\\\/www.temples-de-nubie.fr\\\/blog\\\/culture-innovation-attractivite-les-defis-de-la-cite-internationale-de-la-langue-francaise\\\/#breadcrumb\"},\"inLanguage\":\"fr-FR\",\"potentialAction\":[{\"@type\":\"ReadAction\",\"target\":[\"https:\\\/\\\/www.temples-de-nubie.fr\\\/blog\\\/culture-innovation-attractivite-les-defis-de-la-cite-internationale-de-la-langue-francaise\\\/\"]}]},{\"@type\":\"ImageObject\",\"inLanguage\":\"fr-FR\",\"@id\":\"https:\\\/\\\/www.temples-de-nubie.fr\\\/blog\\\/culture-innovation-attractivite-les-defis-de-la-cite-internationale-de-la-langue-francaise\\\/#primaryimage\",\"url\":\"https:\\\/\\\/www.temples-de-nubie.fr\\\/blog\\\/wp-content\\\/uploads\\\/2023\\\/11\\\/culture-innovation-attractivite-les-defis-de-la-cite-internationale-de-la-langue-francaise.jpg\",\"contentUrl\":\"https:\\\/\\\/www.temples-de-nubie.fr\\\/blog\\\/wp-content\\\/uploads\\\/2023\\\/11\\\/culture-innovation-attractivite-les-defis-de-la-cite-internationale-de-la-langue-francaise.jpg\",\"width\":360,\"height\":240},{\"@type\":\"BreadcrumbList\",\"@id\":\"https:\\\/\\\/www.temples-de-nubie.fr\\\/blog\\\/culture-innovation-attractivite-les-defis-de-la-cite-internationale-de-la-langue-francaise\\\/#breadcrumb\",\"itemListElement\":[{\"@type\":\"ListItem\",\"position\":1,\"name\":\"Accueil\",\"item\":\"https:\\\/\\\/www.temples-de-nubie.fr\\\/blog\\\/\"},{\"@type\":\"ListItem\",\"position\":2,\"name\":\"Culture, innovation, attractivit\u00e9\u2026 les d\u00e9fis de la Cit\u00e9 internationale de la langue fran\u00e7aise\"}]},{\"@type\":\"WebSite\",\"@id\":\"https:\\\/\\\/www.temples-de-nubie.fr\\\/blog\\\/#website\",\"url\":\"https:\\\/\\\/www.temples-de-nubie.fr\\\/blog\\\/\",\"name\":\"TEMPLES-DE-NUBIE\",\"description\":\"Temples de Nubie.; conservations ressources, \u00e0 savoir et retenir.\",\"publisher\":{\"@id\":\"https:\\\/\\\/www.temples-de-nubie.fr\\\/blog\\\/#organization\"},\"potentialAction\":[{\"@type\":\"SearchAction\",\"target\":{\"@type\":\"EntryPoint\",\"urlTemplate\":\"https:\\\/\\\/www.temples-de-nubie.fr\\\/blog\\\/?s={search_term_string}\"},\"query-input\":{\"@type\":\"PropertyValueSpecification\",\"valueRequired\":true,\"valueName\":\"search_term_string\"}}],\"inLanguage\":\"fr-FR\"},{\"@type\":\"Organization\",\"@id\":\"https:\\\/\\\/www.temples-de-nubie.fr\\\/blog\\\/#organization\",\"name\":\"temples-de-nubie\",\"url\":\"https:\\\/\\\/www.temples-de-nubie.fr\\\/blog\\\/\",\"logo\":{\"@type\":\"ImageObject\",\"inLanguage\":\"fr-FR\",\"@id\":\"https:\\\/\\\/www.temples-de-nubie.fr\\\/blog\\\/#\\\/schema\\\/logo\\\/image\\\/\",\"url\":\"https:\\\/\\\/www.temples-de-nubie.fr\\\/blog\\\/wp-content\\\/uploads\\\/2023\\\/09\\\/cropped-temple-2.jpg\",\"contentUrl\":\"https:\\\/\\\/www.temples-de-nubie.fr\\\/blog\\\/wp-content\\\/uploads\\\/2023\\\/09\\\/cropped-temple-2.jpg\",\"width\":971,\"height\":170,\"caption\":\"temples-de-nubie\"},\"image\":{\"@id\":\"https:\\\/\\\/www.temples-de-nubie.fr\\\/blog\\\/#\\\/schema\\\/logo\\\/image\\\/\"}},{\"@type\":\"Person\",\"@id\":\"https:\\\/\\\/www.temples-de-nubie.fr\\\/blog\\\/#\\\/schema\\\/person\\\/dc169e68726228008f8559d372397a09\",\"name\":\"Johana RIVET\",\"image\":{\"@type\":\"ImageObject\",\"inLanguage\":\"fr-FR\",\"@id\":\"https:\\\/\\\/secure.gravatar.com\\\/avatar\\\/4193b46a713fb7f0cc3d083cce5f3f81882137f825dedf603b244770965e799a?s=96&d=mm&r=g\",\"url\":\"https:\\\/\\\/secure.gravatar.com\\\/avatar\\\/4193b46a713fb7f0cc3d083cce5f3f81882137f825dedf603b244770965e799a?s=96&d=mm&r=g\",\"contentUrl\":\"https:\\\/\\\/secure.gravatar.com\\\/avatar\\\/4193b46a713fb7f0cc3d083cce5f3f81882137f825dedf603b244770965e799a?s=96&d=mm&r=g\",\"caption\":\"Johana RIVET\"},\"url\":\"https:\\\/\\\/www.temples-de-nubie.fr\\\/blog\\\/author\\\/biejohana\\\/\"}]}<\/script>\n<!-- \/ Yoast SEO plugin. -->","yoast_head_json":{"title":"Culture, innovation, attractivit\u00e9\u2026 les d\u00e9fis de la Cit\u00e9 internationale de la langue fran\u00e7aise - TEMPLES-DE-NUBIE","robots":{"index":"index","follow":"follow","max-snippet":"max-snippet:-1","max-image-preview":"max-image-preview:large","max-video-preview":"max-video-preview:-1"},"canonical":"https:\/\/www.temples-de-nubie.fr\/blog\/culture-innovation-attractivite-les-defis-de-la-cite-internationale-de-la-langue-francaise\/","og_locale":"fr_FR","og_type":"article","og_title":"Culture, innovation, attractivit\u00e9\u2026 les d\u00e9fis de la Cit\u00e9 internationale de la langue fran\u00e7aise - TEMPLES-DE-NUBIE","og_description":"c Emmanuel Macron, Pr\u00e9sident de la R\u00e9publique, entour\u00e9 de Rima Abdul Malak, ministre de la Culture, et de Paul Rondin, directeur de la Cit\u00e9 \u00a9 Pr\u00e9sidence de la R\u00e9publique C\u2019est un choix hautement symbolique. Le ch\u00e2teau de Villers-Cotter\u00eats, situ\u00e9 dans l\u2019Aisne (Hauts-de-France), o\u00f9 la Cit\u00e9 internationale de la langue fran\u00e7aise a \u00e9t\u00e9 inaugur\u00e9e le 30 [&hellip;]","og_url":"https:\/\/www.temples-de-nubie.fr\/blog\/culture-innovation-attractivite-les-defis-de-la-cite-internationale-de-la-langue-francaise\/","og_site_name":"TEMPLES-DE-NUBIE","article_published_time":"2023-11-02T14:36:30+00:00","og_image":[{"url":"https:\/\/www.temples-de-nubie.fr\/blog\/wp-content\/uploads\/2023\/11\/culture-innovation-attractivite-les-defis-de-la-cite-internationale-de-la-langue-francaise.jpg","type":"","width":"","height":""}],"author":"Johana RIVET","twitter_card":"summary_large_image","twitter_misc":{"\u00c9crit par":"Johana RIVET","Dur\u00e9e de lecture estim\u00e9e":"7 minutes"},"schema":{"@context":"https:\/\/schema.org","@graph":[{"@type":"Article","@id":"https:\/\/www.temples-de-nubie.fr\/blog\/culture-innovation-attractivite-les-defis-de-la-cite-internationale-de-la-langue-francaise\/#article","isPartOf":{"@id":"https:\/\/www.temples-de-nubie.fr\/blog\/culture-innovation-attractivite-les-defis-de-la-cite-internationale-de-la-langue-francaise\/"},"author":{"name":"Johana RIVET","@id":"https:\/\/www.temples-de-nubie.fr\/blog\/#\/schema\/person\/dc169e68726228008f8559d372397a09"},"headline":"Culture, innovation, attractivit\u00e9\u2026 les d\u00e9fis de la Cit\u00e9 internationale de la langue fran\u00e7aise","datePublished":"2023-11-02T14:36:30+00:00","mainEntityOfPage":{"@id":"https:\/\/www.temples-de-nubie.fr\/blog\/culture-innovation-attractivite-les-defis-de-la-cite-internationale-de-la-langue-francaise\/"},"wordCount":1319,"publisher":{"@id":"https:\/\/www.temples-de-nubie.fr\/blog\/#organization"},"image":{"@id":"https:\/\/www.temples-de-nubie.fr\/blog\/culture-innovation-attractivite-les-defis-de-la-cite-internationale-de-la-langue-francaise\/#primaryimage"},"thumbnailUrl":"https:\/\/www.temples-de-nubie.fr\/blog\/wp-content\/uploads\/2023\/11\/culture-innovation-attractivite-les-defis-de-la-cite-internationale-de-la-langue-francaise.jpg","articleSection":["Informations Th\u00e8me Temples De Nubie.:"],"inLanguage":"fr-FR"},{"@type":"WebPage","@id":"https:\/\/www.temples-de-nubie.fr\/blog\/culture-innovation-attractivite-les-defis-de-la-cite-internationale-de-la-langue-francaise\/","url":"https:\/\/www.temples-de-nubie.fr\/blog\/culture-innovation-attractivite-les-defis-de-la-cite-internationale-de-la-langue-francaise\/","name":"Culture, innovation, attractivit\u00e9\u2026 les d\u00e9fis de la Cit\u00e9 internationale de la langue fran\u00e7aise - TEMPLES-DE-NUBIE","isPartOf":{"@id":"https:\/\/www.temples-de-nubie.fr\/blog\/#website"},"primaryImageOfPage":{"@id":"https:\/\/www.temples-de-nubie.fr\/blog\/culture-innovation-attractivite-les-defis-de-la-cite-internationale-de-la-langue-francaise\/#primaryimage"},"image":{"@id":"https:\/\/www.temples-de-nubie.fr\/blog\/culture-innovation-attractivite-les-defis-de-la-cite-internationale-de-la-langue-francaise\/#primaryimage"},"thumbnailUrl":"https:\/\/www.temples-de-nubie.fr\/blog\/wp-content\/uploads\/2023\/11\/culture-innovation-attractivite-les-defis-de-la-cite-internationale-de-la-langue-francaise.jpg","datePublished":"2023-11-02T14:36:30+00:00","breadcrumb":{"@id":"https:\/\/www.temples-de-nubie.fr\/blog\/culture-innovation-attractivite-les-defis-de-la-cite-internationale-de-la-langue-francaise\/#breadcrumb"},"inLanguage":"fr-FR","potentialAction":[{"@type":"ReadAction","target":["https:\/\/www.temples-de-nubie.fr\/blog\/culture-innovation-attractivite-les-defis-de-la-cite-internationale-de-la-langue-francaise\/"]}]},{"@type":"ImageObject","inLanguage":"fr-FR","@id":"https:\/\/www.temples-de-nubie.fr\/blog\/culture-innovation-attractivite-les-defis-de-la-cite-internationale-de-la-langue-francaise\/#primaryimage","url":"https:\/\/www.temples-de-nubie.fr\/blog\/wp-content\/uploads\/2023\/11\/culture-innovation-attractivite-les-defis-de-la-cite-internationale-de-la-langue-francaise.jpg","contentUrl":"https:\/\/www.temples-de-nubie.fr\/blog\/wp-content\/uploads\/2023\/11\/culture-innovation-attractivite-les-defis-de-la-cite-internationale-de-la-langue-francaise.jpg","width":360,"height":240},{"@type":"BreadcrumbList","@id":"https:\/\/www.temples-de-nubie.fr\/blog\/culture-innovation-attractivite-les-defis-de-la-cite-internationale-de-la-langue-francaise\/#breadcrumb","itemListElement":[{"@type":"ListItem","position":1,"name":"Accueil","item":"https:\/\/www.temples-de-nubie.fr\/blog\/"},{"@type":"ListItem","position":2,"name":"Culture, innovation, attractivit\u00e9\u2026 les d\u00e9fis de la Cit\u00e9 internationale de la langue fran\u00e7aise"}]},{"@type":"WebSite","@id":"https:\/\/www.temples-de-nubie.fr\/blog\/#website","url":"https:\/\/www.temples-de-nubie.fr\/blog\/","name":"TEMPLES-DE-NUBIE","description":"Temples de Nubie.; conservations ressources, \u00e0 savoir et retenir.","publisher":{"@id":"https:\/\/www.temples-de-nubie.fr\/blog\/#organization"},"potentialAction":[{"@type":"SearchAction","target":{"@type":"EntryPoint","urlTemplate":"https:\/\/www.temples-de-nubie.fr\/blog\/?s={search_term_string}"},"query-input":{"@type":"PropertyValueSpecification","valueRequired":true,"valueName":"search_term_string"}}],"inLanguage":"fr-FR"},{"@type":"Organization","@id":"https:\/\/www.temples-de-nubie.fr\/blog\/#organization","name":"temples-de-nubie","url":"https:\/\/www.temples-de-nubie.fr\/blog\/","logo":{"@type":"ImageObject","inLanguage":"fr-FR","@id":"https:\/\/www.temples-de-nubie.fr\/blog\/#\/schema\/logo\/image\/","url":"https:\/\/www.temples-de-nubie.fr\/blog\/wp-content\/uploads\/2023\/09\/cropped-temple-2.jpg","contentUrl":"https:\/\/www.temples-de-nubie.fr\/blog\/wp-content\/uploads\/2023\/09\/cropped-temple-2.jpg","width":971,"height":170,"caption":"temples-de-nubie"},"image":{"@id":"https:\/\/www.temples-de-nubie.fr\/blog\/#\/schema\/logo\/image\/"}},{"@type":"Person","@id":"https:\/\/www.temples-de-nubie.fr\/blog\/#\/schema\/person\/dc169e68726228008f8559d372397a09","name":"Johana RIVET","image":{"@type":"ImageObject","inLanguage":"fr-FR","@id":"https:\/\/secure.gravatar.com\/avatar\/4193b46a713fb7f0cc3d083cce5f3f81882137f825dedf603b244770965e799a?s=96&d=mm&r=g","url":"https:\/\/secure.gravatar.com\/avatar\/4193b46a713fb7f0cc3d083cce5f3f81882137f825dedf603b244770965e799a?s=96&d=mm&r=g","contentUrl":"https:\/\/secure.gravatar.com\/avatar\/4193b46a713fb7f0cc3d083cce5f3f81882137f825dedf603b244770965e799a?s=96&d=mm&r=g","caption":"Johana RIVET"},"url":"https:\/\/www.temples-de-nubie.fr\/blog\/author\/biejohana\/"}]}},"_links":{"self":[{"href":"https:\/\/www.temples-de-nubie.fr\/blog\/wp-json\/wp\/v2\/posts\/64","targetHints":{"allow":["GET"]}}],"collection":[{"href":"https:\/\/www.temples-de-nubie.fr\/blog\/wp-json\/wp\/v2\/posts"}],"about":[{"href":"https:\/\/www.temples-de-nubie.fr\/blog\/wp-json\/wp\/v2\/types\/post"}],"author":[{"embeddable":true,"href":"https:\/\/www.temples-de-nubie.fr\/blog\/wp-json\/wp\/v2\/users\/3"}],"replies":[{"embeddable":true,"href":"https:\/\/www.temples-de-nubie.fr\/blog\/wp-json\/wp\/v2\/comments?post=64"}],"version-history":[{"count":0,"href":"https:\/\/www.temples-de-nubie.fr\/blog\/wp-json\/wp\/v2\/posts\/64\/revisions"}],"wp:featuredmedia":[{"embeddable":true,"href":"https:\/\/www.temples-de-nubie.fr\/blog\/wp-json\/wp\/v2\/media\/66"}],"wp:attachment":[{"href":"https:\/\/www.temples-de-nubie.fr\/blog\/wp-json\/wp\/v2\/media?parent=64"}],"wp:term":[{"taxonomy":"category","embeddable":true,"href":"https:\/\/www.temples-de-nubie.fr\/blog\/wp-json\/wp\/v2\/categories?post=64"},{"taxonomy":"post_tag","embeddable":true,"href":"https:\/\/www.temples-de-nubie.fr\/blog\/wp-json\/wp\/v2\/tags?post=64"}],"curies":[{"name":"wp","href":"https:\/\/api.w.org\/{rel}","templated":true}]}}