{"id":74,"date":"2023-11-27T19:18:05","date_gmt":"2023-11-27T18:18:05","guid":{"rendered":"https:\/\/www.site.cdcl.xyz\/2023\/11\/27\/le-corps-dans-tous-ses-etats-au-salon-du-livre-et-de-la-presse-jeunesse-de-montreuil\/"},"modified":"2023-11-27T19:18:05","modified_gmt":"2023-11-27T18:18:05","slug":"le-corps-dans-tous-ses-etats-au-salon-du-livre-et-de-la-presse-jeunesse-de-montreuil","status":"publish","type":"post","link":"https:\/\/www.temples-de-nubie.fr\/blog\/le-corps-dans-tous-ses-etats-au-salon-du-livre-et-de-la-presse-jeunesse-de-montreuil\/","title":{"rendered":"Le corps dans tous ses \u00e9tats au Salon du livre et de la presse jeunesse de Montreuil"},"content":{"rendered":"\n<div id>\n<div class=\"align-left ez-embed-type-image\">\n<div class=\"story\">\n<div class=\"cls rs_skip\">\n<figure role=\"figure\" aria-label=\"\u00a9Albertine\" class=\"attribute-picture \"> <img decoding=\"async\" src=\"https:\/\/www.temples-de-nubie.fr\/blog\/wp-content\/uploads\/2023\/11\/le-corps-dans-tous-ses-etats-au-salon-du-livre-et-de-la-presse-jeunesse-de-montreuil.jpg\" alt=\"Albertine.jpg\" class=\" alias_Grande \" data-height=\"327 \" data-width=\"333 \"><figcaption>\n<\/figcaption><\/figure>\n<\/div>\n<\/div>\n<\/div>\n<p>Le corps est \u00e0 l\u2019honneur au Salon du livre et de la presse jeunesse de Seine-Saint-Denis. L\u2019\u00e9v\u00e9nement consacr\u00e9 \u00e0 la litt\u00e9rature jeunesse, qui va se d\u00e9rouler cette ann\u00e9e du 29 novembre au 4 d\u00e9cembre \u00e0 Montreuil, propose une exploration passionnante de cette question essentielle pour le jeune public. Avec, en bonus, une mise en avant on ne peut plus opportune des mots du sport, \u00e0 quelques mois de Paris 2024.<\/p>\n<p>Rendez-vous au stand H22 du salon ! Le minist\u00e8re de la Culture y mettra en valeur ses dispositifs nationaux (Premi\u00e8res Pages, Nuit de la lecture, Partir en livre, op\u00e9ration \u00ab Dis-moi dix mots \u00bb, jeunes en librairies ou le Pass culture). Il y accueillera \u00e9galement les \u00e9ditions du Patrimoine et du Centre national de la danse, ainsi que les associations nationales travaillant au d\u00e9veloppement de la lecture chez les jeunes. Voil\u00e0 qui promet une ambiance riche en pr\u00e9sentations, explications et d\u00e9monstrations passionnantes !<\/p>\n<div class=\"align-center ez-embed-type-image\">\n<div class=\"story\">\n<div class=\"cls rs_skip\">\n<figure role=\"figure\" aria-label=\"\u00a9Belleville 2023 avec Albertine\" class=\"attribute-picture \"> <img decoding=\"async\" src=\"https:\/\/www.temples-de-nubie.fr\/blog\/wp-content\/uploads\/2023\/11\/le-corps-dans-tous-ses-etats-au-salon-du-livre-et-de-la-presse-jeunesse-de-montreuil-1.jpg\" alt=\"Frise_(c)Belleville 2023 avec Albertine.jpg\" class=\" alias_Grande \" data-height=\"420 \" data-width=\"720 \"><figcaption>\n<div class=\"new_copyright\"> <button class=\"copyright-circle\" type=\"button\"><br \/><span>c<\/span><br \/><\/button><\/p>\n<p> \u00a9Belleville 2023 avec Albertine <\/p>\n<\/div>\n<\/figcaption><\/figure>\n<\/div>\n<\/div>\n<\/div>\n<h4>Le th\u00e8me 2023 : crayonner la \u00ab tectonique \u00bb des corps<\/h4>\n<p>Cette ann\u00e9e le salon s\u2019est choisi un th\u00e8me qui le conduit \u00e0 inventer sans complexes rien moins qu\u2019une nouvelle discipline, <em>la tectonique des corps<\/em> ! Il charge quatre artistes internationaux, \u00ab <em>qui donne du corps \u00e0 la litt\u00e9rature jeunesse<\/em> \u00bb, d\u2019en jeter les fondements sinon scientifiques du moins r\u00e9solument po\u00e9tiques, puisqu\u2019il s\u2019agit, avec cette tectonique des corps, d\u2019exprimer en dessins et illustrations les mouvements profonds de l\u2019univers organique (corps embrass\u00e9s, corps dansants, mouvements de jeux ou de tendresse, corps multiples, gracieux, emp\u00each\u00e9s\u2026), que le geste graphique joue et d\u00e9joue magnifiquement.<\/p>\n<p>Voici donc quatre expositions aux quatre coins du salon, sign\u00e9es respectivement de la Suissesse Albertine (\u00ab <em>On peut raconter beaucoup de choses avec le corps m\u00eame quand il n\u2019est pas juste. Si on veut prolonger un membre, faire en sorte que tout \u00e0 coup un soutien-gorge devienne tr\u00e8s tr\u00e8s tr\u00e8s tr\u00e8s long ; \u00e7a raconte quelque chose de l\u2019histoire et du personnage<\/em> \u00bb), le Canadien G\u00e9rard DuBois (\u00ab <em>J\u2019aime l\u2019id\u00e9e d\u2019une image o\u00f9 il ya un petit d\u00e9lai de latence et on d\u00e9couvre un truc un peu \u00e9trange<\/em> \u00bb), la Norv\u00e9gienne Mari Kanstad Johnsen (\u00ab <em>Pendant des semaines, j\u2019ai dessin\u00e9 directement \u00e0 partir d\u2019images, en imposant de saisir les caract\u00e8res des morses et des girafes<\/em> \u00bb) et enfin la Fran\u00e7aise Roxane Lumeret (\u00ab <em>J\u2019aime dessiner la diversit\u00e9 des corps. Il y a \u00e9norm\u00e9ment d\u2019anatomies diff\u00e9rentes selon l\u2019\u00e2ge, le style, l\u2019\u00e9tat d\u2019esprit et m\u00eame l\u2019esp\u00e8ce\u2026<\/em> \u00bb).<\/p>\n<p>Quatre mani\u00e8res singuli\u00e8res d\u2019incarner l\u2019enfance dans un dispositif sc\u00e9nographique interactif (jeux de lumi\u00e8res et de miroirs, gymnastique et manipulations) qui engagera le corps, cette fois le corps du public, dans une v\u00e9ritable immersion graphique qui promet d\u2019\u00eatre fort amusant . Signalons que les illustrations de l\u2019exposition seront reproduites et expos\u00e9es elles aussi dans 500 librairies, biblioth\u00e8ques, Centres de Culture et de Connaissance des Coll\u00e8ges, et lieux culturels partenaires du salon.<\/p>\n<div class=\"align-center ez-embed-type-image\">\n<div class=\"story\">\n<div class=\"cls rs_skip\">\n<figure role=\"figure\" aria-label=\"\u00a9Eric Garault\" class=\"attribute-picture \"> <img decoding=\"async\" src=\"https:\/\/www.temples-de-nubie.fr\/blog\/wp-content\/uploads\/2023\/11\/le-corps-dans-tous-ses-etats-au-salon-du-livre-et-de-la-presse-jeunesse-de-montreuil-2.jpg\" alt=\"(c) \u00c9ric Garault.jpg\" class=\" alias_Grande \" data-height=\"313 \" data-width=\"410 \"><figcaption>\n<\/figcaption><\/figure>\n<\/div>\n<\/div>\n<\/div>\n<h4>La table ronde des champions de \u00ab Dis-moi dix mots \u00bb<\/h4>\n<p>Faire monter les mots du sport sur le podium, et les couronner de lauriers : \u00e0 l\u2019approche des Jeux Olympiques et Paralympiques de Paris 2024, cette initiative du minist\u00e8re de la Culture (D\u00e9l\u00e9gation \u00e0 la langue fran\u00e7aise et aux langues de France) tombe \u00e0 photo. Il s\u2019agit de la formule 2023-24 du dispositif \u00ab Dis-moi dix mots \u00bb, labellis\u00e9e Olympiade culturelle, qui invite tout un chacun \u00e0 jouer et \u00e0 s\u2019exprimer de septembre \u00e0 juillet, sous une forme litt\u00e9raire et\/ou artistique, autour de dix mots choisis par les partenaires francophones du r\u00e9seau OPALE (Organismes francophones de politique et d\u2019am\u00e9nagement linguistiques).<\/p>\n<p>Dix mots de l\u2019univers de la performance physique ont \u00e9t\u00e9 choisis : un vocabulaire puis\u00e9 dans le registre des techniques (<em>s\u2019encorder, hors-jeu, faux d\u00e9part, collectif<\/em>et le curieux <em>aller aux oranges<\/em>) mais aussi dans le registre dont les journalistes (c\u2019est le moment de relire les articles d\u2019Antoine Blondin !) se sont servis pour \u00e9crire la l\u00e9gende (<em>adr\u00e9naline, champion, \u00e9chapp\u00e9e, mental, prouesse<\/em>) \u2026 Chacun per\u00e7oit dans cette liste combien les mots, par leur seule puissance, suscitent l\u2019imagination. Et combien le d\u00e9fi d\u2019en \u00e9crire un beau texte s\u2019apparente \u00e0 la comp\u00e9tition sportive\u2026 !<\/p>\n<p>Et ce vocabulaire n\u2019est pas sans significations : il est charg\u00e9 des valeurs du sport (respect de soi-m\u00eame, respect de l\u2019autre, d\u00e9passement de soi, courage, d\u00e9termination, respect du droit, sens de la justice, fraternit\u00e9\u2026) Nuls mieux plac\u00e9 que trois des auteurs qui ont contribu\u00e9 (Karine Lambert, Yahia Belaskri et J\u00e9r\u00f4me Eeckhout, auteurs du Qu\u00e9bec, d\u2019Alg\u00e9rie et de Belgique, dont les contributions sont disponibles dans le livret d\u2019accompagnement \u00ab dis-moi dix mots \u00bb \u2013 \u00e0 t\u00e9l\u00e9charger ci-dessous) pour venir \u00e9voquer le sport, la culture et la francophonie, jeudi 30 novembre, \u00e0 la table ronde du stand du minist\u00e8re de la Culture.<\/p>\n<p>Ce n\u2019est pas tout ! Dire un roman d\u2019un mot : voil\u00e0 l\u2019id\u00e9e heureuse des partenaires du dispositif (L\u2019\u00c9cole des Lettres, l\u2019\u00e9cole des loisirs et Rue de S\u00e8vres). Ils ont plac\u00e9 un livre sous chacun des mots de l\u2019ann\u00e9e (\u00ab Dix mots dix livres \u00bb). C\u2019est l\u00e0 proc\u00e9der, pour chaque \u0153uvre, \u00e0 une coupe ou perspective grosse de mille r\u00e9flexions. Comme, par exemple : \u00ab <em>s\u2019encorder avec du mat\u00e9riel d\u2019alpinisme, avec les bras, avec des sentiments, avec des souvenirs. \u00c7a ne sauve pas de tout, mais \u00e7a aide \u00e0 passer des endroits difficiles\u2026<\/em> \u00bb (<em>La Neige en Deuil<\/em>Dominique Monf\u00e9ry), ou bien l\u2019illustration du mental selon Chen Jiang Hong et son personnage : \u00ab <em>Petit Aigle aiguise son \u0153il en consid\u00e9rant les pierres de la colline, les grains de riz sur la natte, les oiseaux en plein vol. Il aff\u00fbte son oreille en \u00e9coutant les vibrations infimes d\u2019une pi\u00e8ce de monnaie suspendue\u2026<\/em> \u00bb<\/p>\n<div class=\"align-center\">\n<div class=\"embeded-file\">\n<div class=\"file-wrapper\">\n<div class=\"file-description\">\n<p class=\"file-name\">Livret Dis-moi dix mots sur le podium.pdf<\/p>\n<p> pdf \u2013 2 Mo <\/p>\n<\/div>\n<p> T\u00e9l\u00e9charger<br \/><span class=\"mcicon mcicon-download2\" aria-hidden=\"true\"> <\/span><\/p>\n<\/div>\n<\/div>\n<\/div>\n<div class=\"encadre clearfix\">\n<h4>D\u00e9couvrez les politiques et rencontrez les partenaires associatifs du minist\u00e8re de la culture<\/h4>\n<p>A l\u2019occasion de la journ\u00e9e professionnelle du Salon du livre et de la presse jeunesse de Seine-Saint-Denis, le lundi 4 d\u00e9cembre et du jeudi au dimanche sur son stand (H22), le minist\u00e8re de la Culture vous invite \u00e0 un programme de rencontres pour d\u00e9couvrir les actions qu\u2019il pilote et les associations qu\u2019il soutient, partage avec des professionnels et explorateur des th\u00e9matiques avec des chercheurs et des auteurs.<\/p>\n<p>Au programme, outre les mots du sport (voir ci-dessus), sur retrouvera :<\/p>\n<p>\u2022 les services du minist\u00e8re de la Culture, qui aborderont les th\u00e8mes suivants : L\u2019\u00e9veil artistique et culturel des jeunes enfants, une politique interminist\u00e9rielle (D\u00e9l\u00e9gation g\u00e9n\u00e9rale \u00e0 la transmission, aux territoires et \u00e0 la d\u00e9mocratie culturelle) ; le dispositif \u00ab Premi\u00e8res pages \u00bb (le livre et la lecture aupr\u00e8s des tout-petits et de leurs familles \u2013 Direction g\u00e9n\u00e9rale des m\u00e9dias et des industries culturelles, Service du livre et de la lecture) ; les m\u00e9tiers des biblioth\u00e8ques et des m\u00e9diath\u00e8ques (\u00e9galement DGMIC, Service du livre et de la lecture).<\/p>\n<p>\u2022 des associations : l\u2019Arbre des connaissances et son jeu \u00e0 d\u00e9battre \u00ab Sport et num\u00e9rique \u00bb, Lecture Jeunesse et son dispositif Numook, Lire et faire lire avec son comit\u00e9 de lecture national, le Centre National de la Danse<\/p>\n<p>\u2022 le Centre national de la danse qui pr\u00e9sente le livre de Sylviane Pag\u00e8s, Cette danse, quel spectacle ! (collection \u00ab Jeunesse \u00bb des \u00e9ditions du Centre national de la Danse)<\/p>\n<p>\u2022 l\u2019\u00e9quipe du pass Culture, pour \u00ab les coups de c\u0153ur des jeunes du pass Culture et de son book-club.<\/p>\n<\/div>\n<\/div>\n<p> Ce paragraphe parlant du sujet \u00ab\u00a0Temples de Nubie.\u00a0\u00bb a \u00e9t\u00e9 tri\u00e9 sur le web par les r\u00e9dacteurs de temples-de-nubie.fr. temples-de-nubie.fr est blog d&rsquo;information qui conserve des nouvelles publi\u00e9es sur le net dont le sujet central est \u00ab\u00a0Temples de Nubie.\u00a0\u00bb. La chronique se veut produite du mieux possible. Dans la mesure o\u00f9 vous d\u00e9sirez pr\u00e9senter des informations suppl\u00e9mentaires \u00e0 cet article sur le sujet \u00ab\u00a0Temples de Nubie.\u00a0\u00bb vous pouvez utiliser les coordonn\u00e9es affich\u00e9es sur ce site web. Il y a de pr\u00e9vu divers travaux autour du sujet \u00ab\u00a0Temples de Nubie.\u00a0\u00bb dans les jours \u00e0 venir, on vous invite \u00e0 naviguer sur notre site web \u00e0 plusieurs reprises.<\/p>\n","protected":false},"excerpt":{"rendered":"<p>Le corps est \u00e0 l\u2019honneur au Salon du livre et de la presse jeunesse de Seine-Saint-Denis. L\u2019\u00e9v\u00e9nement consacr\u00e9 \u00e0 la litt\u00e9rature jeunesse, qui va se d\u00e9rouler cette ann\u00e9e du 29 novembre au 4 d\u00e9cembre \u00e0 Montreuil, propose une exploration passionnante de cette question essentielle pour le jeune public. Avec, en bonus, une mise en avant [&hellip;]<\/p>\n","protected":false},"author":3,"featured_media":75,"comment_status":"closed","ping_status":"closed","sticky":false,"template":"","format":"standard","meta":{"footnotes":""},"categories":[4],"tags":[],"class_list":["post-74","post","type-post","status-publish","format-standard","has-post-thumbnail","hentry","category-informations-theme-temples-de-nubie"],"yoast_head":"<!-- This site is optimized with the Yoast SEO plugin v27.5 - https:\/\/yoast.com\/product\/yoast-seo-wordpress\/ -->\n<title>Le corps dans tous ses \u00e9tats au Salon du livre et de la presse jeunesse de Montreuil - TEMPLES-DE-NUBIE<\/title>\n<meta name=\"robots\" content=\"index, follow, max-snippet:-1, max-image-preview:large, max-video-preview:-1\" \/>\n<link rel=\"canonical\" href=\"https:\/\/www.temples-de-nubie.fr\/blog\/le-corps-dans-tous-ses-etats-au-salon-du-livre-et-de-la-presse-jeunesse-de-montreuil\/\" \/>\n<meta property=\"og:locale\" content=\"fr_FR\" \/>\n<meta property=\"og:type\" content=\"article\" \/>\n<meta property=\"og:title\" content=\"Le corps dans tous ses \u00e9tats au Salon du livre et de la presse jeunesse de Montreuil - TEMPLES-DE-NUBIE\" \/>\n<meta property=\"og:description\" content=\"Le corps est \u00e0 l\u2019honneur au Salon du livre et de la presse jeunesse de Seine-Saint-Denis. L\u2019\u00e9v\u00e9nement consacr\u00e9 \u00e0 la litt\u00e9rature jeunesse, qui va se d\u00e9rouler cette ann\u00e9e du 29 novembre au 4 d\u00e9cembre \u00e0 Montreuil, propose une exploration passionnante de cette question essentielle pour le jeune public. Avec, en bonus, une mise en avant [&hellip;]\" \/>\n<meta property=\"og:url\" content=\"https:\/\/www.temples-de-nubie.fr\/blog\/le-corps-dans-tous-ses-etats-au-salon-du-livre-et-de-la-presse-jeunesse-de-montreuil\/\" \/>\n<meta property=\"og:site_name\" content=\"TEMPLES-DE-NUBIE\" \/>\n<meta property=\"article:published_time\" content=\"2023-11-27T18:18:05+00:00\" \/>\n<meta property=\"og:image\" content=\"https:\/\/www.temples-de-nubie.fr\/blog\/wp-content\/uploads\/2023\/11\/le-corps-dans-tous-ses-etats-au-salon-du-livre-et-de-la-presse-jeunesse-de-montreuil.jpg\" \/>\n<meta name=\"author\" content=\"Johana RIVET\" \/>\n<meta name=\"twitter:card\" content=\"summary_large_image\" \/>\n<meta name=\"twitter:label1\" content=\"\u00c9crit par\" \/>\n\t<meta name=\"twitter:data1\" content=\"Johana RIVET\" \/>\n\t<meta name=\"twitter:label2\" content=\"Dur\u00e9e de lecture estim\u00e9e\" \/>\n\t<meta name=\"twitter:data2\" content=\"7 minutes\" \/>\n<script type=\"application\/ld+json\" class=\"yoast-schema-graph\">{\"@context\":\"https:\\\/\\\/schema.org\",\"@graph\":[{\"@type\":\"Article\",\"@id\":\"https:\\\/\\\/www.temples-de-nubie.fr\\\/blog\\\/le-corps-dans-tous-ses-etats-au-salon-du-livre-et-de-la-presse-jeunesse-de-montreuil\\\/#article\",\"isPartOf\":{\"@id\":\"https:\\\/\\\/www.temples-de-nubie.fr\\\/blog\\\/le-corps-dans-tous-ses-etats-au-salon-du-livre-et-de-la-presse-jeunesse-de-montreuil\\\/\"},\"author\":{\"name\":\"Johana RIVET\",\"@id\":\"https:\\\/\\\/www.temples-de-nubie.fr\\\/blog\\\/#\\\/schema\\\/person\\\/dc169e68726228008f8559d372397a09\"},\"headline\":\"Le corps dans tous ses \u00e9tats au Salon du livre et de la presse jeunesse de Montreuil\",\"datePublished\":\"2023-11-27T18:18:05+00:00\",\"mainEntityOfPage\":{\"@id\":\"https:\\\/\\\/www.temples-de-nubie.fr\\\/blog\\\/le-corps-dans-tous-ses-etats-au-salon-du-livre-et-de-la-presse-jeunesse-de-montreuil\\\/\"},\"wordCount\":1416,\"publisher\":{\"@id\":\"https:\\\/\\\/www.temples-de-nubie.fr\\\/blog\\\/#organization\"},\"image\":{\"@id\":\"https:\\\/\\\/www.temples-de-nubie.fr\\\/blog\\\/le-corps-dans-tous-ses-etats-au-salon-du-livre-et-de-la-presse-jeunesse-de-montreuil\\\/#primaryimage\"},\"thumbnailUrl\":\"https:\\\/\\\/www.temples-de-nubie.fr\\\/blog\\\/wp-content\\\/uploads\\\/2023\\\/11\\\/le-corps-dans-tous-ses-etats-au-salon-du-livre-et-de-la-presse-jeunesse-de-montreuil.jpg\",\"articleSection\":[\"Informations Th\u00e8me Temples De Nubie.:\"],\"inLanguage\":\"fr-FR\"},{\"@type\":\"WebPage\",\"@id\":\"https:\\\/\\\/www.temples-de-nubie.fr\\\/blog\\\/le-corps-dans-tous-ses-etats-au-salon-du-livre-et-de-la-presse-jeunesse-de-montreuil\\\/\",\"url\":\"https:\\\/\\\/www.temples-de-nubie.fr\\\/blog\\\/le-corps-dans-tous-ses-etats-au-salon-du-livre-et-de-la-presse-jeunesse-de-montreuil\\\/\",\"name\":\"Le corps dans tous ses \u00e9tats au Salon du livre et de la presse jeunesse de Montreuil - TEMPLES-DE-NUBIE\",\"isPartOf\":{\"@id\":\"https:\\\/\\\/www.temples-de-nubie.fr\\\/blog\\\/#website\"},\"primaryImageOfPage\":{\"@id\":\"https:\\\/\\\/www.temples-de-nubie.fr\\\/blog\\\/le-corps-dans-tous-ses-etats-au-salon-du-livre-et-de-la-presse-jeunesse-de-montreuil\\\/#primaryimage\"},\"image\":{\"@id\":\"https:\\\/\\\/www.temples-de-nubie.fr\\\/blog\\\/le-corps-dans-tous-ses-etats-au-salon-du-livre-et-de-la-presse-jeunesse-de-montreuil\\\/#primaryimage\"},\"thumbnailUrl\":\"https:\\\/\\\/www.temples-de-nubie.fr\\\/blog\\\/wp-content\\\/uploads\\\/2023\\\/11\\\/le-corps-dans-tous-ses-etats-au-salon-du-livre-et-de-la-presse-jeunesse-de-montreuil.jpg\",\"datePublished\":\"2023-11-27T18:18:05+00:00\",\"breadcrumb\":{\"@id\":\"https:\\\/\\\/www.temples-de-nubie.fr\\\/blog\\\/le-corps-dans-tous-ses-etats-au-salon-du-livre-et-de-la-presse-jeunesse-de-montreuil\\\/#breadcrumb\"},\"inLanguage\":\"fr-FR\",\"potentialAction\":[{\"@type\":\"ReadAction\",\"target\":[\"https:\\\/\\\/www.temples-de-nubie.fr\\\/blog\\\/le-corps-dans-tous-ses-etats-au-salon-du-livre-et-de-la-presse-jeunesse-de-montreuil\\\/\"]}]},{\"@type\":\"ImageObject\",\"inLanguage\":\"fr-FR\",\"@id\":\"https:\\\/\\\/www.temples-de-nubie.fr\\\/blog\\\/le-corps-dans-tous-ses-etats-au-salon-du-livre-et-de-la-presse-jeunesse-de-montreuil\\\/#primaryimage\",\"url\":\"https:\\\/\\\/www.temples-de-nubie.fr\\\/blog\\\/wp-content\\\/uploads\\\/2023\\\/11\\\/le-corps-dans-tous-ses-etats-au-salon-du-livre-et-de-la-presse-jeunesse-de-montreuil.jpg\",\"contentUrl\":\"https:\\\/\\\/www.temples-de-nubie.fr\\\/blog\\\/wp-content\\\/uploads\\\/2023\\\/11\\\/le-corps-dans-tous-ses-etats-au-salon-du-livre-et-de-la-presse-jeunesse-de-montreuil.jpg\",\"width\":333,\"height\":327},{\"@type\":\"BreadcrumbList\",\"@id\":\"https:\\\/\\\/www.temples-de-nubie.fr\\\/blog\\\/le-corps-dans-tous-ses-etats-au-salon-du-livre-et-de-la-presse-jeunesse-de-montreuil\\\/#breadcrumb\",\"itemListElement\":[{\"@type\":\"ListItem\",\"position\":1,\"name\":\"Accueil\",\"item\":\"https:\\\/\\\/www.temples-de-nubie.fr\\\/blog\\\/\"},{\"@type\":\"ListItem\",\"position\":2,\"name\":\"Le corps dans tous ses \u00e9tats au Salon du livre et de la presse jeunesse de Montreuil\"}]},{\"@type\":\"WebSite\",\"@id\":\"https:\\\/\\\/www.temples-de-nubie.fr\\\/blog\\\/#website\",\"url\":\"https:\\\/\\\/www.temples-de-nubie.fr\\\/blog\\\/\",\"name\":\"TEMPLES-DE-NUBIE\",\"description\":\"Temples de Nubie.; conservations ressources, \u00e0 savoir et retenir.\",\"publisher\":{\"@id\":\"https:\\\/\\\/www.temples-de-nubie.fr\\\/blog\\\/#organization\"},\"potentialAction\":[{\"@type\":\"SearchAction\",\"target\":{\"@type\":\"EntryPoint\",\"urlTemplate\":\"https:\\\/\\\/www.temples-de-nubie.fr\\\/blog\\\/?s={search_term_string}\"},\"query-input\":{\"@type\":\"PropertyValueSpecification\",\"valueRequired\":true,\"valueName\":\"search_term_string\"}}],\"inLanguage\":\"fr-FR\"},{\"@type\":\"Organization\",\"@id\":\"https:\\\/\\\/www.temples-de-nubie.fr\\\/blog\\\/#organization\",\"name\":\"temples-de-nubie\",\"url\":\"https:\\\/\\\/www.temples-de-nubie.fr\\\/blog\\\/\",\"logo\":{\"@type\":\"ImageObject\",\"inLanguage\":\"fr-FR\",\"@id\":\"https:\\\/\\\/www.temples-de-nubie.fr\\\/blog\\\/#\\\/schema\\\/logo\\\/image\\\/\",\"url\":\"https:\\\/\\\/www.temples-de-nubie.fr\\\/blog\\\/wp-content\\\/uploads\\\/2023\\\/09\\\/cropped-temple-2.jpg\",\"contentUrl\":\"https:\\\/\\\/www.temples-de-nubie.fr\\\/blog\\\/wp-content\\\/uploads\\\/2023\\\/09\\\/cropped-temple-2.jpg\",\"width\":971,\"height\":170,\"caption\":\"temples-de-nubie\"},\"image\":{\"@id\":\"https:\\\/\\\/www.temples-de-nubie.fr\\\/blog\\\/#\\\/schema\\\/logo\\\/image\\\/\"}},{\"@type\":\"Person\",\"@id\":\"https:\\\/\\\/www.temples-de-nubie.fr\\\/blog\\\/#\\\/schema\\\/person\\\/dc169e68726228008f8559d372397a09\",\"name\":\"Johana RIVET\",\"image\":{\"@type\":\"ImageObject\",\"inLanguage\":\"fr-FR\",\"@id\":\"https:\\\/\\\/secure.gravatar.com\\\/avatar\\\/4193b46a713fb7f0cc3d083cce5f3f81882137f825dedf603b244770965e799a?s=96&d=mm&r=g\",\"url\":\"https:\\\/\\\/secure.gravatar.com\\\/avatar\\\/4193b46a713fb7f0cc3d083cce5f3f81882137f825dedf603b244770965e799a?s=96&d=mm&r=g\",\"contentUrl\":\"https:\\\/\\\/secure.gravatar.com\\\/avatar\\\/4193b46a713fb7f0cc3d083cce5f3f81882137f825dedf603b244770965e799a?s=96&d=mm&r=g\",\"caption\":\"Johana RIVET\"},\"url\":\"https:\\\/\\\/www.temples-de-nubie.fr\\\/blog\\\/author\\\/biejohana\\\/\"}]}<\/script>\n<!-- \/ Yoast SEO plugin. -->","yoast_head_json":{"title":"Le corps dans tous ses \u00e9tats au Salon du livre et de la presse jeunesse de Montreuil - TEMPLES-DE-NUBIE","robots":{"index":"index","follow":"follow","max-snippet":"max-snippet:-1","max-image-preview":"max-image-preview:large","max-video-preview":"max-video-preview:-1"},"canonical":"https:\/\/www.temples-de-nubie.fr\/blog\/le-corps-dans-tous-ses-etats-au-salon-du-livre-et-de-la-presse-jeunesse-de-montreuil\/","og_locale":"fr_FR","og_type":"article","og_title":"Le corps dans tous ses \u00e9tats au Salon du livre et de la presse jeunesse de Montreuil - TEMPLES-DE-NUBIE","og_description":"Le corps est \u00e0 l\u2019honneur au Salon du livre et de la presse jeunesse de Seine-Saint-Denis. L\u2019\u00e9v\u00e9nement consacr\u00e9 \u00e0 la litt\u00e9rature jeunesse, qui va se d\u00e9rouler cette ann\u00e9e du 29 novembre au 4 d\u00e9cembre \u00e0 Montreuil, propose une exploration passionnante de cette question essentielle pour le jeune public. Avec, en bonus, une mise en avant [&hellip;]","og_url":"https:\/\/www.temples-de-nubie.fr\/blog\/le-corps-dans-tous-ses-etats-au-salon-du-livre-et-de-la-presse-jeunesse-de-montreuil\/","og_site_name":"TEMPLES-DE-NUBIE","article_published_time":"2023-11-27T18:18:05+00:00","og_image":[{"url":"https:\/\/www.temples-de-nubie.fr\/blog\/wp-content\/uploads\/2023\/11\/le-corps-dans-tous-ses-etats-au-salon-du-livre-et-de-la-presse-jeunesse-de-montreuil.jpg","type":"","width":"","height":""}],"author":"Johana RIVET","twitter_card":"summary_large_image","twitter_misc":{"\u00c9crit par":"Johana RIVET","Dur\u00e9e de lecture estim\u00e9e":"7 minutes"},"schema":{"@context":"https:\/\/schema.org","@graph":[{"@type":"Article","@id":"https:\/\/www.temples-de-nubie.fr\/blog\/le-corps-dans-tous-ses-etats-au-salon-du-livre-et-de-la-presse-jeunesse-de-montreuil\/#article","isPartOf":{"@id":"https:\/\/www.temples-de-nubie.fr\/blog\/le-corps-dans-tous-ses-etats-au-salon-du-livre-et-de-la-presse-jeunesse-de-montreuil\/"},"author":{"name":"Johana RIVET","@id":"https:\/\/www.temples-de-nubie.fr\/blog\/#\/schema\/person\/dc169e68726228008f8559d372397a09"},"headline":"Le corps dans tous ses \u00e9tats au Salon du livre et de la presse jeunesse de Montreuil","datePublished":"2023-11-27T18:18:05+00:00","mainEntityOfPage":{"@id":"https:\/\/www.temples-de-nubie.fr\/blog\/le-corps-dans-tous-ses-etats-au-salon-du-livre-et-de-la-presse-jeunesse-de-montreuil\/"},"wordCount":1416,"publisher":{"@id":"https:\/\/www.temples-de-nubie.fr\/blog\/#organization"},"image":{"@id":"https:\/\/www.temples-de-nubie.fr\/blog\/le-corps-dans-tous-ses-etats-au-salon-du-livre-et-de-la-presse-jeunesse-de-montreuil\/#primaryimage"},"thumbnailUrl":"https:\/\/www.temples-de-nubie.fr\/blog\/wp-content\/uploads\/2023\/11\/le-corps-dans-tous-ses-etats-au-salon-du-livre-et-de-la-presse-jeunesse-de-montreuil.jpg","articleSection":["Informations Th\u00e8me Temples De Nubie.:"],"inLanguage":"fr-FR"},{"@type":"WebPage","@id":"https:\/\/www.temples-de-nubie.fr\/blog\/le-corps-dans-tous-ses-etats-au-salon-du-livre-et-de-la-presse-jeunesse-de-montreuil\/","url":"https:\/\/www.temples-de-nubie.fr\/blog\/le-corps-dans-tous-ses-etats-au-salon-du-livre-et-de-la-presse-jeunesse-de-montreuil\/","name":"Le corps dans tous ses \u00e9tats au Salon du livre et de la presse jeunesse de Montreuil - TEMPLES-DE-NUBIE","isPartOf":{"@id":"https:\/\/www.temples-de-nubie.fr\/blog\/#website"},"primaryImageOfPage":{"@id":"https:\/\/www.temples-de-nubie.fr\/blog\/le-corps-dans-tous-ses-etats-au-salon-du-livre-et-de-la-presse-jeunesse-de-montreuil\/#primaryimage"},"image":{"@id":"https:\/\/www.temples-de-nubie.fr\/blog\/le-corps-dans-tous-ses-etats-au-salon-du-livre-et-de-la-presse-jeunesse-de-montreuil\/#primaryimage"},"thumbnailUrl":"https:\/\/www.temples-de-nubie.fr\/blog\/wp-content\/uploads\/2023\/11\/le-corps-dans-tous-ses-etats-au-salon-du-livre-et-de-la-presse-jeunesse-de-montreuil.jpg","datePublished":"2023-11-27T18:18:05+00:00","breadcrumb":{"@id":"https:\/\/www.temples-de-nubie.fr\/blog\/le-corps-dans-tous-ses-etats-au-salon-du-livre-et-de-la-presse-jeunesse-de-montreuil\/#breadcrumb"},"inLanguage":"fr-FR","potentialAction":[{"@type":"ReadAction","target":["https:\/\/www.temples-de-nubie.fr\/blog\/le-corps-dans-tous-ses-etats-au-salon-du-livre-et-de-la-presse-jeunesse-de-montreuil\/"]}]},{"@type":"ImageObject","inLanguage":"fr-FR","@id":"https:\/\/www.temples-de-nubie.fr\/blog\/le-corps-dans-tous-ses-etats-au-salon-du-livre-et-de-la-presse-jeunesse-de-montreuil\/#primaryimage","url":"https:\/\/www.temples-de-nubie.fr\/blog\/wp-content\/uploads\/2023\/11\/le-corps-dans-tous-ses-etats-au-salon-du-livre-et-de-la-presse-jeunesse-de-montreuil.jpg","contentUrl":"https:\/\/www.temples-de-nubie.fr\/blog\/wp-content\/uploads\/2023\/11\/le-corps-dans-tous-ses-etats-au-salon-du-livre-et-de-la-presse-jeunesse-de-montreuil.jpg","width":333,"height":327},{"@type":"BreadcrumbList","@id":"https:\/\/www.temples-de-nubie.fr\/blog\/le-corps-dans-tous-ses-etats-au-salon-du-livre-et-de-la-presse-jeunesse-de-montreuil\/#breadcrumb","itemListElement":[{"@type":"ListItem","position":1,"name":"Accueil","item":"https:\/\/www.temples-de-nubie.fr\/blog\/"},{"@type":"ListItem","position":2,"name":"Le corps dans tous ses \u00e9tats au Salon du livre et de la presse jeunesse de Montreuil"}]},{"@type":"WebSite","@id":"https:\/\/www.temples-de-nubie.fr\/blog\/#website","url":"https:\/\/www.temples-de-nubie.fr\/blog\/","name":"TEMPLES-DE-NUBIE","description":"Temples de Nubie.; conservations ressources, \u00e0 savoir et retenir.","publisher":{"@id":"https:\/\/www.temples-de-nubie.fr\/blog\/#organization"},"potentialAction":[{"@type":"SearchAction","target":{"@type":"EntryPoint","urlTemplate":"https:\/\/www.temples-de-nubie.fr\/blog\/?s={search_term_string}"},"query-input":{"@type":"PropertyValueSpecification","valueRequired":true,"valueName":"search_term_string"}}],"inLanguage":"fr-FR"},{"@type":"Organization","@id":"https:\/\/www.temples-de-nubie.fr\/blog\/#organization","name":"temples-de-nubie","url":"https:\/\/www.temples-de-nubie.fr\/blog\/","logo":{"@type":"ImageObject","inLanguage":"fr-FR","@id":"https:\/\/www.temples-de-nubie.fr\/blog\/#\/schema\/logo\/image\/","url":"https:\/\/www.temples-de-nubie.fr\/blog\/wp-content\/uploads\/2023\/09\/cropped-temple-2.jpg","contentUrl":"https:\/\/www.temples-de-nubie.fr\/blog\/wp-content\/uploads\/2023\/09\/cropped-temple-2.jpg","width":971,"height":170,"caption":"temples-de-nubie"},"image":{"@id":"https:\/\/www.temples-de-nubie.fr\/blog\/#\/schema\/logo\/image\/"}},{"@type":"Person","@id":"https:\/\/www.temples-de-nubie.fr\/blog\/#\/schema\/person\/dc169e68726228008f8559d372397a09","name":"Johana RIVET","image":{"@type":"ImageObject","inLanguage":"fr-FR","@id":"https:\/\/secure.gravatar.com\/avatar\/4193b46a713fb7f0cc3d083cce5f3f81882137f825dedf603b244770965e799a?s=96&d=mm&r=g","url":"https:\/\/secure.gravatar.com\/avatar\/4193b46a713fb7f0cc3d083cce5f3f81882137f825dedf603b244770965e799a?s=96&d=mm&r=g","contentUrl":"https:\/\/secure.gravatar.com\/avatar\/4193b46a713fb7f0cc3d083cce5f3f81882137f825dedf603b244770965e799a?s=96&d=mm&r=g","caption":"Johana RIVET"},"url":"https:\/\/www.temples-de-nubie.fr\/blog\/author\/biejohana\/"}]}},"_links":{"self":[{"href":"https:\/\/www.temples-de-nubie.fr\/blog\/wp-json\/wp\/v2\/posts\/74","targetHints":{"allow":["GET"]}}],"collection":[{"href":"https:\/\/www.temples-de-nubie.fr\/blog\/wp-json\/wp\/v2\/posts"}],"about":[{"href":"https:\/\/www.temples-de-nubie.fr\/blog\/wp-json\/wp\/v2\/types\/post"}],"author":[{"embeddable":true,"href":"https:\/\/www.temples-de-nubie.fr\/blog\/wp-json\/wp\/v2\/users\/3"}],"replies":[{"embeddable":true,"href":"https:\/\/www.temples-de-nubie.fr\/blog\/wp-json\/wp\/v2\/comments?post=74"}],"version-history":[{"count":0,"href":"https:\/\/www.temples-de-nubie.fr\/blog\/wp-json\/wp\/v2\/posts\/74\/revisions"}],"wp:featuredmedia":[{"embeddable":true,"href":"https:\/\/www.temples-de-nubie.fr\/blog\/wp-json\/wp\/v2\/media\/75"}],"wp:attachment":[{"href":"https:\/\/www.temples-de-nubie.fr\/blog\/wp-json\/wp\/v2\/media?parent=74"}],"wp:term":[{"taxonomy":"category","embeddable":true,"href":"https:\/\/www.temples-de-nubie.fr\/blog\/wp-json\/wp\/v2\/categories?post=74"},{"taxonomy":"post_tag","embeddable":true,"href":"https:\/\/www.temples-de-nubie.fr\/blog\/wp-json\/wp\/v2\/tags?post=74"}],"curies":[{"name":"wp","href":"https:\/\/api.w.org\/{rel}","templated":true}]}}