{"id":91,"date":"2024-01-24T12:36:27","date_gmt":"2024-01-24T11:36:27","guid":{"rendered":"https:\/\/www.site.cdcl.xyz\/2024\/01\/24\/le-festival-international-de-bande-dessinee-dangouleme-un-evenement-a-ne-pas-manquer\/"},"modified":"2024-01-24T12:36:27","modified_gmt":"2024-01-24T11:36:27","slug":"le-festival-international-de-bande-dessinee-dangouleme-un-evenement-a-ne-pas-manquer","status":"publish","type":"post","link":"https:\/\/www.temples-de-nubie.fr\/blog\/le-festival-international-de-bande-dessinee-dangouleme-un-evenement-a-ne-pas-manquer\/","title":{"rendered":"Le festival international de bande dessin\u00e9e d\u2019Angoul\u00eame, un \u00e9v\u00e9nement \u00e0 ne pas manquer"},"content":{"rendered":"\n<div id>\n<div class=\"align-left ez-embed-type-image\">\n<div class=\"story\">\n<div class=\"cls rs_skip\">\n<figure role=\"figure\" aria-label=\"L\u2019\u00e9dition 2023 du festival international de bande dessin\u00e9e d\u2019Angoul\u00eame \u00a9 Yohann Bonnet \/ AFP\" class=\"attribute-picture \"> <img decoding=\"async\" src=\"https:\/\/www.temples-de-nubie.fr\/blog\/wp-content\/uploads\/2024\/01\/le-festival-international-de-bande-dessinee-dangouleme-un-evenement-a-ne-pas-manquer.jpg\" alt=\"FESTIVAL-BD-ANGOULEME-YOHANN-BONNET-AFP3.jpg\" class=\" alias_Moyenne_360x440 \" data-height=\"240 \" data-width=\"360 \"><figcaption>\n<div class=\"new_copyright\"> <button class=\"copyright-circle\" type=\"button\"><br \/><span>c<\/span><br \/><\/button><\/p>\n<p> L\u2019\u00e9dition 2023 du festival international de bande dessin\u00e9e d\u2019Angoul\u00eame \u00a9 Yohann Bonnet \/ AFP <\/p>\n<\/div>\n<\/figcaption><\/figure>\n<\/div>\n<\/div>\n<\/div>\n<p>Pour son cinquanti\u00e8me anniversaire, le festival international de bande dessin\u00e9e d\u2019Angoul\u00eame, qui s\u2019ouvre au public jeudi 25 janvier, a mis les petits plats dans les grands. Qu\u2019on en juge : outre des prix prestigieux, qui r\u00e9compenseront le meilleur de la production internationale de BD, les visiteurs \u2013 on en compt\u00e9 plus de 200 000 l\u2019an dernier \u2013 pourront retrouver tout ce qui fait le caract\u00e8re unique de ce festival pas comme les autres : ses t\u00eates d\u2019affiche, Riad Sattouf en t\u00eate, qui aura, dit-il, \u00ab <em>la lourde responsabilit\u00e9<\/em> \u00bb de pr\u00e9sider le Grand prix, mais aussi les expositions, les d\u00e9couvertes, les signatures, les s\u00e9lections qui se r\u00e9servent une large part \u00e0 la participation du public. Sans oublier, bien s\u00fbr, l\u2019espace consacr\u00e9 aux mangas\u2026 Au total, un \u00e9v\u00e9nement qui s\u2019impose plus que jamais comme une v\u00e9ritable plaque tournante de l\u2019univers de la BD. <\/p>\n<h2>Tout savoir sur le 50e anniversaire du festival<\/h2>\n<div class=\"align-left ez-embed-type-image\">\n<div class=\"story\">\n<div class=\"cls rs_skip\">\n<figure role=\"figure\" aria-label=\"Le festival international de bande dessin\u00e9e d\u2019Angoul\u00eame, \u00e9dition 2000 \u00a9 Patrick Bernard \/ AFP\" class=\"attribute-picture \"> <img decoding=\"async\" src=\"https:\/\/www.temples-de-nubie.fr\/blog\/wp-content\/uploads\/2024\/01\/le-festival-international-de-bande-dessinee-dangouleme-un-evenement-a-ne-pas-manquer-1.jpg\" alt=\"FESTIVAL-BD-ANGOULEME-PATRICK-BERNARD-AFP4.jpg\" class=\" alias_Moyenne_360x440 \" data-height=\"273 \" data-width=\"360 \"><figcaption>\n<div class=\"new_copyright\"> <button class=\"copyright-circle\" type=\"button\"><br \/><span>c<\/span><br \/><\/button><\/p>\n<p> Le festival international de bande dessin\u00e9e d\u2019Angoul\u00eame, \u00e9dition 2000 \u00a9 Patrick Bernard \/ AFP <\/p>\n<\/div>\n<\/figcaption><\/figure>\n<\/div>\n<\/div>\n<\/div>\n<p>Le 25 janvier 1974, une poign\u00e9e de passionn\u00e9s lan\u00e7ait \u00e0 Angoul\u00eame le premier festival de bande dessin\u00e9e. Avec une ambition : montrer, avec le soutien de grandes signatures de l\u2019\u00e9poque, les Br\u00e9t\u00e9cher, Franquin ou Gotlib, la richesse et la diversit\u00e9 de la BD, trop souvent ramen\u00e9e \u00e0 un divertissement pour la jeunesse. Cinquante ans apr\u00e8s, c\u2019est peu de dire que ces pr\u00e9curseurs ont gagn\u00e9 leur pari : le 9e Art est d\u00e9sormais un poids lourd de l\u2019\u00e9dition fran\u00e7aise, avec 75 millions d\u2019exemplaires vendus en 2023, selon l\u2019institut GfK. Une tendance qui confirme le dynamisme du secteur.<\/p>\n<p>En plus de son succ\u00e8s populaire jamais d\u00e9menti, la bande dessin\u00e9e est aujourd\u2019hui reconnue comme un genre litt\u00e9raire \u00e0 part enti\u00e8re, comme en t\u00e9moigne un \u00e9v\u00e9nement au format XXL con\u00e7u par le minist\u00e8re de la Culture, 2020, l\u2019Ann\u00e9e de la bande dessin\u00e9e , mais aussi l\u2019entr\u00e9e de la BD au Coll\u00e8ge de France, la d\u00e9signation d\u2019Angoul\u00eame comme \u00ab ville cr\u00e9ative \u00bb de l\u2019Unesco ou le choix de l\u2019Institut de France de comm\u00e9morer en 2024 la premi\u00e8re \u00e9dition du festival comme une date marquante de la culture fran\u00e7aise. Sans oublier le dynamisme sans \u00e9gal dont fait preuve la Cit\u00e9 internationale de la bande dessin\u00e9e et de l\u2019image, \u00e0 Angoul\u00eame.<\/p>\n<h2>Le sport, le corps, le mouvement<\/h2>\n<div class=\"align-left ez-embed-type-image\">\n<div class=\"story\">\n<div class=\"cls rs_skip\">\n<figure role=\"figure\" aria-label=\"\u00a9 Lorenzo Mattotti\" class=\"attribute-picture \"> <img decoding=\"async\" src=\"https:\/\/www.temples-de-nubie.fr\/blog\/wp-content\/uploads\/2024\/01\/le-festival-international-de-bande-dessinee-dangouleme-un-evenement-a-ne-pas-manquer-2.jpg\" alt=\"Mattotti-1-l'art-de-courir.jpg\" class=\" alias_Moyenne_360x440 \" data-height=\"233 \" data-width=\"360 \"><figcaption>\n<\/figcaption><\/figure>\n<\/div>\n<\/div>\n<\/div>\n<p>Alors que se profile Paris 2024, le festival de BD ne pouvait pas manquer de c\u00e9l\u00e9brer le corps, le sport et le mouvement. C\u00f4t\u00e9 expositions, on signalera la pr\u00e9sentation au mus\u00e9e d\u2019Angoul\u00eame du 25 janvier au 10 mars de \u00ab L\u2019art de courir. Attraper la course \u00bb du g\u00e9nial dessinateur italien Lorenzo Mattotti. Accompagn\u00e9 de fictions incandescentes sign\u00e9es Maria Pourchet, l\u2019exposition, labellis\u00e9e Olympiade Culturelle, explore, en une centaine de dessins, la geste imm\u00e9moriale du coureur, qui, depuis la nuit des temps, arpente la terre, de l\u2019humus des for\u00eats au bitume des grandes villes. Splendide. A signaler aussi, \u00ab La ligne de d\u00e9part \u00bb, une exposition in\u00e9dite pr\u00e9sent\u00e9e du 25 au 28 \u00e0 l\u2019Espace Nouvelle Cr\u00e9ation, qui rassemble une performance in\u00e9dite de quatre jeunes talents : Nina Lechartier, J\u00e9r\u00e9my Perrodeau, Chlo\u00e9 Wary et Lisa Blumen : chacun devra cr\u00e9er sa propre ligne de d\u00e9part dans une \u00ab course sportive, prise au c\u0153ur d\u2019une narration et de formats libres \u00bb. A voir.<\/p>\n<p>C\u00f4t\u00e9 \u00e9dition, de nombreux albums traitent du th\u00e8me du sport, dont <em>La balade <\/em>de Simon Boileau et Florent Pierre, prix Ren\u00e9 Goscinny du meilleur jeune sc\u00e9nariste du festival de bande dessin\u00e9e d\u2019Angoul\u00eame. Cet album raconte une \u00e9chapp\u00e9e belle \u00e0 v\u00e9lo de deux amis \u00e0 travers la France. <\/p>\n<\/p><\/div>\n<p> Ce paragraphe parlant du sujet \u00ab\u00a0Temples de Nubie.\u00a0\u00bb a \u00e9t\u00e9 tri\u00e9 sur le web par les r\u00e9dacteurs de temples-de-nubie.fr. temples-de-nubie.fr est blog d&rsquo;information qui conserve des nouvelles publi\u00e9es sur le net dont le sujet central est \u00ab\u00a0Temples de Nubie.\u00a0\u00bb. La chronique se veut produite du mieux possible. Dans la mesure o\u00f9 vous d\u00e9sirez pr\u00e9senter des informations suppl\u00e9mentaires \u00e0 cet article sur le sujet \u00ab\u00a0Temples de Nubie.\u00a0\u00bb vous pouvez utiliser les coordonn\u00e9es affich\u00e9es sur ce site web. Il y a de pr\u00e9vu divers travaux autour du sujet \u00ab\u00a0Temples de Nubie.\u00a0\u00bb dans les jours \u00e0 venir, on vous invite \u00e0 naviguer sur notre site web \u00e0 plusieurs reprises.<\/p>\n","protected":false},"excerpt":{"rendered":"<p>c L\u2019\u00e9dition 2023 du festival international de bande dessin\u00e9e d\u2019Angoul\u00eame \u00a9 Yohann Bonnet \/ AFP Pour son cinquanti\u00e8me anniversaire, le festival international de bande dessin\u00e9e d\u2019Angoul\u00eame, qui s\u2019ouvre au public jeudi 25 janvier, a mis les petits plats dans les grands. Qu\u2019on en juge : outre des prix prestigieux, qui r\u00e9compenseront le meilleur de la [&hellip;]<\/p>\n","protected":false},"author":3,"featured_media":92,"comment_status":"closed","ping_status":"closed","sticky":false,"template":"","format":"standard","meta":{"footnotes":""},"categories":[4],"tags":[],"class_list":["post-91","post","type-post","status-publish","format-standard","has-post-thumbnail","hentry","category-informations-theme-temples-de-nubie"],"yoast_head":"<!-- This site is optimized with the Yoast SEO plugin v27.5 - https:\/\/yoast.com\/product\/yoast-seo-wordpress\/ -->\n<title>Le festival international de bande dessin\u00e9e d\u2019Angoul\u00eame, un \u00e9v\u00e9nement \u00e0 ne pas manquer - TEMPLES-DE-NUBIE<\/title>\n<meta name=\"robots\" content=\"index, follow, max-snippet:-1, max-image-preview:large, max-video-preview:-1\" \/>\n<link rel=\"canonical\" href=\"https:\/\/www.temples-de-nubie.fr\/blog\/le-festival-international-de-bande-dessinee-dangouleme-un-evenement-a-ne-pas-manquer\/\" \/>\n<meta property=\"og:locale\" content=\"fr_FR\" \/>\n<meta property=\"og:type\" content=\"article\" \/>\n<meta property=\"og:title\" content=\"Le festival international de bande dessin\u00e9e d\u2019Angoul\u00eame, un \u00e9v\u00e9nement \u00e0 ne pas manquer - TEMPLES-DE-NUBIE\" \/>\n<meta property=\"og:description\" content=\"c L\u2019\u00e9dition 2023 du festival international de bande dessin\u00e9e d\u2019Angoul\u00eame \u00a9 Yohann Bonnet \/ AFP Pour son cinquanti\u00e8me anniversaire, le festival international de bande dessin\u00e9e d\u2019Angoul\u00eame, qui s\u2019ouvre au public jeudi 25 janvier, a mis les petits plats dans les grands. Qu\u2019on en juge : outre des prix prestigieux, qui r\u00e9compenseront le meilleur de la [&hellip;]\" \/>\n<meta property=\"og:url\" content=\"https:\/\/www.temples-de-nubie.fr\/blog\/le-festival-international-de-bande-dessinee-dangouleme-un-evenement-a-ne-pas-manquer\/\" \/>\n<meta property=\"og:site_name\" content=\"TEMPLES-DE-NUBIE\" \/>\n<meta property=\"article:published_time\" content=\"2024-01-24T11:36:27+00:00\" \/>\n<meta property=\"og:image\" content=\"https:\/\/www.temples-de-nubie.fr\/blog\/wp-content\/uploads\/2024\/01\/le-festival-international-de-bande-dessinee-dangouleme-un-evenement-a-ne-pas-manquer.jpg\" \/>\n<meta name=\"author\" content=\"Johana RIVET\" \/>\n<meta name=\"twitter:card\" content=\"summary_large_image\" \/>\n<meta name=\"twitter:label1\" content=\"\u00c9crit par\" \/>\n\t<meta name=\"twitter:data1\" content=\"Johana RIVET\" \/>\n\t<meta name=\"twitter:label2\" content=\"Dur\u00e9e de lecture estim\u00e9e\" \/>\n\t<meta name=\"twitter:data2\" content=\"4 minutes\" \/>\n<script type=\"application\/ld+json\" class=\"yoast-schema-graph\">{\"@context\":\"https:\\\/\\\/schema.org\",\"@graph\":[{\"@type\":\"Article\",\"@id\":\"https:\\\/\\\/www.temples-de-nubie.fr\\\/blog\\\/le-festival-international-de-bande-dessinee-dangouleme-un-evenement-a-ne-pas-manquer\\\/#article\",\"isPartOf\":{\"@id\":\"https:\\\/\\\/www.temples-de-nubie.fr\\\/blog\\\/le-festival-international-de-bande-dessinee-dangouleme-un-evenement-a-ne-pas-manquer\\\/\"},\"author\":{\"name\":\"Johana RIVET\",\"@id\":\"https:\\\/\\\/www.temples-de-nubie.fr\\\/blog\\\/#\\\/schema\\\/person\\\/dc169e68726228008f8559d372397a09\"},\"headline\":\"Le festival international de bande dessin\u00e9e d\u2019Angoul\u00eame, un \u00e9v\u00e9nement \u00e0 ne pas manquer\",\"datePublished\":\"2024-01-24T11:36:27+00:00\",\"mainEntityOfPage\":{\"@id\":\"https:\\\/\\\/www.temples-de-nubie.fr\\\/blog\\\/le-festival-international-de-bande-dessinee-dangouleme-un-evenement-a-ne-pas-manquer\\\/\"},\"wordCount\":789,\"publisher\":{\"@id\":\"https:\\\/\\\/www.temples-de-nubie.fr\\\/blog\\\/#organization\"},\"image\":{\"@id\":\"https:\\\/\\\/www.temples-de-nubie.fr\\\/blog\\\/le-festival-international-de-bande-dessinee-dangouleme-un-evenement-a-ne-pas-manquer\\\/#primaryimage\"},\"thumbnailUrl\":\"https:\\\/\\\/www.temples-de-nubie.fr\\\/blog\\\/wp-content\\\/uploads\\\/2024\\\/01\\\/le-festival-international-de-bande-dessinee-dangouleme-un-evenement-a-ne-pas-manquer.jpg\",\"articleSection\":[\"Informations Th\u00e8me Temples De Nubie.:\"],\"inLanguage\":\"fr-FR\"},{\"@type\":\"WebPage\",\"@id\":\"https:\\\/\\\/www.temples-de-nubie.fr\\\/blog\\\/le-festival-international-de-bande-dessinee-dangouleme-un-evenement-a-ne-pas-manquer\\\/\",\"url\":\"https:\\\/\\\/www.temples-de-nubie.fr\\\/blog\\\/le-festival-international-de-bande-dessinee-dangouleme-un-evenement-a-ne-pas-manquer\\\/\",\"name\":\"Le festival international de bande dessin\u00e9e d\u2019Angoul\u00eame, un \u00e9v\u00e9nement \u00e0 ne pas manquer - TEMPLES-DE-NUBIE\",\"isPartOf\":{\"@id\":\"https:\\\/\\\/www.temples-de-nubie.fr\\\/blog\\\/#website\"},\"primaryImageOfPage\":{\"@id\":\"https:\\\/\\\/www.temples-de-nubie.fr\\\/blog\\\/le-festival-international-de-bande-dessinee-dangouleme-un-evenement-a-ne-pas-manquer\\\/#primaryimage\"},\"image\":{\"@id\":\"https:\\\/\\\/www.temples-de-nubie.fr\\\/blog\\\/le-festival-international-de-bande-dessinee-dangouleme-un-evenement-a-ne-pas-manquer\\\/#primaryimage\"},\"thumbnailUrl\":\"https:\\\/\\\/www.temples-de-nubie.fr\\\/blog\\\/wp-content\\\/uploads\\\/2024\\\/01\\\/le-festival-international-de-bande-dessinee-dangouleme-un-evenement-a-ne-pas-manquer.jpg\",\"datePublished\":\"2024-01-24T11:36:27+00:00\",\"breadcrumb\":{\"@id\":\"https:\\\/\\\/www.temples-de-nubie.fr\\\/blog\\\/le-festival-international-de-bande-dessinee-dangouleme-un-evenement-a-ne-pas-manquer\\\/#breadcrumb\"},\"inLanguage\":\"fr-FR\",\"potentialAction\":[{\"@type\":\"ReadAction\",\"target\":[\"https:\\\/\\\/www.temples-de-nubie.fr\\\/blog\\\/le-festival-international-de-bande-dessinee-dangouleme-un-evenement-a-ne-pas-manquer\\\/\"]}]},{\"@type\":\"ImageObject\",\"inLanguage\":\"fr-FR\",\"@id\":\"https:\\\/\\\/www.temples-de-nubie.fr\\\/blog\\\/le-festival-international-de-bande-dessinee-dangouleme-un-evenement-a-ne-pas-manquer\\\/#primaryimage\",\"url\":\"https:\\\/\\\/www.temples-de-nubie.fr\\\/blog\\\/wp-content\\\/uploads\\\/2024\\\/01\\\/le-festival-international-de-bande-dessinee-dangouleme-un-evenement-a-ne-pas-manquer.jpg\",\"contentUrl\":\"https:\\\/\\\/www.temples-de-nubie.fr\\\/blog\\\/wp-content\\\/uploads\\\/2024\\\/01\\\/le-festival-international-de-bande-dessinee-dangouleme-un-evenement-a-ne-pas-manquer.jpg\",\"width\":360,\"height\":240},{\"@type\":\"BreadcrumbList\",\"@id\":\"https:\\\/\\\/www.temples-de-nubie.fr\\\/blog\\\/le-festival-international-de-bande-dessinee-dangouleme-un-evenement-a-ne-pas-manquer\\\/#breadcrumb\",\"itemListElement\":[{\"@type\":\"ListItem\",\"position\":1,\"name\":\"Accueil\",\"item\":\"https:\\\/\\\/www.temples-de-nubie.fr\\\/blog\\\/\"},{\"@type\":\"ListItem\",\"position\":2,\"name\":\"Le festival international de bande dessin\u00e9e d\u2019Angoul\u00eame, un \u00e9v\u00e9nement \u00e0 ne pas manquer\"}]},{\"@type\":\"WebSite\",\"@id\":\"https:\\\/\\\/www.temples-de-nubie.fr\\\/blog\\\/#website\",\"url\":\"https:\\\/\\\/www.temples-de-nubie.fr\\\/blog\\\/\",\"name\":\"TEMPLES-DE-NUBIE\",\"description\":\"Temples de Nubie.; conservations ressources, \u00e0 savoir et retenir.\",\"publisher\":{\"@id\":\"https:\\\/\\\/www.temples-de-nubie.fr\\\/blog\\\/#organization\"},\"potentialAction\":[{\"@type\":\"SearchAction\",\"target\":{\"@type\":\"EntryPoint\",\"urlTemplate\":\"https:\\\/\\\/www.temples-de-nubie.fr\\\/blog\\\/?s={search_term_string}\"},\"query-input\":{\"@type\":\"PropertyValueSpecification\",\"valueRequired\":true,\"valueName\":\"search_term_string\"}}],\"inLanguage\":\"fr-FR\"},{\"@type\":\"Organization\",\"@id\":\"https:\\\/\\\/www.temples-de-nubie.fr\\\/blog\\\/#organization\",\"name\":\"temples-de-nubie\",\"url\":\"https:\\\/\\\/www.temples-de-nubie.fr\\\/blog\\\/\",\"logo\":{\"@type\":\"ImageObject\",\"inLanguage\":\"fr-FR\",\"@id\":\"https:\\\/\\\/www.temples-de-nubie.fr\\\/blog\\\/#\\\/schema\\\/logo\\\/image\\\/\",\"url\":\"https:\\\/\\\/www.temples-de-nubie.fr\\\/blog\\\/wp-content\\\/uploads\\\/2023\\\/09\\\/cropped-temple-2.jpg\",\"contentUrl\":\"https:\\\/\\\/www.temples-de-nubie.fr\\\/blog\\\/wp-content\\\/uploads\\\/2023\\\/09\\\/cropped-temple-2.jpg\",\"width\":971,\"height\":170,\"caption\":\"temples-de-nubie\"},\"image\":{\"@id\":\"https:\\\/\\\/www.temples-de-nubie.fr\\\/blog\\\/#\\\/schema\\\/logo\\\/image\\\/\"}},{\"@type\":\"Person\",\"@id\":\"https:\\\/\\\/www.temples-de-nubie.fr\\\/blog\\\/#\\\/schema\\\/person\\\/dc169e68726228008f8559d372397a09\",\"name\":\"Johana RIVET\",\"image\":{\"@type\":\"ImageObject\",\"inLanguage\":\"fr-FR\",\"@id\":\"https:\\\/\\\/secure.gravatar.com\\\/avatar\\\/4193b46a713fb7f0cc3d083cce5f3f81882137f825dedf603b244770965e799a?s=96&d=mm&r=g\",\"url\":\"https:\\\/\\\/secure.gravatar.com\\\/avatar\\\/4193b46a713fb7f0cc3d083cce5f3f81882137f825dedf603b244770965e799a?s=96&d=mm&r=g\",\"contentUrl\":\"https:\\\/\\\/secure.gravatar.com\\\/avatar\\\/4193b46a713fb7f0cc3d083cce5f3f81882137f825dedf603b244770965e799a?s=96&d=mm&r=g\",\"caption\":\"Johana RIVET\"},\"url\":\"https:\\\/\\\/www.temples-de-nubie.fr\\\/blog\\\/author\\\/biejohana\\\/\"}]}<\/script>\n<!-- \/ Yoast SEO plugin. -->","yoast_head_json":{"title":"Le festival international de bande dessin\u00e9e d\u2019Angoul\u00eame, un \u00e9v\u00e9nement \u00e0 ne pas manquer - TEMPLES-DE-NUBIE","robots":{"index":"index","follow":"follow","max-snippet":"max-snippet:-1","max-image-preview":"max-image-preview:large","max-video-preview":"max-video-preview:-1"},"canonical":"https:\/\/www.temples-de-nubie.fr\/blog\/le-festival-international-de-bande-dessinee-dangouleme-un-evenement-a-ne-pas-manquer\/","og_locale":"fr_FR","og_type":"article","og_title":"Le festival international de bande dessin\u00e9e d\u2019Angoul\u00eame, un \u00e9v\u00e9nement \u00e0 ne pas manquer - TEMPLES-DE-NUBIE","og_description":"c L\u2019\u00e9dition 2023 du festival international de bande dessin\u00e9e d\u2019Angoul\u00eame \u00a9 Yohann Bonnet \/ AFP Pour son cinquanti\u00e8me anniversaire, le festival international de bande dessin\u00e9e d\u2019Angoul\u00eame, qui s\u2019ouvre au public jeudi 25 janvier, a mis les petits plats dans les grands. Qu\u2019on en juge : outre des prix prestigieux, qui r\u00e9compenseront le meilleur de la [&hellip;]","og_url":"https:\/\/www.temples-de-nubie.fr\/blog\/le-festival-international-de-bande-dessinee-dangouleme-un-evenement-a-ne-pas-manquer\/","og_site_name":"TEMPLES-DE-NUBIE","article_published_time":"2024-01-24T11:36:27+00:00","og_image":[{"url":"https:\/\/www.temples-de-nubie.fr\/blog\/wp-content\/uploads\/2024\/01\/le-festival-international-de-bande-dessinee-dangouleme-un-evenement-a-ne-pas-manquer.jpg","type":"","width":"","height":""}],"author":"Johana RIVET","twitter_card":"summary_large_image","twitter_misc":{"\u00c9crit par":"Johana RIVET","Dur\u00e9e de lecture estim\u00e9e":"4 minutes"},"schema":{"@context":"https:\/\/schema.org","@graph":[{"@type":"Article","@id":"https:\/\/www.temples-de-nubie.fr\/blog\/le-festival-international-de-bande-dessinee-dangouleme-un-evenement-a-ne-pas-manquer\/#article","isPartOf":{"@id":"https:\/\/www.temples-de-nubie.fr\/blog\/le-festival-international-de-bande-dessinee-dangouleme-un-evenement-a-ne-pas-manquer\/"},"author":{"name":"Johana RIVET","@id":"https:\/\/www.temples-de-nubie.fr\/blog\/#\/schema\/person\/dc169e68726228008f8559d372397a09"},"headline":"Le festival international de bande dessin\u00e9e d\u2019Angoul\u00eame, un \u00e9v\u00e9nement \u00e0 ne pas manquer","datePublished":"2024-01-24T11:36:27+00:00","mainEntityOfPage":{"@id":"https:\/\/www.temples-de-nubie.fr\/blog\/le-festival-international-de-bande-dessinee-dangouleme-un-evenement-a-ne-pas-manquer\/"},"wordCount":789,"publisher":{"@id":"https:\/\/www.temples-de-nubie.fr\/blog\/#organization"},"image":{"@id":"https:\/\/www.temples-de-nubie.fr\/blog\/le-festival-international-de-bande-dessinee-dangouleme-un-evenement-a-ne-pas-manquer\/#primaryimage"},"thumbnailUrl":"https:\/\/www.temples-de-nubie.fr\/blog\/wp-content\/uploads\/2024\/01\/le-festival-international-de-bande-dessinee-dangouleme-un-evenement-a-ne-pas-manquer.jpg","articleSection":["Informations Th\u00e8me Temples De Nubie.:"],"inLanguage":"fr-FR"},{"@type":"WebPage","@id":"https:\/\/www.temples-de-nubie.fr\/blog\/le-festival-international-de-bande-dessinee-dangouleme-un-evenement-a-ne-pas-manquer\/","url":"https:\/\/www.temples-de-nubie.fr\/blog\/le-festival-international-de-bande-dessinee-dangouleme-un-evenement-a-ne-pas-manquer\/","name":"Le festival international de bande dessin\u00e9e d\u2019Angoul\u00eame, un \u00e9v\u00e9nement \u00e0 ne pas manquer - TEMPLES-DE-NUBIE","isPartOf":{"@id":"https:\/\/www.temples-de-nubie.fr\/blog\/#website"},"primaryImageOfPage":{"@id":"https:\/\/www.temples-de-nubie.fr\/blog\/le-festival-international-de-bande-dessinee-dangouleme-un-evenement-a-ne-pas-manquer\/#primaryimage"},"image":{"@id":"https:\/\/www.temples-de-nubie.fr\/blog\/le-festival-international-de-bande-dessinee-dangouleme-un-evenement-a-ne-pas-manquer\/#primaryimage"},"thumbnailUrl":"https:\/\/www.temples-de-nubie.fr\/blog\/wp-content\/uploads\/2024\/01\/le-festival-international-de-bande-dessinee-dangouleme-un-evenement-a-ne-pas-manquer.jpg","datePublished":"2024-01-24T11:36:27+00:00","breadcrumb":{"@id":"https:\/\/www.temples-de-nubie.fr\/blog\/le-festival-international-de-bande-dessinee-dangouleme-un-evenement-a-ne-pas-manquer\/#breadcrumb"},"inLanguage":"fr-FR","potentialAction":[{"@type":"ReadAction","target":["https:\/\/www.temples-de-nubie.fr\/blog\/le-festival-international-de-bande-dessinee-dangouleme-un-evenement-a-ne-pas-manquer\/"]}]},{"@type":"ImageObject","inLanguage":"fr-FR","@id":"https:\/\/www.temples-de-nubie.fr\/blog\/le-festival-international-de-bande-dessinee-dangouleme-un-evenement-a-ne-pas-manquer\/#primaryimage","url":"https:\/\/www.temples-de-nubie.fr\/blog\/wp-content\/uploads\/2024\/01\/le-festival-international-de-bande-dessinee-dangouleme-un-evenement-a-ne-pas-manquer.jpg","contentUrl":"https:\/\/www.temples-de-nubie.fr\/blog\/wp-content\/uploads\/2024\/01\/le-festival-international-de-bande-dessinee-dangouleme-un-evenement-a-ne-pas-manquer.jpg","width":360,"height":240},{"@type":"BreadcrumbList","@id":"https:\/\/www.temples-de-nubie.fr\/blog\/le-festival-international-de-bande-dessinee-dangouleme-un-evenement-a-ne-pas-manquer\/#breadcrumb","itemListElement":[{"@type":"ListItem","position":1,"name":"Accueil","item":"https:\/\/www.temples-de-nubie.fr\/blog\/"},{"@type":"ListItem","position":2,"name":"Le festival international de bande dessin\u00e9e d\u2019Angoul\u00eame, un \u00e9v\u00e9nement \u00e0 ne pas manquer"}]},{"@type":"WebSite","@id":"https:\/\/www.temples-de-nubie.fr\/blog\/#website","url":"https:\/\/www.temples-de-nubie.fr\/blog\/","name":"TEMPLES-DE-NUBIE","description":"Temples de Nubie.; conservations ressources, \u00e0 savoir et retenir.","publisher":{"@id":"https:\/\/www.temples-de-nubie.fr\/blog\/#organization"},"potentialAction":[{"@type":"SearchAction","target":{"@type":"EntryPoint","urlTemplate":"https:\/\/www.temples-de-nubie.fr\/blog\/?s={search_term_string}"},"query-input":{"@type":"PropertyValueSpecification","valueRequired":true,"valueName":"search_term_string"}}],"inLanguage":"fr-FR"},{"@type":"Organization","@id":"https:\/\/www.temples-de-nubie.fr\/blog\/#organization","name":"temples-de-nubie","url":"https:\/\/www.temples-de-nubie.fr\/blog\/","logo":{"@type":"ImageObject","inLanguage":"fr-FR","@id":"https:\/\/www.temples-de-nubie.fr\/blog\/#\/schema\/logo\/image\/","url":"https:\/\/www.temples-de-nubie.fr\/blog\/wp-content\/uploads\/2023\/09\/cropped-temple-2.jpg","contentUrl":"https:\/\/www.temples-de-nubie.fr\/blog\/wp-content\/uploads\/2023\/09\/cropped-temple-2.jpg","width":971,"height":170,"caption":"temples-de-nubie"},"image":{"@id":"https:\/\/www.temples-de-nubie.fr\/blog\/#\/schema\/logo\/image\/"}},{"@type":"Person","@id":"https:\/\/www.temples-de-nubie.fr\/blog\/#\/schema\/person\/dc169e68726228008f8559d372397a09","name":"Johana RIVET","image":{"@type":"ImageObject","inLanguage":"fr-FR","@id":"https:\/\/secure.gravatar.com\/avatar\/4193b46a713fb7f0cc3d083cce5f3f81882137f825dedf603b244770965e799a?s=96&d=mm&r=g","url":"https:\/\/secure.gravatar.com\/avatar\/4193b46a713fb7f0cc3d083cce5f3f81882137f825dedf603b244770965e799a?s=96&d=mm&r=g","contentUrl":"https:\/\/secure.gravatar.com\/avatar\/4193b46a713fb7f0cc3d083cce5f3f81882137f825dedf603b244770965e799a?s=96&d=mm&r=g","caption":"Johana RIVET"},"url":"https:\/\/www.temples-de-nubie.fr\/blog\/author\/biejohana\/"}]}},"_links":{"self":[{"href":"https:\/\/www.temples-de-nubie.fr\/blog\/wp-json\/wp\/v2\/posts\/91","targetHints":{"allow":["GET"]}}],"collection":[{"href":"https:\/\/www.temples-de-nubie.fr\/blog\/wp-json\/wp\/v2\/posts"}],"about":[{"href":"https:\/\/www.temples-de-nubie.fr\/blog\/wp-json\/wp\/v2\/types\/post"}],"author":[{"embeddable":true,"href":"https:\/\/www.temples-de-nubie.fr\/blog\/wp-json\/wp\/v2\/users\/3"}],"replies":[{"embeddable":true,"href":"https:\/\/www.temples-de-nubie.fr\/blog\/wp-json\/wp\/v2\/comments?post=91"}],"version-history":[{"count":0,"href":"https:\/\/www.temples-de-nubie.fr\/blog\/wp-json\/wp\/v2\/posts\/91\/revisions"}],"wp:featuredmedia":[{"embeddable":true,"href":"https:\/\/www.temples-de-nubie.fr\/blog\/wp-json\/wp\/v2\/media\/92"}],"wp:attachment":[{"href":"https:\/\/www.temples-de-nubie.fr\/blog\/wp-json\/wp\/v2\/media?parent=91"}],"wp:term":[{"taxonomy":"category","embeddable":true,"href":"https:\/\/www.temples-de-nubie.fr\/blog\/wp-json\/wp\/v2\/categories?post=91"},{"taxonomy":"post_tag","embeddable":true,"href":"https:\/\/www.temples-de-nubie.fr\/blog\/wp-json\/wp\/v2\/tags?post=91"}],"curies":[{"name":"wp","href":"https:\/\/api.w.org\/{rel}","templated":true}]}}