{"id":98,"date":"2024-02-16T17:00:00","date_gmt":"2024-02-16T16:00:00","guid":{"rendered":"https:\/\/www.site.cdcl.xyz\/2024\/02\/16\/une-fresque-remarquable-decouverte-sur-un-chantier-de-renovation-dans-le-centre-de-limoges\/"},"modified":"2024-02-16T17:00:00","modified_gmt":"2024-02-16T16:00:00","slug":"une-fresque-remarquable-decouverte-sur-un-chantier-de-renovation-dans-le-centre-de-limoges","status":"publish","type":"post","link":"https:\/\/www.temples-de-nubie.fr\/blog\/une-fresque-remarquable-decouverte-sur-un-chantier-de-renovation-dans-le-centre-de-limoges\/","title":{"rendered":"Une fresque remarquable d\u00e9couverte sur un chantier de r\u00e9novation dans le centre de Limoges"},"content":{"rendered":"\n<p> Une magnifique fresque qui pourrait dater du XVIIe si\u00e8cle a \u00e9t\u00e9 mise au jour sur un chantier de r\u00e9novation priv\u00e9, dans le centre de Limoges. Un \u00e9v\u00e9nement pour les passionn\u00e9s d\u2019art, d\u2019histoire et de patrimoine. <\/p>\n<div>\n<p>\u00ab Il s\u2019agit d\u2019un mod\u00e8le de graphisme italien identique \u00e0 celui pratiqu\u00e9 par les \u00e9l\u00e8ves de l\u2019\u00e9cole de Fontainebleau. C\u2019est peut-\u00eatre l\u2019\u0153uvre de l\u2019un de ces peintres ? \u00bb, s\u2019interroge l\u2019historien et arch\u00e9ologue Jean-Pierre Loustaud.<\/p>\n<p>Depuis quelques jours, le tout Limoges de l\u2019art, de la culture, du patrimoine, des B\u00e2timents de France, est en effervescence. La mise au jour de la fresque sur un chantier priv\u00e9 dans le secteur de la place Saint-Pierre ne laisse personne indiff\u00e9rent.<\/p>\n<div class=\"c-citation-deco\">\n<p>Mes employ\u00e9s ont \u00e9t\u00e9 touch\u00e9s par la beaut\u00e9 de ces peintures.<\/p>\n<\/div>\n<p>Conseiller sur un chantier priv\u00e9, Xavier Desprat a vu appara\u00eetre dans la journ\u00e9e du vendredi 9 f\u00e9vrier, sur le plafond d\u2019un \u00e9difice priv\u00e9 en cours de r\u00e9novation, des peintures insolites, dans un \u00e9tat de conservation remarquable.<\/p>\n<p>L\u2019entrepreneur Pierre Flacassier, qui a assist\u00e9 \u00e0 cette d\u00e9couverte, n\u2019en revient toujours pas. \u00ab Je n\u2019ai jamais cela v\u00e9cu. Il nous est arriv\u00e9 de trouver des choses int\u00e9ressantes, mais l\u00e0\u2026 Mes employ\u00e9s ont \u00e9t\u00e9 touch\u00e9s par la beaut\u00e9 de ces peintures \u00bb, explique-t-il.<\/p>\n<p>Ce jeudi, Nicolas Vedelago, conservateur r\u00e9gional des Monuments Historiques, \u00c9lisabeth P\u00e9rot, architecte aux B\u00e2timents de France et Ana\u00efk Caulier, ing\u00e9nieure sp\u00e9cialis\u00e9e dans le patrimoine, se sont retrouv\u00e9s sur les lieux du chantier, pour mesurer l\u2019ampleur de cette d\u00e9couverte. Avertis depuis le d\u00e9but de la semaine, ils ont pris le temps de mener leur enqu\u00eate. Mais ils n\u2019en sont qu\u2019au d\u00e9but.<\/p>\n<h3>Une fresque de 30m\u00b2<\/h3>\n<p>Et ils n\u2019ont pas \u00e9t\u00e9 d\u00e9\u00e7us. Il est rare de trouver des fresques de cette ampleur. Celle-ci s\u2019\u00e9tend sur une trentaine de m\u00e8tres carr\u00e9s. Ces \u0153uvres racontent une histoire. Reste \u00e0 savoir laquelle. Car pour Nicolas Vedelago, les planches sur lesquelles figurent ces peintures, ont certainement \u00e9t\u00e9 d\u00e9mont\u00e9es et remplac\u00e9es dans le d\u00e9sordre.<\/p>\n<p>Il manque, \u00e0 ses yeux, des \u00e9l\u00e9ments. Il sera impossible de redonner \u00e0 cet ensemble, \u00e0 moins de trahir son auteur, son aspect d\u2019origine. \u00ab Mais on peut percevoir des all\u00e9gories th\u00e9ologales, autrement dit qui viennent de Dieu, qui illustrent quelques vertus \u00bb, rajoute Jean-Pierre Loustaud.<\/p>\n<h3>Une \u0153uvre religieuse<\/h3>\n<p>L\u00e0 encore, des recherches approfondies s\u2019imposent. Une chose est s\u00fbre, les croix et les ic\u00f4nes en t\u00e9moignent, il s\u2019agit l\u00e0 d\u2019une peinture \u00e0 caract\u00e8re religieux.<\/p>\n<p>La mairie de Limoges a, d\u00e8s vendredi, men\u00e9 sa propre enqu\u00eate. L\u2019immeuble, dans lequel les \u0153uvres se sont r\u00e9v\u00e9l\u00e9es, ne date pas du XVIIe, mais du XIXe. Mais peut-\u00eatre at-il \u00e9t\u00e9 construit en remplacement d\u2019une ancienne b\u00e2tisse, au moment de la mise en application du plan d\u2019alignement con\u00e7u par Tressaguet. Ce dernier, sollicit\u00e9 par Trugot, a particip\u00e9 \u00e0 l\u2019am\u00e9nagement de la ville. Si ces peintures sont rares aujourd\u2019hui, elles \u00e9taient, autrefois, tr\u00e8s tendance.<\/p>\n<p>Il ya eu, au XVIIe si\u00e8cle, un vrai engouement pour les peintures int\u00e9rieures. Au XIXe, elles ont \u00e9t\u00e9 recouvertes.<\/p>\n<p>Xavier Desprat, qui est en qu\u00eate de ces tr\u00e9sors, en a d\u00e9j\u00e0 trouv\u00e9 deux. Une, vers la cath\u00e9drale, chez les Compagnons, et une autre pr\u00e8s du centre-ville. Mais elles sont de bien moindre importance que celle-ci.<\/p>\n<p>Pour l\u2019heure, les sp\u00e9cialistes observent, constatent, \u00e9valuent et s\u2019interrogent sur leur avenir. Tout d\u00e9pend de ce que souhaite faire le propri\u00e9taire. Soit, il les recouvre, en prenant des soins de ne pas les d\u00e9t\u00e9riorer, et elles retomberont dans l\u2019oubli. Soit, il les met en valeur en prenant soin de bien les pr\u00e9server en les pla\u00e7ant sous une protection en verre. Les \u00e9clairages led n\u2019alt\u00e8rent en rien les couleurs et les mati\u00e8res.<\/p>\n<p><strong><em>Jean-Fran\u00e7ois Julien<\/em><\/strong><\/p>\n<\/div>\n<p> Ce paragraphe parlant du sujet \u00ab\u00a0Temples de Nubie.\u00a0\u00bb a \u00e9t\u00e9 tri\u00e9 sur le web par les r\u00e9dacteurs de temples-de-nubie.fr. temples-de-nubie.fr est blog d&rsquo;information qui conserve des nouvelles publi\u00e9es sur le net dont le sujet central est \u00ab\u00a0Temples de Nubie.\u00a0\u00bb. La chronique se veut produite du mieux possible. Dans la mesure o\u00f9 vous d\u00e9sirez pr\u00e9senter des informations suppl\u00e9mentaires \u00e0 cet article sur le sujet \u00ab\u00a0Temples de Nubie.\u00a0\u00bb vous pouvez utiliser les coordonn\u00e9es affich\u00e9es sur ce site web. Il y a de pr\u00e9vu divers travaux autour du sujet \u00ab\u00a0Temples de Nubie.\u00a0\u00bb dans les jours \u00e0 venir, on vous invite \u00e0 naviguer sur notre site web \u00e0 plusieurs reprises.<\/p>\n","protected":false},"excerpt":{"rendered":"<p>Une magnifique fresque qui pourrait dater du XVIIe si\u00e8cle a \u00e9t\u00e9 mise au jour sur un chantier de r\u00e9novation priv\u00e9, dans le centre de Limoges. Un \u00e9v\u00e9nement pour les passionn\u00e9s d\u2019art, d\u2019histoire et de patrimoine. \u00ab Il s\u2019agit d\u2019un mod\u00e8le de graphisme italien identique \u00e0 celui pratiqu\u00e9 par les \u00e9l\u00e8ves de l\u2019\u00e9cole de Fontainebleau. C\u2019est [&hellip;]<\/p>\n","protected":false},"author":3,"featured_media":0,"comment_status":"closed","ping_status":"closed","sticky":false,"template":"","format":"standard","meta":{"footnotes":""},"categories":[4],"tags":[],"class_list":["post-98","post","type-post","status-publish","format-standard","hentry","category-informations-theme-temples-de-nubie"],"yoast_head":"<!-- This site is optimized with the Yoast SEO plugin v27.5 - https:\/\/yoast.com\/product\/yoast-seo-wordpress\/ -->\n<title>Une fresque remarquable d\u00e9couverte sur un chantier de r\u00e9novation dans le centre de Limoges - TEMPLES-DE-NUBIE<\/title>\n<meta name=\"robots\" content=\"index, follow, max-snippet:-1, max-image-preview:large, max-video-preview:-1\" \/>\n<link rel=\"canonical\" href=\"https:\/\/www.temples-de-nubie.fr\/blog\/une-fresque-remarquable-decouverte-sur-un-chantier-de-renovation-dans-le-centre-de-limoges\/\" \/>\n<meta property=\"og:locale\" content=\"fr_FR\" \/>\n<meta property=\"og:type\" content=\"article\" \/>\n<meta property=\"og:title\" content=\"Une fresque remarquable d\u00e9couverte sur un chantier de r\u00e9novation dans le centre de Limoges - TEMPLES-DE-NUBIE\" \/>\n<meta property=\"og:description\" content=\"Une magnifique fresque qui pourrait dater du XVIIe si\u00e8cle a \u00e9t\u00e9 mise au jour sur un chantier de r\u00e9novation priv\u00e9, dans le centre de Limoges. Un \u00e9v\u00e9nement pour les passionn\u00e9s d\u2019art, d\u2019histoire et de patrimoine. \u00ab Il s\u2019agit d\u2019un mod\u00e8le de graphisme italien identique \u00e0 celui pratiqu\u00e9 par les \u00e9l\u00e8ves de l\u2019\u00e9cole de Fontainebleau. C\u2019est [&hellip;]\" \/>\n<meta property=\"og:url\" content=\"https:\/\/www.temples-de-nubie.fr\/blog\/une-fresque-remarquable-decouverte-sur-un-chantier-de-renovation-dans-le-centre-de-limoges\/\" \/>\n<meta property=\"og:site_name\" content=\"TEMPLES-DE-NUBIE\" \/>\n<meta property=\"article:published_time\" content=\"2024-02-16T16:00:00+00:00\" \/>\n<meta name=\"author\" content=\"Johana RIVET\" \/>\n<meta name=\"twitter:card\" content=\"summary_large_image\" \/>\n<meta name=\"twitter:label1\" content=\"\u00c9crit par\" \/>\n\t<meta name=\"twitter:data1\" content=\"Johana RIVET\" \/>\n\t<meta name=\"twitter:label2\" content=\"Dur\u00e9e de lecture estim\u00e9e\" \/>\n\t<meta name=\"twitter:data2\" content=\"4 minutes\" \/>\n<script type=\"application\/ld+json\" class=\"yoast-schema-graph\">{\"@context\":\"https:\\\/\\\/schema.org\",\"@graph\":[{\"@type\":\"Article\",\"@id\":\"https:\\\/\\\/www.temples-de-nubie.fr\\\/blog\\\/une-fresque-remarquable-decouverte-sur-un-chantier-de-renovation-dans-le-centre-de-limoges\\\/#article\",\"isPartOf\":{\"@id\":\"https:\\\/\\\/www.temples-de-nubie.fr\\\/blog\\\/une-fresque-remarquable-decouverte-sur-un-chantier-de-renovation-dans-le-centre-de-limoges\\\/\"},\"author\":{\"name\":\"Johana RIVET\",\"@id\":\"https:\\\/\\\/www.temples-de-nubie.fr\\\/blog\\\/#\\\/schema\\\/person\\\/dc169e68726228008f8559d372397a09\"},\"headline\":\"Une fresque remarquable d\u00e9couverte sur un chantier de r\u00e9novation dans le centre de Limoges\",\"datePublished\":\"2024-02-16T16:00:00+00:00\",\"mainEntityOfPage\":{\"@id\":\"https:\\\/\\\/www.temples-de-nubie.fr\\\/blog\\\/une-fresque-remarquable-decouverte-sur-un-chantier-de-renovation-dans-le-centre-de-limoges\\\/\"},\"wordCount\":814,\"publisher\":{\"@id\":\"https:\\\/\\\/www.temples-de-nubie.fr\\\/blog\\\/#organization\"},\"articleSection\":[\"Informations Th\u00e8me Temples De Nubie.:\"],\"inLanguage\":\"fr-FR\"},{\"@type\":\"WebPage\",\"@id\":\"https:\\\/\\\/www.temples-de-nubie.fr\\\/blog\\\/une-fresque-remarquable-decouverte-sur-un-chantier-de-renovation-dans-le-centre-de-limoges\\\/\",\"url\":\"https:\\\/\\\/www.temples-de-nubie.fr\\\/blog\\\/une-fresque-remarquable-decouverte-sur-un-chantier-de-renovation-dans-le-centre-de-limoges\\\/\",\"name\":\"Une fresque remarquable d\u00e9couverte sur un chantier de r\u00e9novation dans le centre de Limoges - TEMPLES-DE-NUBIE\",\"isPartOf\":{\"@id\":\"https:\\\/\\\/www.temples-de-nubie.fr\\\/blog\\\/#website\"},\"datePublished\":\"2024-02-16T16:00:00+00:00\",\"breadcrumb\":{\"@id\":\"https:\\\/\\\/www.temples-de-nubie.fr\\\/blog\\\/une-fresque-remarquable-decouverte-sur-un-chantier-de-renovation-dans-le-centre-de-limoges\\\/#breadcrumb\"},\"inLanguage\":\"fr-FR\",\"potentialAction\":[{\"@type\":\"ReadAction\",\"target\":[\"https:\\\/\\\/www.temples-de-nubie.fr\\\/blog\\\/une-fresque-remarquable-decouverte-sur-un-chantier-de-renovation-dans-le-centre-de-limoges\\\/\"]}]},{\"@type\":\"BreadcrumbList\",\"@id\":\"https:\\\/\\\/www.temples-de-nubie.fr\\\/blog\\\/une-fresque-remarquable-decouverte-sur-un-chantier-de-renovation-dans-le-centre-de-limoges\\\/#breadcrumb\",\"itemListElement\":[{\"@type\":\"ListItem\",\"position\":1,\"name\":\"Accueil\",\"item\":\"https:\\\/\\\/www.temples-de-nubie.fr\\\/blog\\\/\"},{\"@type\":\"ListItem\",\"position\":2,\"name\":\"Une fresque remarquable d\u00e9couverte sur un chantier de r\u00e9novation dans le centre de Limoges\"}]},{\"@type\":\"WebSite\",\"@id\":\"https:\\\/\\\/www.temples-de-nubie.fr\\\/blog\\\/#website\",\"url\":\"https:\\\/\\\/www.temples-de-nubie.fr\\\/blog\\\/\",\"name\":\"TEMPLES-DE-NUBIE\",\"description\":\"Temples de Nubie.; conservations ressources, \u00e0 savoir et retenir.\",\"publisher\":{\"@id\":\"https:\\\/\\\/www.temples-de-nubie.fr\\\/blog\\\/#organization\"},\"potentialAction\":[{\"@type\":\"SearchAction\",\"target\":{\"@type\":\"EntryPoint\",\"urlTemplate\":\"https:\\\/\\\/www.temples-de-nubie.fr\\\/blog\\\/?s={search_term_string}\"},\"query-input\":{\"@type\":\"PropertyValueSpecification\",\"valueRequired\":true,\"valueName\":\"search_term_string\"}}],\"inLanguage\":\"fr-FR\"},{\"@type\":\"Organization\",\"@id\":\"https:\\\/\\\/www.temples-de-nubie.fr\\\/blog\\\/#organization\",\"name\":\"temples-de-nubie\",\"url\":\"https:\\\/\\\/www.temples-de-nubie.fr\\\/blog\\\/\",\"logo\":{\"@type\":\"ImageObject\",\"inLanguage\":\"fr-FR\",\"@id\":\"https:\\\/\\\/www.temples-de-nubie.fr\\\/blog\\\/#\\\/schema\\\/logo\\\/image\\\/\",\"url\":\"https:\\\/\\\/www.temples-de-nubie.fr\\\/blog\\\/wp-content\\\/uploads\\\/2023\\\/09\\\/cropped-temple-2.jpg\",\"contentUrl\":\"https:\\\/\\\/www.temples-de-nubie.fr\\\/blog\\\/wp-content\\\/uploads\\\/2023\\\/09\\\/cropped-temple-2.jpg\",\"width\":971,\"height\":170,\"caption\":\"temples-de-nubie\"},\"image\":{\"@id\":\"https:\\\/\\\/www.temples-de-nubie.fr\\\/blog\\\/#\\\/schema\\\/logo\\\/image\\\/\"}},{\"@type\":\"Person\",\"@id\":\"https:\\\/\\\/www.temples-de-nubie.fr\\\/blog\\\/#\\\/schema\\\/person\\\/dc169e68726228008f8559d372397a09\",\"name\":\"Johana RIVET\",\"image\":{\"@type\":\"ImageObject\",\"inLanguage\":\"fr-FR\",\"@id\":\"https:\\\/\\\/secure.gravatar.com\\\/avatar\\\/4193b46a713fb7f0cc3d083cce5f3f81882137f825dedf603b244770965e799a?s=96&d=mm&r=g\",\"url\":\"https:\\\/\\\/secure.gravatar.com\\\/avatar\\\/4193b46a713fb7f0cc3d083cce5f3f81882137f825dedf603b244770965e799a?s=96&d=mm&r=g\",\"contentUrl\":\"https:\\\/\\\/secure.gravatar.com\\\/avatar\\\/4193b46a713fb7f0cc3d083cce5f3f81882137f825dedf603b244770965e799a?s=96&d=mm&r=g\",\"caption\":\"Johana RIVET\"},\"url\":\"https:\\\/\\\/www.temples-de-nubie.fr\\\/blog\\\/author\\\/biejohana\\\/\"}]}<\/script>\n<!-- \/ Yoast SEO plugin. -->","yoast_head_json":{"title":"Une fresque remarquable d\u00e9couverte sur un chantier de r\u00e9novation dans le centre de Limoges - TEMPLES-DE-NUBIE","robots":{"index":"index","follow":"follow","max-snippet":"max-snippet:-1","max-image-preview":"max-image-preview:large","max-video-preview":"max-video-preview:-1"},"canonical":"https:\/\/www.temples-de-nubie.fr\/blog\/une-fresque-remarquable-decouverte-sur-un-chantier-de-renovation-dans-le-centre-de-limoges\/","og_locale":"fr_FR","og_type":"article","og_title":"Une fresque remarquable d\u00e9couverte sur un chantier de r\u00e9novation dans le centre de Limoges - TEMPLES-DE-NUBIE","og_description":"Une magnifique fresque qui pourrait dater du XVIIe si\u00e8cle a \u00e9t\u00e9 mise au jour sur un chantier de r\u00e9novation priv\u00e9, dans le centre de Limoges. Un \u00e9v\u00e9nement pour les passionn\u00e9s d\u2019art, d\u2019histoire et de patrimoine. \u00ab Il s\u2019agit d\u2019un mod\u00e8le de graphisme italien identique \u00e0 celui pratiqu\u00e9 par les \u00e9l\u00e8ves de l\u2019\u00e9cole de Fontainebleau. C\u2019est [&hellip;]","og_url":"https:\/\/www.temples-de-nubie.fr\/blog\/une-fresque-remarquable-decouverte-sur-un-chantier-de-renovation-dans-le-centre-de-limoges\/","og_site_name":"TEMPLES-DE-NUBIE","article_published_time":"2024-02-16T16:00:00+00:00","author":"Johana RIVET","twitter_card":"summary_large_image","twitter_misc":{"\u00c9crit par":"Johana RIVET","Dur\u00e9e de lecture estim\u00e9e":"4 minutes"},"schema":{"@context":"https:\/\/schema.org","@graph":[{"@type":"Article","@id":"https:\/\/www.temples-de-nubie.fr\/blog\/une-fresque-remarquable-decouverte-sur-un-chantier-de-renovation-dans-le-centre-de-limoges\/#article","isPartOf":{"@id":"https:\/\/www.temples-de-nubie.fr\/blog\/une-fresque-remarquable-decouverte-sur-un-chantier-de-renovation-dans-le-centre-de-limoges\/"},"author":{"name":"Johana RIVET","@id":"https:\/\/www.temples-de-nubie.fr\/blog\/#\/schema\/person\/dc169e68726228008f8559d372397a09"},"headline":"Une fresque remarquable d\u00e9couverte sur un chantier de r\u00e9novation dans le centre de Limoges","datePublished":"2024-02-16T16:00:00+00:00","mainEntityOfPage":{"@id":"https:\/\/www.temples-de-nubie.fr\/blog\/une-fresque-remarquable-decouverte-sur-un-chantier-de-renovation-dans-le-centre-de-limoges\/"},"wordCount":814,"publisher":{"@id":"https:\/\/www.temples-de-nubie.fr\/blog\/#organization"},"articleSection":["Informations Th\u00e8me Temples De Nubie.:"],"inLanguage":"fr-FR"},{"@type":"WebPage","@id":"https:\/\/www.temples-de-nubie.fr\/blog\/une-fresque-remarquable-decouverte-sur-un-chantier-de-renovation-dans-le-centre-de-limoges\/","url":"https:\/\/www.temples-de-nubie.fr\/blog\/une-fresque-remarquable-decouverte-sur-un-chantier-de-renovation-dans-le-centre-de-limoges\/","name":"Une fresque remarquable d\u00e9couverte sur un chantier de r\u00e9novation dans le centre de Limoges - TEMPLES-DE-NUBIE","isPartOf":{"@id":"https:\/\/www.temples-de-nubie.fr\/blog\/#website"},"datePublished":"2024-02-16T16:00:00+00:00","breadcrumb":{"@id":"https:\/\/www.temples-de-nubie.fr\/blog\/une-fresque-remarquable-decouverte-sur-un-chantier-de-renovation-dans-le-centre-de-limoges\/#breadcrumb"},"inLanguage":"fr-FR","potentialAction":[{"@type":"ReadAction","target":["https:\/\/www.temples-de-nubie.fr\/blog\/une-fresque-remarquable-decouverte-sur-un-chantier-de-renovation-dans-le-centre-de-limoges\/"]}]},{"@type":"BreadcrumbList","@id":"https:\/\/www.temples-de-nubie.fr\/blog\/une-fresque-remarquable-decouverte-sur-un-chantier-de-renovation-dans-le-centre-de-limoges\/#breadcrumb","itemListElement":[{"@type":"ListItem","position":1,"name":"Accueil","item":"https:\/\/www.temples-de-nubie.fr\/blog\/"},{"@type":"ListItem","position":2,"name":"Une fresque remarquable d\u00e9couverte sur un chantier de r\u00e9novation dans le centre de Limoges"}]},{"@type":"WebSite","@id":"https:\/\/www.temples-de-nubie.fr\/blog\/#website","url":"https:\/\/www.temples-de-nubie.fr\/blog\/","name":"TEMPLES-DE-NUBIE","description":"Temples de Nubie.; conservations ressources, \u00e0 savoir et retenir.","publisher":{"@id":"https:\/\/www.temples-de-nubie.fr\/blog\/#organization"},"potentialAction":[{"@type":"SearchAction","target":{"@type":"EntryPoint","urlTemplate":"https:\/\/www.temples-de-nubie.fr\/blog\/?s={search_term_string}"},"query-input":{"@type":"PropertyValueSpecification","valueRequired":true,"valueName":"search_term_string"}}],"inLanguage":"fr-FR"},{"@type":"Organization","@id":"https:\/\/www.temples-de-nubie.fr\/blog\/#organization","name":"temples-de-nubie","url":"https:\/\/www.temples-de-nubie.fr\/blog\/","logo":{"@type":"ImageObject","inLanguage":"fr-FR","@id":"https:\/\/www.temples-de-nubie.fr\/blog\/#\/schema\/logo\/image\/","url":"https:\/\/www.temples-de-nubie.fr\/blog\/wp-content\/uploads\/2023\/09\/cropped-temple-2.jpg","contentUrl":"https:\/\/www.temples-de-nubie.fr\/blog\/wp-content\/uploads\/2023\/09\/cropped-temple-2.jpg","width":971,"height":170,"caption":"temples-de-nubie"},"image":{"@id":"https:\/\/www.temples-de-nubie.fr\/blog\/#\/schema\/logo\/image\/"}},{"@type":"Person","@id":"https:\/\/www.temples-de-nubie.fr\/blog\/#\/schema\/person\/dc169e68726228008f8559d372397a09","name":"Johana RIVET","image":{"@type":"ImageObject","inLanguage":"fr-FR","@id":"https:\/\/secure.gravatar.com\/avatar\/4193b46a713fb7f0cc3d083cce5f3f81882137f825dedf603b244770965e799a?s=96&d=mm&r=g","url":"https:\/\/secure.gravatar.com\/avatar\/4193b46a713fb7f0cc3d083cce5f3f81882137f825dedf603b244770965e799a?s=96&d=mm&r=g","contentUrl":"https:\/\/secure.gravatar.com\/avatar\/4193b46a713fb7f0cc3d083cce5f3f81882137f825dedf603b244770965e799a?s=96&d=mm&r=g","caption":"Johana RIVET"},"url":"https:\/\/www.temples-de-nubie.fr\/blog\/author\/biejohana\/"}]}},"_links":{"self":[{"href":"https:\/\/www.temples-de-nubie.fr\/blog\/wp-json\/wp\/v2\/posts\/98","targetHints":{"allow":["GET"]}}],"collection":[{"href":"https:\/\/www.temples-de-nubie.fr\/blog\/wp-json\/wp\/v2\/posts"}],"about":[{"href":"https:\/\/www.temples-de-nubie.fr\/blog\/wp-json\/wp\/v2\/types\/post"}],"author":[{"embeddable":true,"href":"https:\/\/www.temples-de-nubie.fr\/blog\/wp-json\/wp\/v2\/users\/3"}],"replies":[{"embeddable":true,"href":"https:\/\/www.temples-de-nubie.fr\/blog\/wp-json\/wp\/v2\/comments?post=98"}],"version-history":[{"count":0,"href":"https:\/\/www.temples-de-nubie.fr\/blog\/wp-json\/wp\/v2\/posts\/98\/revisions"}],"wp:attachment":[{"href":"https:\/\/www.temples-de-nubie.fr\/blog\/wp-json\/wp\/v2\/media?parent=98"}],"wp:term":[{"taxonomy":"category","embeddable":true,"href":"https:\/\/www.temples-de-nubie.fr\/blog\/wp-json\/wp\/v2\/categories?post=98"},{"taxonomy":"post_tag","embeddable":true,"href":"https:\/\/www.temples-de-nubie.fr\/blog\/wp-json\/wp\/v2\/tags?post=98"}],"curies":[{"name":"wp","href":"https:\/\/api.w.org\/{rel}","templated":true}]}}